{"id":125001,"date":"2025-09-19T10:45:10","date_gmt":"2025-09-19T10:45:10","guid":{"rendered":"https:\/\/www.europesays.com\/es\/125001\/"},"modified":"2025-09-19T10:45:10","modified_gmt":"2025-09-19T10:45:10","slug":"intrahistoria-f1-amigos-y-enemigos-en-baku","status":"publish","type":"post","link":"https:\/\/www.europesays.com\/es\/125001\/","title":{"rendered":"Intrahistoria F1: amigos y enemigos en Bak\u00fa"},"content":{"rendered":"<p>La capital de Azerbaiy\u00e1n ha sido testigo de varios roces entre compa\u00f1eros de equipo<\/p>\n<p><strong>La actuaci\u00f3n de McLaren en el \u00faltimo <a href=\"https:\/\/elgeneracionalpost.com\/deportes\/f1\/2025\/0905\/236225\/intrahistoria-f1-monza-la-casa-de-los-tifosi.html\" rel=\"nofollow noopener\" target=\"_blank\">gran premio de Italia<\/a><\/strong> <strong>y su af\u00e1n por evitar batallas entre sus dos pilotos, \u00fanicos candidatos al mundial, han abierto de nuevo el debate de las \u00f3rdenes de equipo y la falta de competitividad y rivalidad que existe actualmente entre compa\u00f1eros de equipo. Este fin de semana la F\u00f3rmula 1 llega al <a href=\"https:\/\/www.dazn.com\/es-ES\/news\/motor\/circuito-baku-donde-esta-como-es-caracteristicas-como-llegar-fotos-escenario-gp-azerbaiyan-mundial-f1\/1216g2tjm67qv1vp3xo5ismq36\" rel=\"nofollow noopener\" target=\"_blank\">circuito callejero de Bak\u00fa<\/a>, el cual ha presenciado en su corta historia c\u00f3mo han saltado chispas entre dos pilotos de un mismo equipo. <\/strong><\/p>\n<p>Max Verstappen vs Daniel Ricciardo en 2018<\/p>\n<p>Quiz\u00e1s sea uno de los momentos m\u00e1s recordados de este trazado sobre todo por lo que supuso a posteriori para la <strong>carrera<\/strong> del piloto australiano. Se encontraban en la cuarta ronda del campeonato, en un <strong>Red Bull<\/strong> que se posicion\u00f3 como tercer equipo ese a\u00f1o. El holand\u00e9s y el australiano, a pesar de tener una gran relaci\u00f3n fuera de la pista, ya hab\u00edan tenido alg\u00fan que otro encontronazo al volante como el incidente en la primera vuelta del <strong>Gran Premio de Hungr\u00eda de 2017<\/strong>.<\/p>\n<p><img data-recalc-dims=\"1\" fetchpriority=\"high\" decoding=\"async\" data-attachment-id=\"238122\" data-permalink=\"https:\/\/elgeneracionalpost.com\/deportes\/2025\/0919\/238104\/intrahistoria-f1-amigos-y-enemigos-en-baku.html\/attachment\/f9okvllwsaacuc3\" data-orig-file=\"https:\/\/i0.wp.com\/elgeneracionalpost.com\/wp-content\/uploads\/2025\/09\/F9oKVllWsAAcUc3.jpg?fit=739%2C415&amp;ssl=1\" data-orig-size=\"739,415\" data-comments-opened=\"0\" data-image-meta=\"{&quot;aperture&quot;:&quot;0&quot;,&quot;credit&quot;:&quot;&quot;,&quot;camera&quot;:&quot;&quot;,&quot;caption&quot;:&quot;&quot;,&quot;created_timestamp&quot;:&quot;0&quot;,&quot;copyright&quot;:&quot;&quot;,&quot;focal_length&quot;:&quot;0&quot;,&quot;iso&quot;:&quot;0&quot;,&quot;shutter_speed&quot;:&quot;0&quot;,&quot;title&quot;:&quot;&quot;,&quot;orientation&quot;:&quot;0&quot;}\" data-image-title=\"F9oKVllWsAAcUc3\" data-image-description=\"\" data-image-caption=\"&lt;p&gt;Accidente de Ricciardo y Verstappen en Bak\u00fa en 2018 | Fuente: f1.com&lt;\/p&gt;&#10;\" data-medium-file=\"https:\/\/i0.wp.com\/elgeneracionalpost.com\/wp-content\/uploads\/2025\/09\/F9oKVllWsAAcUc3.jpg?fit=300%2C168&amp;ssl=1\" data-large-file=\"https:\/\/i0.wp.com\/elgeneracionalpost.com\/wp-content\/uploads\/2025\/09\/F9oKVllWsAAcUc3.jpg?fit=696%2C391&amp;ssl=1\" class=\"wp-image-238122 size-full\" src=\"https:\/\/www.europesays.com\/es\/wp-content\/uploads\/2025\/09\/F9oKVllWsAAcUc3.jpg\" alt=\"\" width=\"696\" height=\"391\"  \/>Accidente de Ricciardo y Verstappen en Bak\u00fa en 2018 | Fuente: f1.com<\/p>\n<p><strong>Ricciardo<\/strong> sal\u00eda en cuarta posici\u00f3n, seguido de su compa\u00f1ero <strong>Max Verstappen<\/strong>. Despu\u00e9s de adelantarse varias veces durante la carrera, el neerland\u00e9s se encontraba por delante en la vuelta <strong>40<\/strong> tras un <strong>overcut<\/strong>. Esto molest\u00f3 al piloto australiano quien, en un intento por adelantar a <strong>Max<\/strong> tras la largu\u00edsima recta de meta, calcul\u00f3 mal y se llev\u00f3 por delante a su compa\u00f1ero de equipo. Tras la carrera, el equipo <strong>comparti\u00f3 responsabilidades<\/strong> con los pilotos al no impedirles pelear en pista.<\/p>\n<p><img loading=\"lazy\" data-recalc-dims=\"1\" decoding=\"async\" data-attachment-id=\"238125\" data-permalink=\"https:\/\/elgeneracionalpost.com\/deportes\/2025\/0919\/238104\/intrahistoria-f1-amigos-y-enemigos-en-baku.html\/attachment\/gx3vebxwsaalt6d\" data-orig-file=\"https:\/\/i0.wp.com\/elgeneracionalpost.com\/wp-content\/uploads\/2025\/09\/GX3vEbXWsAALT6d.jpg?fit=800%2C533&amp;ssl=1\" data-orig-size=\"800,533\" data-comments-opened=\"0\" data-image-meta=\"{&quot;aperture&quot;:&quot;0&quot;,&quot;credit&quot;:&quot;&quot;,&quot;camera&quot;:&quot;&quot;,&quot;caption&quot;:&quot;&quot;,&quot;created_timestamp&quot;:&quot;0&quot;,&quot;copyright&quot;:&quot;&quot;,&quot;focal_length&quot;:&quot;0&quot;,&quot;iso&quot;:&quot;0&quot;,&quot;shutter_speed&quot;:&quot;0&quot;,&quot;title&quot;:&quot;&quot;,&quot;orientation&quot;:&quot;0&quot;}\" data-image-title=\"GX3vEbXWsAALT6d\" data-image-description=\"\" data-image-caption=\"&lt;p&gt;Ricciardo celebrando un podio con Renault en 2020 | Fuente: @tracklimits (X)&lt;\/p&gt;&#10;\" data-medium-file=\"https:\/\/i0.wp.com\/elgeneracionalpost.com\/wp-content\/uploads\/2025\/09\/GX3vEbXWsAALT6d.jpg?fit=300%2C200&amp;ssl=1\" data-large-file=\"https:\/\/i0.wp.com\/elgeneracionalpost.com\/wp-content\/uploads\/2025\/09\/GX3vEbXWsAALT6d.jpg?fit=696%2C464&amp;ssl=1\" class=\"wp-image-238125 size-full\" src=\"https:\/\/www.europesays.com\/es\/wp-content\/uploads\/2025\/09\/GX3vEbXWsAALT6d.jpg\" alt=\"\" width=\"696\" height=\"464\"  \/>Ricciardo celebrando un podio con Renault en 2020 | Fuente: @tracklimits (X)<\/p>\n<p>Este incidente con Verstappen, sumado a su <strong>desconfianza<\/strong> hacia el equipo por su protecci\u00f3n hacia el holand\u00e9s, le hizo a Ricciardo tomar la decisi\u00f3n de abandonar el equipo para incorporarse en 2019 al equipo <strong>Renault<\/strong>. En su momento muchos consideraron este movimiento como un error, aunque el australiano explic\u00f3 que necesitaba un <strong>cambio de aires<\/strong> y coger un proyecto como <strong>primer piloto<\/strong>.<\/p>\n<p>Lewis Hamilton vs Valtteri Bottas en 2019<\/p>\n<p>Este duelo no lleg\u00f3 al drama que protagonizaron <strong>Verstappen<\/strong> y <strong>Ricciardo<\/strong> en <strong>2018<\/strong>, aunque s\u00ed subi\u00f3 las pulsaciones a m\u00e1s de uno en el garaje del equipo <strong>Mercedes<\/strong>. <strong>Valtteri Bottas<\/strong> y <strong>Lewis Hamilton<\/strong>, aprovechando la superioridad de su <strong>W10<\/strong>, part\u00edan primero y segundo respectivamente. En las primeras vueltas el brit\u00e1nico presion\u00f3 bastante al finland\u00e9s, llegando incluso a ponerse rueda a rueda.<\/p>\n<p><img loading=\"lazy\" data-recalc-dims=\"1\" decoding=\"async\" data-attachment-id=\"238138\" data-permalink=\"https:\/\/elgeneracionalpost.com\/deportes\/2025\/0919\/238104\/intrahistoria-f1-amigos-y-enemigos-en-baku.html\/attachment\/fuxtwc7xwaezjeh\" data-orig-file=\"https:\/\/i0.wp.com\/elgeneracionalpost.com\/wp-content\/uploads\/2025\/09\/FuxtWc7XwAEZjEh.jpg?fit=990%2C557&amp;ssl=1\" data-orig-size=\"990,557\" data-comments-opened=\"0\" data-image-meta=\"{&quot;aperture&quot;:&quot;0&quot;,&quot;credit&quot;:&quot;&quot;,&quot;camera&quot;:&quot;&quot;,&quot;caption&quot;:&quot;&quot;,&quot;created_timestamp&quot;:&quot;0&quot;,&quot;copyright&quot;:&quot;&quot;,&quot;focal_length&quot;:&quot;0&quot;,&quot;iso&quot;:&quot;0&quot;,&quot;shutter_speed&quot;:&quot;0&quot;,&quot;title&quot;:&quot;&quot;,&quot;orientation&quot;:&quot;0&quot;}\" data-image-title=\"FuxtWc7XwAEZjEh\" data-image-description=\"\" data-image-caption=\"&lt;p&gt;Valteri Bottas en la famosa zona del castillo en 2019 | Fuente: f1.com&lt;\/p&gt;&#10;\" data-medium-file=\"https:\/\/i0.wp.com\/elgeneracionalpost.com\/wp-content\/uploads\/2025\/09\/FuxtWc7XwAEZjEh.jpg?fit=300%2C169&amp;ssl=1\" data-large-file=\"https:\/\/i0.wp.com\/elgeneracionalpost.com\/wp-content\/uploads\/2025\/09\/FuxtWc7XwAEZjEh.jpg?fit=696%2C392&amp;ssl=1\" class=\"wp-image-238138 size-full\" src=\"https:\/\/www.europesays.com\/es\/wp-content\/uploads\/2025\/09\/FuxtWc7XwAEZjEh.jpg\" alt=\"\" width=\"696\" height=\"392\"  \/>Valtteri Bottas en la famosa zona del castillo en 2019 | Fuente: f1.com<\/p>\n<p>Al final, tras una batalla estrat\u00e9gica bastante intensa que favoreci\u00f3 como no pod\u00eda ser de otra manera al piloto que iba por delante, Valtteri Bottas obtuvo el triunfo tras cruzar la meta tan solo <strong>1.5 segundos<\/strong> por delante de su compa\u00f1ero Lewis Hamilton. A pesar de que el brit\u00e1nico se mantuvo pegado a \u00e9l durante toda la carrera, prim\u00f3 el <strong>respeto<\/strong> para llevarse el <strong>doblete<\/strong> a casa.<\/p>\n<p>Esteban Ocon vs Sergio P\u00e9rez en 2017<\/p>\n<p>Ambos pilotos de <strong>Force India<\/strong> decidieron llevar su rivalidad a su punto m\u00e1s \u00e1lgido en el estreno del <strong>Gran Premio de Azerbaiy\u00e1n<\/strong> en la F\u00f3rmula 1. Tras una gran clasificaci\u00f3n, en la que part\u00eda sexto <strong>Checo P\u00e9rez<\/strong> y s\u00e9ptimo su compa\u00f1ero <strong>Ocon<\/strong>, cada uno quer\u00eda demostrar su estatus dentro del equipo. Esto llev\u00f3 a que, en una resalida tras un <strong>coche de seguridad<\/strong>, Ocon se llevase puesto al mexicano en la curva 2 tras intentar adelantarle.<\/p>\n<p><img data-recalc-dims=\"1\" loading=\"lazy\" decoding=\"async\" data-attachment-id=\"238151\" data-permalink=\"https:\/\/elgeneracionalpost.com\/deportes\/2025\/0919\/238104\/intrahistoria-f1-amigos-y-enemigos-en-baku.html\/attachment\/ddk-gtfwsaa3klz\" data-orig-file=\"https:\/\/i0.wp.com\/elgeneracionalpost.com\/wp-content\/uploads\/2025\/09\/DDK-gtfWsAA3klZ.jpg?fit=1920%2C1080&amp;ssl=1\" data-orig-size=\"1920,1080\" data-comments-opened=\"0\" data-image-meta=\"{&quot;aperture&quot;:&quot;0&quot;,&quot;credit&quot;:&quot;&quot;,&quot;camera&quot;:&quot;&quot;,&quot;caption&quot;:&quot;&quot;,&quot;created_timestamp&quot;:&quot;0&quot;,&quot;copyright&quot;:&quot;&quot;,&quot;focal_length&quot;:&quot;0&quot;,&quot;iso&quot;:&quot;0&quot;,&quot;shutter_speed&quot;:&quot;0&quot;,&quot;title&quot;:&quot;&quot;,&quot;orientation&quot;:&quot;0&quot;}\" data-image-title=\"DDK-gtfWsAA3klZ\" data-image-description=\"\" data-image-caption=\"&lt;p&gt;\u2018Checo\u2019 P\u00e9rez entrando en boxes tras el accidente con Ocon | Fuente: @F1 (X)&lt;\/p&gt;&#10;\" data-medium-file=\"https:\/\/i0.wp.com\/elgeneracionalpost.com\/wp-content\/uploads\/2025\/09\/DDK-gtfWsAA3klZ.jpg?fit=300%2C169&amp;ssl=1\" data-large-file=\"https:\/\/i0.wp.com\/elgeneracionalpost.com\/wp-content\/uploads\/2025\/09\/DDK-gtfWsAA3klZ.jpg?fit=696%2C392&amp;ssl=1\" class=\"wp-image-238151 size-full\" src=\"https:\/\/www.europesays.com\/es\/wp-content\/uploads\/2025\/09\/DDK-gtfWsAA3klZ.jpg\" alt=\"\" width=\"696\" height=\"392\"  \/>\u2018Checo\u2019 P\u00e9rez entrando en boxes tras el accidente con Ocon | Fuente: @F1 (X)<\/p>\n<p>Mientras que el mexicano tuvo que retirarse por los <strong>da\u00f1os<\/strong>, Ocon pudo acabar dentro de la <strong>zona de puntos<\/strong>. A partir de este incidente el equipo les prohibi\u00f3 luchar entre ellos sin previa autorizaci\u00f3n. Este tipo de decisiones son las que no se deber\u00edan de dar en este \u00faltimo tramo de la <strong>temporada de 2025<\/strong>, ya que por el bien del espect\u00e1culo, el <strong>mundial<\/strong> se tiene que decidir en pista y no desde el muro de <strong>McLaren<\/strong>.<\/p>\n<p>Me gusta esto:<\/p>\n<p>Me gusta Cargando&#8230;<\/p>\n<p><a class=\"sd-link-color\"\/><\/p>\n<p>\n\tRelacionado<\/p>\n","protected":false},"excerpt":{"rendered":"La capital de Azerbaiy\u00e1n ha sido testigo de varios roces entre compa\u00f1eros de equipo La actuaci\u00f3n de McLaren&hellip;\n","protected":false},"author":2,"featured_media":125002,"comment_status":"","ping_status":"","sticky":false,"template":"","format":"standard","meta":{"footnotes":""},"categories":[270],"tags":[168,25,24,306,271,272,36835,2099,23,167],"class_list":{"0":"post-125001","1":"post","2":"type-post","3":"status-publish","4":"format-standard","5":"has-post-thumbnail","7":"category-formula-1","8":"tag-deportes","9":"tag-es","10":"tag-espana","11":"tag-f1","12":"tag-formula-1","13":"tag-formula1","14":"tag-gp-azerbaiyan","15":"tag-max-verstappen","16":"tag-spain","17":"tag-sports"},"share_on_mastodon":{"url":"","error":""},"_links":{"self":[{"href":"https:\/\/www.europesays.com\/es\/wp-json\/wp\/v2\/posts\/125001","targetHints":{"allow":["GET"]}}],"collection":[{"href":"https:\/\/www.europesays.com\/es\/wp-json\/wp\/v2\/posts"}],"about":[{"href":"https:\/\/www.europesays.com\/es\/wp-json\/wp\/v2\/types\/post"}],"author":[{"embeddable":true,"href":"https:\/\/www.europesays.com\/es\/wp-json\/wp\/v2\/users\/2"}],"replies":[{"embeddable":true,"href":"https:\/\/www.europesays.com\/es\/wp-json\/wp\/v2\/comments?post=125001"}],"version-history":[{"count":0,"href":"https:\/\/www.europesays.com\/es\/wp-json\/wp\/v2\/posts\/125001\/revisions"}],"wp:featuredmedia":[{"embeddable":true,"href":"https:\/\/www.europesays.com\/es\/wp-json\/wp\/v2\/media\/125002"}],"wp:attachment":[{"href":"https:\/\/www.europesays.com\/es\/wp-json\/wp\/v2\/media?parent=125001"}],"wp:term":[{"taxonomy":"category","embeddable":true,"href":"https:\/\/www.europesays.com\/es\/wp-json\/wp\/v2\/categories?post=125001"},{"taxonomy":"post_tag","embeddable":true,"href":"https:\/\/www.europesays.com\/es\/wp-json\/wp\/v2\/tags?post=125001"}],"curies":[{"name":"wp","href":"https:\/\/api.w.org\/{rel}","templated":true}]}}