{"id":125003,"date":"2025-09-19T10:46:07","date_gmt":"2025-09-19T10:46:07","guid":{"rendered":"https:\/\/www.europesays.com\/es\/125003\/"},"modified":"2025-09-19T10:46:07","modified_gmt":"2025-09-19T10:46:07","slug":"silver-se-desmarca-del-modelo-champions","status":"publish","type":"post","link":"https:\/\/www.europesays.com\/es\/125003\/","title":{"rendered":"Silver se desmarca del \u2018modelo Champions\u2019"},"content":{"rendered":"<p class=\"\"><a href=\"https:\/\/as.com\/baloncesto\/mas_baloncesto\/la-nba-actualiza-como-esta-su-desembarco-en-europa-n\/\" target=\"_self\" rel=\"nofollow noopener\" title=\"https:\/\/as.com\/baloncesto\/mas_baloncesto\/la-nba-actualiza-como-esta-su-desembarco-en-europa-n\/\">La llegada de la NBA a Europa, con su propia competici\u00f3n, parece un hecho que se va a dar en un futuro pr\u00f3ximo<\/a> <b>aunque no hay muchos m\u00e1s detalles<\/b>: sigue sin haber datos concretos sobre el formato, los equipos, el sistema, el nivel de implicaci\u00f3n de la propia NBA\u2026 y, <b>lo que seguramente deber\u00eda preocupar m\u00e1s al aficionado, las opciones de que se acabe llegando a un acuerdo con la Euroliga<\/b> <a href=\"https:\/\/as.com\/baloncesto\/euroliga\/cuando-el-baloncesto-europeo-se-partio-n\/\" target=\"_self\" rel=\"nofollow noopener\" title=\"https:\/\/as.com\/baloncesto\/euroliga\/cuando-el-baloncesto-europeo-se-partio-n\/\">para intentar empujar desde un frente com\u00fan<\/a>. La NBA, por ahora, lleva a la FIBA de la mano y <a href=\"https:\/\/as.com\/baloncesto\/nba\/la-nba-no-tiene-feeling-con-la-euroliga-n\/\" target=\"_self\" rel=\"nofollow noopener\" title=\"https:\/\/as.com\/baloncesto\/nba\/la-nba-no-tiene-feeling-con-la-euroliga-n\/\">lleg\u00f3 a parar toda conversaci\u00f3n con la Euroliga<\/a>, aunque los contactos se han retomado en los \u00faltimos meses.<\/p>\n<p class=\"\"><a href=\"https:\/\/as.com\/baloncesto\/euroliga\/el-ruido-de-la-nba-no-ayuda-no-necesitamos-un-salvador-n\/\" target=\"_self\" rel=\"nofollow noopener\" title=\"https:\/\/as.com\/baloncesto\/euroliga\/el-ruido-de-la-nba-no-ayuda-no-necesitamos-un-salvador-n\/\">La Euroliga tiene el poder deportivo y los grandes nombres del baloncesto continental.<\/a> <b>La NBA quiere cambiar el modelo de negocio y potenciar una b\u00fasqueda de recursos <\/b>que cree que existen y no se est\u00e1n aprovechando. Mientras, el comisionado Adam Silver sigue dando pistas, m\u00e1s que datos muy concretos, sobre c\u00f3mo ser\u00e1n las cosas. Y cu\u00e1ndo. En un evento de Front Office Sports en Nueva York, <b>asegur\u00f3 la nueva competici\u00f3n, en la que muchas voces sit\u00faan a Real Madrid y Barcelona, en Europa est\u00e1 \u201ca dos o tres a\u00f1os vista\u201d <\/b>y dej\u00f3 claro que es un gran aficionado al f\u00fatbol y a sus din\u00e1micas de competici\u00f3n (<a href=\"https:\/\/as.com\/baloncesto\/nba\/nba-cup-2024-como-funciona-calendario-fechas-grupos-tv-y-como-ver-el-torneo-n\/\" target=\"_self\" rel=\"nofollow noopener\" title=\"https:\/\/as.com\/baloncesto\/nba\/nba-cup-2024-como-funciona-calendario-fechas-grupos-tv-y-como-ver-el-torneo-n\/\">lo ha reconocido muchas veces, una de las \u00faltimas cuando introdujo la NBA Cup como torneo secundario<\/a>) pero tambi\u00e9n que hay cosas que no quiere que sean igual en su competici\u00f3n de baloncesto en el Viejo Continente.<\/p>\n<p class=\"\">\u201cSoy un gran aficionado al f\u00fatbol europeo, pero <b>no queremos una competici\u00f3n con un pu\u00f1ado de equipos muy superiores a los dem\u00e1s<\/b>. No queremos una Liga sobre la que exista la percepci\u00f3n de que solo unos pocos equipos est\u00e1n en situaci\u00f3n de pelear de verdad por el t\u00edtulo, como pasa en la Champions League. Queremos perfilar un modelo con un sistema que sabemos que igual no puede ser de techo salarial duro pero en el que pueda ser regulado para que <b>si tienes un equipo, creas que tiene una opci\u00f3n real y justa de ser campe\u00f3n<\/b>\u201d, asegura un comisionado que no da mayor importancia al movimiento de Mavericks Carter, amigo de la infancia y socio de LeBron James, <a href=\"https:\/\/as.com\/baloncesto\/nba\/hacia-la-formula-1-del-baloncesto-n\/\" target=\"_self\" rel=\"nofollow noopener\" title=\"https:\/\/as.com\/baloncesto\/nba\/hacia-la-formula-1-del-baloncesto-n\/\">para crear tambi\u00e9n una nueva competici\u00f3n fuera de Estados Unidos<\/a>: \u201cEs bueno que haya competencia, nos mantiene a todos en tensi\u00f3n\u201d.<\/p>\n<p class=\"\">La fecha de llegada se mueve, ahora mismo, entre el verano de 2027 y 2028, con <b>los pabellones e infraestructuras como (adem\u00e1s de las regulaciones del marco legal europeo) uno de los problemas importantes:<\/b> \u201cCreo que podremos arrancar con los pabellones que hay ahora y hacer una transici\u00f3n a partir de ah\u00ed. Hablar de 2027 es muy ambicioso, sin duda, pero en todo caso no querr\u00eda que esto se alargara m\u00e1s all\u00e1 de 2028. La oportunidad est\u00e1 ahora ah\u00ed, la tenemos delante\u201d.<\/p>\n<p>La dif\u00edcil relaci\u00f3n con las apuestas<\/p>\n<p class=\"\">En su comparecencia, Silver habl\u00f3 tambi\u00e9n de los esc\u00e1ndalos que ha habido relacionados con las apuestas en los \u00faltimos meses <a href=\"https:\/\/as.com\/baloncesto\/nba\/que-hora-es-senor-lobo-n\/\" target=\"_self\" rel=\"nofollow noopener\" title=\"https:\/\/as.com\/baloncesto\/nba\/que-hora-es-senor-lobo-n\/\">en una NBA que est\u00e1 siendo criticada por abrir, bajo su mandato, puertas a los v\u00ednculos con ese peligroso mundo del juego <\/a>que hace no mucho era anatema para las grandes competiciones deportivas: \u201c<b>Las cosas que han pasado son previsibles. A veces me siento como si oper\u00e1ramos con una mano atada a la espalda por la estructura de regulaci\u00f3n que existe ahora<\/b>\u201d. El a\u00f1o pasado, Jontay Porter, el hermano del alero Michael Porter Jr, f<a href=\"https:\/\/as.com\/baloncesto\/nba\/la-nba-sanciona-de-por-vida-a-jontay-porter-por-apostar-n\/\" target=\"_self\" rel=\"nofollow noopener\" title=\"https:\/\/as.com\/baloncesto\/nba\/la-nba-sanciona-de-por-vida-a-jontay-porter-por-apostar-n\/\">ue expulsado de por vida de la NBA por apostar en partidos, incluidos los del equipo en el que \u00e9l jugaba en ese momento<\/a> (Toronto Raptors), y dar informaci\u00f3n interna y privilegiada a apostantes. En enero, el base Terry Rozier (ahora en los Heat) fue investigado por el FBI por un caso de apuestas vinculado al de Porter, y en junio Malik Beasley (que la pasada temporada jug\u00f3 en los Pistons) tambi\u00e9n fue objeto de una investigaci\u00f3n federal, pero no lleg\u00f3 a ser acusado. Los dos, Rozier y Beasley, est\u00e1n siendo investigados tambi\u00e9n por la NBA <b>por, supuestamente, ajustar sus anotaciones en los partidos a las previsiones de las apuestas. <\/b><\/p>\n<p class=\"\">\u201cSe ve\u00eda venir. <b>Hay que cambiar la legislaci\u00f3n a una m\u00e1s consistente y similar entre unos estados y otros<\/b>, en asociaci\u00f3n con las ligas que tienen que proteger su integridad deportiva. A veces parece que nos movemos con una mano atada a la espalda\u201d, remarc\u00f3 porque el hecho es que esa legislaci\u00f3n por ahora no cambia y seguir\u00e1 dependiendo de lo que decida cada estado: \u201cLa comparaci\u00f3n no puede ser entre hacer apuestas legalizadas o no hacer apuestas. Tiene que ser entre hacerlas de forma ilegal o legal. Si la gente va a hacerlo, \u00bf<b>es mejor una normativa transparente y bien fijada o un marco <\/b><b>underground <\/b><b>de apuestas ilegales<\/b>?\u201d.<\/p>\n<p>Un jaleo por culpa de los highlights<\/p>\n<p class=\"\">Por \u00faltimo, Silver tuvo que desdecirse (tambi\u00e9n ha tenido que hacerlo al respecto de algunas de sus \u00faltimas declaraciones<a href=\"https:\/\/as.com\/baloncesto\/nba\/kawhi-y-un-escandalo-a-la-americana-n\/\" target=\"_self\" rel=\"nofollow noopener\" title=\"https:\/\/as.com\/baloncesto\/nba\/kawhi-y-un-escandalo-a-la-americana-n\/\"> sobre la investigaci\u00f3n a los Clippers y sus supuestos pagos fraudulentos a Kawhi Leonard<\/a>) por unas declaraciones que realiz\u00f3 en septiembre y que han sido muy criticadas. En ellas, sali\u00f3 <a href=\"https:\/\/as.com\/baloncesto\/nba\/una-nba-de-76000-millones-n\/\" target=\"_self\" rel=\"nofollow noopener\" title=\"https:\/\/as.com\/baloncesto\/nba\/una-nba-de-76000-millones-n\/\">al paso del alto precio que implicar\u00e1 ver ahora la NBA, en el marco de los nuevos acuerdos televisivos<\/a>, y <b>asegur\u00f3 que al fin y al cabo los aficionados ten\u00edan a mano los <\/b><b>highlights <\/b><b>de forma gratuita<\/b>: \u201cHay una enorme cantidad de contenido sobre la liga que se puede consumir de forma gratuita. Esta es una competici\u00f3n basada en los highlights: Instagram, TikTok, Twitter\u2026 lo que sea. Hay mucho contenido ah\u00ed\u201d.<\/p>\n<p>Noticias relacionadas<\/p>\n<p class=\"\">Muchos le acusaron de falta de sensibilidad con los aficionados que no se pueden permitir pagar para ver la NBA y, sobre todo, de insistir en una idea que pende sobre su mandato, <b>la de una liga en la que los partidos importan cada vez menos y todo lo dem\u00e1s gana importancia<\/b>, en la que lo sustancial queda en segundo plano: \u201cSe me malinterpret\u00f3, o puede que no me explicar\u00eda bien, eso lo acepto. No pretend\u00eda que se entendiera lo que se entendi\u00f3. Creo que es algo muy positivo que cada partido deje muchos highlights, pero son jugadas que queremos, eso ser\u00eda lo ideal, que la gente consumiera en el momento, viendo los partidos. No despu\u00e9s\u201d.<\/p>\n<p class=\"\"><b>\u00a1Tus opiniones importan!<\/b> Comenta en los art\u00edculos y suscr\u00edbete gratis a nuestra <a href=\"https:\/\/asfan.as.com\/newsletters\/\" target=\"_blank\" rel=\"nofollow noopener\" title=\"https:\/\/asfan.as.com\/newsletters\/\">newsletter<\/a> y a las alertas informativas en la <a href=\"https:\/\/as.com\/aplicacion-de-as-n\/\" target=\"_blank\" rel=\"nofollow noopener\" title=\"https:\/\/as.com\/aplicacion-de-as-n\/\">App<\/a> o el canal de <a href=\"https:\/\/www.whatsapp.com\/channel\/0029VaAasdA7j6g745nz9M10\" target=\"_blank\" rel=\"nofollow noopener\" title=\"https:\/\/www.whatsapp.com\/channel\/0029VaAasdA7j6g745nz9M10\">WhatsApp<\/a>. \u00bfBuscas licenciar contenido? Haz clic <a href=\"https:\/\/profesional.elpais.com\/soluciones-sindicacion?utm_medium=interno&amp;utm_source=crosslinking&amp;utm_campaign=sindicacion_as_pie_articulos\" target=\"_blank\" rel=\"nofollow noopener\" title=\"https:\/\/profesional.elpais.com\/soluciones-sindicacion?utm_medium=interno&amp;utm_source=crosslinking&amp;utm_campaign=sindicacion_as_pie_articulos\">aqu\u00ed<\/a><\/p>\n","protected":false},"excerpt":{"rendered":"La llegada de la NBA a Europa, con su propia competici\u00f3n, parece un hecho que se va a&hellip;\n","protected":false},"author":2,"featured_media":122592,"comment_status":"","ping_status":"","sticky":false,"template":"","format":"standard","meta":{"footnotes":""},"categories":[269],"tags":[299,298,168,25,24,23,167],"class_list":{"0":"post-125003","1":"post","2":"type-post","3":"status-publish","4":"format-standard","5":"has-post-thumbnail","7":"category-baloncesto","8":"tag-baloncesto","9":"tag-basketball","10":"tag-deportes","11":"tag-es","12":"tag-espana","13":"tag-spain","14":"tag-sports"},"share_on_mastodon":{"url":"","error":""},"_links":{"self":[{"href":"https:\/\/www.europesays.com\/es\/wp-json\/wp\/v2\/posts\/125003","targetHints":{"allow":["GET"]}}],"collection":[{"href":"https:\/\/www.europesays.com\/es\/wp-json\/wp\/v2\/posts"}],"about":[{"href":"https:\/\/www.europesays.com\/es\/wp-json\/wp\/v2\/types\/post"}],"author":[{"embeddable":true,"href":"https:\/\/www.europesays.com\/es\/wp-json\/wp\/v2\/users\/2"}],"replies":[{"embeddable":true,"href":"https:\/\/www.europesays.com\/es\/wp-json\/wp\/v2\/comments?post=125003"}],"version-history":[{"count":0,"href":"https:\/\/www.europesays.com\/es\/wp-json\/wp\/v2\/posts\/125003\/revisions"}],"wp:featuredmedia":[{"embeddable":true,"href":"https:\/\/www.europesays.com\/es\/wp-json\/wp\/v2\/media\/122592"}],"wp:attachment":[{"href":"https:\/\/www.europesays.com\/es\/wp-json\/wp\/v2\/media?parent=125003"}],"wp:term":[{"taxonomy":"category","embeddable":true,"href":"https:\/\/www.europesays.com\/es\/wp-json\/wp\/v2\/categories?post=125003"},{"taxonomy":"post_tag","embeddable":true,"href":"https:\/\/www.europesays.com\/es\/wp-json\/wp\/v2\/tags?post=125003"}],"curies":[{"name":"wp","href":"https:\/\/api.w.org\/{rel}","templated":true}]}}