{"id":125006,"date":"2025-09-19T10:48:09","date_gmt":"2025-09-19T10:48:09","guid":{"rendered":"https:\/\/www.europesays.com\/es\/125006\/"},"modified":"2025-09-19T10:48:09","modified_gmt":"2025-09-19T10:48:09","slug":"inesperado-mensaje-de-rocio-flores-tras-la-llamada-de-ortega-cano-a-supervivientes","status":"publish","type":"post","link":"https:\/\/www.europesays.com\/es\/125006\/","title":{"rendered":"Inesperado mensaje de Roc\u00edo Flores tras la llamada de Ortega Cano a &#8216;Supervivientes&#8217;"},"content":{"rendered":"<p><a href=\"https:\/\/www.libertaddigital.com\/personajes\/gloria-camila-ortega\/\" rel=\"nofollow noopener\" target=\"_blank\"><strong>Gloria Camila<\/strong><\/a> se ha convertido en protagonista indiscutible de la \u00faltima gala de Supervivientes All Star tras vivir uno de los momentos m\u00e1s emotivos de la edici\u00f3n. El programa emitido este jueves coincid\u00eda con una fecha muy importante para la concursante: 18 de septiembre, el d\u00eda que su madre, Roc\u00edo Jurado, habr\u00eda cumplido a\u00f1os. Y por este motivo, <strong>la organizaci\u00f3n del programa prepar\u00f3 una sorpresa con la que no pudo evitar emocionarse. <\/strong><\/p>\n<p>&#13;<br \/>\n    Relacionado&#13;<br \/>\n    &#13;<\/p>\n<p>En un momento de la noche, apartaron a la joven del resto de concursantes y le ense\u00f1aron im\u00e1genes de su madre, en las que aparec\u00edan otros miembros de su familia como su padre Jos\u00e9 Ortega Cano o su sobrina Roc\u00edo Flores. Tras esto, dieron paso a una llamada del torero, que mand\u00f3 \u00e1nimos a su hija en esta nueva aventura en Honduras: \u00abGloria m\u00eda, preciosa, que te queremos\u00bb, dijo muy emocionado, al punto que pudo seguir con la llamada, tal y como le explic\u00f3 otro miembro de su familia que cogi\u00f3 el tel\u00e9fono: \u00abEst\u00e1 emocionado y casi no puede ni hablar. <strong>Te quiere decir muchas cosas pero se le corta la voz y no puede de lo emocionado que est\u00e1<\/strong>\u00ab. <\/p>\n<p><a href=\"https:\/\/s1.staticld.com\/2025\/09\/19\/gloria-camila-supervivientes-1.jpg\" target=\"_blank\" rel=\"nofollow noreferrer noopener\" class=\"fancybox\"><img class=\"l\" data-  style=\"aspect-ratio: 1280 \/ 707\" alt=\"gloria-camila-supervivientes-1.jpg\"\/><\/a><\/p>\n<p>Finalmente, el diestro retom\u00f3 la llamada y tranquiliz\u00f3 a su hija asegurando que en Espa\u00f1a \u00abest\u00e1n todos estupendamente\u00bb: \u00abGloria estamos todos contigo, la ni\u00f1a peque\u00f1a est\u00e1 en el colegio, lo est\u00e1n pasando de maravilla, son dos ni\u00f1os extraordinarios. Estate tranquila porque tienes totalmente una capacidad tremenda para ser t\u00fa quien eres. Espero que disfrutes y que seas la ganadora\u00bb, dijo, dando informaci\u00f3n a su hija sobre la hija de Jos\u00e9 Fernando y Michu, recientemente fallecida. <\/p>\n<p>Roc\u00edo Flores, muy emocionada<\/p>\n<p>El momento no pas\u00f3 desapercibido para otros miembros de familia, como es el caso de Roc\u00edo Flores que, a trav\u00e9s de sus redes sociales comparti\u00f3 una historia de Instagram con un fragmento de la llamada sorpresa a su t\u00eda Gloria: \u00ab<strong>Aqu\u00ed muero yo\u2026 S\u00faper orgullosa de ti y de c\u00f3mo lo est\u00e1s haciendo. <\/strong>Te esperamos como ganadora\u00bb, escribi\u00f3 la hija de Roc\u00edo Carrasco y Antonio David Flores, con las que mostr\u00f3 su apoyo incondicional a Gloria. Aprovech\u00f3 tambi\u00e9n para mandar un mensaje por el d\u00eda del cumplea\u00f1os de su abuela, Roc\u00edo Jurado: \u00abFeliz cumplea\u00f1os, un beso al cielo hoy y siempre, te amamos\u00bb. <\/p>\n<p><a href=\"https:\/\/s1.staticld.com\/2025\/09\/19\/gloria-camila-supervivientes-2.jpg\" target=\"_blank\" rel=\"nofollow noreferrer noopener\" class=\"fancybox\"><img class=\"l\" data-  style=\"aspect-ratio: 1038 \/ 1537\" alt=\"gloria-camila-supervivientes-2.jpg\"\/><\/a><\/p>\n<p>Se espera que esta semana Roc\u00edo Flores acuda al programa De viernes para defender a su t\u00eda. All\u00ed, tiene previsto incorporarse como colaboradora donde adem\u00e1s, se reencontrar\u00e1 con Olga Moreno, exmujer de su padre, que tambi\u00e9n habla sobre el concurso. <\/p>\n","protected":false},"excerpt":{"rendered":"Gloria Camila se ha convertido en protagonista indiscutible de la \u00faltima gala de Supervivientes All Star tras vivir&hellip;\n","protected":false},"author":2,"featured_media":125007,"comment_status":"","ping_status":"","sticky":false,"template":"","format":"standard","meta":{"footnotes":""},"categories":[174],"tags":[255,146,147,25,24,256,5929,30249,27816,23,3947],"class_list":{"0":"post-125006","1":"post","2":"type-post","3":"status-publish","4":"format-standard","5":"has-post-thumbnail","7":"category-famosos","8":"tag-celebrities","9":"tag-entertainment","10":"tag-entretenimiento","11":"tag-es","12":"tag-espana","13":"tag-famosos","14":"tag-gloria-camila","15":"tag-jose-ortega-cano","16":"tag-rocio-flores","17":"tag-spain","18":"tag-supervivientes"},"share_on_mastodon":{"url":"","error":""},"_links":{"self":[{"href":"https:\/\/www.europesays.com\/es\/wp-json\/wp\/v2\/posts\/125006","targetHints":{"allow":["GET"]}}],"collection":[{"href":"https:\/\/www.europesays.com\/es\/wp-json\/wp\/v2\/posts"}],"about":[{"href":"https:\/\/www.europesays.com\/es\/wp-json\/wp\/v2\/types\/post"}],"author":[{"embeddable":true,"href":"https:\/\/www.europesays.com\/es\/wp-json\/wp\/v2\/users\/2"}],"replies":[{"embeddable":true,"href":"https:\/\/www.europesays.com\/es\/wp-json\/wp\/v2\/comments?post=125006"}],"version-history":[{"count":0,"href":"https:\/\/www.europesays.com\/es\/wp-json\/wp\/v2\/posts\/125006\/revisions"}],"wp:featuredmedia":[{"embeddable":true,"href":"https:\/\/www.europesays.com\/es\/wp-json\/wp\/v2\/media\/125007"}],"wp:attachment":[{"href":"https:\/\/www.europesays.com\/es\/wp-json\/wp\/v2\/media?parent=125006"}],"wp:term":[{"taxonomy":"category","embeddable":true,"href":"https:\/\/www.europesays.com\/es\/wp-json\/wp\/v2\/categories?post=125006"},{"taxonomy":"post_tag","embeddable":true,"href":"https:\/\/www.europesays.com\/es\/wp-json\/wp\/v2\/tags?post=125006"}],"curies":[{"name":"wp","href":"https:\/\/api.w.org\/{rel}","templated":true}]}}