{"id":125010,"date":"2025-09-19T10:50:07","date_gmt":"2025-09-19T10:50:07","guid":{"rendered":"https:\/\/www.europesays.com\/es\/125010\/"},"modified":"2025-09-19T10:50:07","modified_gmt":"2025-09-19T10:50:07","slug":"cordoba-sigue-matando-con-libros","status":"publish","type":"post","link":"https:\/\/www.europesays.com\/es\/125010\/","title":{"rendered":"C\u00f3rdoba sigue matando&#8230; con libros"},"content":{"rendered":"<p class=\"article-text\">\n        El XII\u00b0 Encuentro Internacional de Literatura Negra y Policial \u201cC\u00f3rdoba Mata\u201d tendr\u00e1 lugar entre el 23 y el 29 de septiembre en dos sedes: Ciudad de C\u00f3rdoba y Villa General Belgrano.\n    <\/p>\n<p class=\"article-text\">\n        Bajo el lema \u201cCivilizaci\u00f3n y barbarie, entre los siglos XIX y XXI\u201d, este festival, que es a la vez internacional y federal, se consolida como el m\u00e1s antiguo del g\u00e9nero negro en Argentina, ya que se realiza desde 2014.\n    <\/p>\n<p class=\"article-text\">\n        Compartir\u00e1n esta fiesta literaria escritores, periodistas, acad\u00e9micos, cineastas, estudiantes y lectores que comparten una misma pasi\u00f3n: las diversas formas de la narrativa del crimen.\n    <\/p>\n<p class=\"article-text\">\n        No faltar\u00e1n invitados internacionales. Desde Espa\u00f1a llegar\u00e1 uno de los escritores de novela negra m\u00e1s reconocidos en lengua castellana, <strong>Carlos Salem<\/strong>. Tambi\u00e9n viajar\u00e1n para participar del encuentro figuras del mundo acad\u00e9mico como <strong>Paula Mart\u00ednez<\/strong> (Francia), <strong>Marcelo Gonz\u00e1lez<\/strong> (Chile) y <strong>David Knutson<\/strong> (EEUU).\n    <\/p>\n<p class=\"article-text\">\n        Entre los argentinos se destacan autores y autoras como <strong>Juan Sasturain<\/strong>, <strong>Liliana Escliar<\/strong>, <strong>Guillermo Orsi<\/strong>, <strong>Javier Chiabrando<\/strong>, <strong>Fernando L\u00f3pez<\/strong> y <strong>Pablo Aguiar Cau<\/strong>, pero tambi\u00e9n estar\u00e1n presentes escritores y escritoras del interior de C\u00f3rdoba y de la regi\u00f3n Noroeste de la Argentina. El festival ser\u00e1, adem\u00e1s, el marco en el que se realizar\u00e1 un encuentro de cineastas cordobeses.\n    <\/p>\n<p class=\"article-text\">\n        El encuentro comenzar\u00e1 el martes 23 en la sede del C\u00edrculo Sindical de la Prensa y la Comunicaci\u00f3n de Cordoba (Cispren) con la presentaci\u00f3n de la novela Aprieta, pero no ahorca de <strong>Irene Haimovichi<\/strong>.\n    <\/p>\n<p class=\"article-text\">\n        Uno de los momentos m\u00e1s emotivos ser\u00e1 la celebraci\u00f3n del centenario del nacimiento de <strong>Andrea Camilleri<\/strong>, el escritor siciliano, creador del c\u00e9lebre Comisario Montalbano. Esta actividad especial cuenta con el auspicio del Istituto Italiano di Cultura y se realizar\u00e1 el mi\u00e9rcoles 24 de septiembre, con la participaci\u00f3n de <strong>Gabriel Wainstein<\/strong>, <strong>Daniel Teobaldi<\/strong>, <strong>Pablo Aguiar Cau<\/strong> y <strong>Lucio Yudicello<\/strong>.\n    <\/p>\n<p class=\"article-text\">\n        El jueves 25, en tanto, se entregar\u00e1 un reconocimiento al programa \u201cEl dulce veneno de la novela negra\u201d (Radio UNAJ &#8211; Universidad Nacional Arturo Jauretche), por los diez a\u00f1os de difusi\u00f3n radiof\u00f3nica del g\u00e9nero negro.\n    <\/p>\n<p class=\"article-text\">\n        Uno de los momentos m\u00e1s intensos de la literatura policial es aquel en que se revela la intriga, y ese es un elemento que no pod\u00eda faltar en el encuentro: son 112 los autores y las autoras de diferentes pa\u00edses que esperar\u00e1n con ansiedad que llegue viernes 26, cuando se haga p\u00fablico el nombre del ganador o la ganadora del Concurso Internacional de Novela Negra y Policial C\u00f3rdoba Mata 2025. Las novelas que compiten llegaron desde Argentina, M\u00e9xico, Venezuela, Espa\u00f1a, Cuba, Brasil, Chile, Paraguay, Colombia, Rep\u00fablica Dominicana, Costa Rica y Bolivia.\n    <\/p>\n<p class=\"article-text\">\n        Los libros ser\u00e1n las verdaderas estrellas del encuentro, el mismo viernes 26\u00a0\u00a0\u00a0se presentar\u00e1 la antolog\u00eda de relatos negros latinoamericanos Asociaci\u00f3n Il\u00edcita, publicada por la Biblioteca Nacional. All\u00ed conversar\u00e1n, entre otros, el ex director de la instituci\u00f3n, Juan Sasturain, con el director de \u201cC\u00f3rdoba Mata\u201d, Fernando L\u00f3pez.\n    <\/p>\n<p class=\"article-text\">\n        C\u00f3rdoba Mata 2025 va m\u00e1s all\u00e1 de la literatura, es una verdadera fiesta de la cultura. El programa incluye mesas redondas sobre periodismo, historia y tem\u00e1ticas pol\u00edticas, Habr\u00e1 debates sobre las montoneras federales del siglo XIX; las luchas de los pueblos armenio, palestino y saharaui; la violencia y el neofascismo contempor\u00e1neo; y la crisis en la industria editorial. Tambi\u00e9n habr\u00e1 espacio para curiosidades literarias argentinas del g\u00e9nero negro y presentaciones de antolog\u00edas.\n    <\/p>\n<p class=\"article-text\">\n        Habr\u00e1 adem\u00e1s funciones de cine y video y, tal vez lo m\u00e1s importante, la posibilidad que tendr\u00e1n los lectores de conversar con los autores que admiran. La entrada es libre y gratuita.\n    <\/p>\n","protected":false},"excerpt":{"rendered":"El XII\u00b0 Encuentro Internacional de Literatura Negra y Policial \u201cC\u00f3rdoba Mata\u201d tendr\u00e1 lugar entre el 23 y el&hellip;\n","protected":false},"author":2,"featured_media":125011,"comment_status":"","ping_status":"","sticky":false,"template":"","format":"standard","meta":{"footnotes":""},"categories":[172],"tags":[224,2760,146,147,25,24,225,40803,1262,23],"class_list":{"0":"post-125010","1":"post","2":"type-post","3":"status-publish","4":"format-standard","5":"has-post-thumbnail","7":"category-libros","8":"tag-books","9":"tag-cordoba","10":"tag-entertainment","11":"tag-entretenimiento","12":"tag-es","13":"tag-espana","14":"tag-libros","15":"tag-matando","16":"tag-sigue","17":"tag-spain"},"share_on_mastodon":{"url":"","error":""},"_links":{"self":[{"href":"https:\/\/www.europesays.com\/es\/wp-json\/wp\/v2\/posts\/125010","targetHints":{"allow":["GET"]}}],"collection":[{"href":"https:\/\/www.europesays.com\/es\/wp-json\/wp\/v2\/posts"}],"about":[{"href":"https:\/\/www.europesays.com\/es\/wp-json\/wp\/v2\/types\/post"}],"author":[{"embeddable":true,"href":"https:\/\/www.europesays.com\/es\/wp-json\/wp\/v2\/users\/2"}],"replies":[{"embeddable":true,"href":"https:\/\/www.europesays.com\/es\/wp-json\/wp\/v2\/comments?post=125010"}],"version-history":[{"count":0,"href":"https:\/\/www.europesays.com\/es\/wp-json\/wp\/v2\/posts\/125010\/revisions"}],"wp:featuredmedia":[{"embeddable":true,"href":"https:\/\/www.europesays.com\/es\/wp-json\/wp\/v2\/media\/125011"}],"wp:attachment":[{"href":"https:\/\/www.europesays.com\/es\/wp-json\/wp\/v2\/media?parent=125010"}],"wp:term":[{"taxonomy":"category","embeddable":true,"href":"https:\/\/www.europesays.com\/es\/wp-json\/wp\/v2\/categories?post=125010"},{"taxonomy":"post_tag","embeddable":true,"href":"https:\/\/www.europesays.com\/es\/wp-json\/wp\/v2\/tags?post=125010"}],"curies":[{"name":"wp","href":"https:\/\/api.w.org\/{rel}","templated":true}]}}