{"id":125024,"date":"2025-09-19T10:58:07","date_gmt":"2025-09-19T10:58:07","guid":{"rendered":"https:\/\/www.europesays.com\/es\/125024\/"},"modified":"2025-09-19T10:58:07","modified_gmt":"2025-09-19T10:58:07","slug":"el-ine-eleva-tres-decimas-hasta-el-35-el-crecimiento-economico-de-espana-en-2024","status":"publish","type":"post","link":"https:\/\/www.europesays.com\/es\/125024\/","title":{"rendered":"El INE eleva tres d\u00e9cimas hasta el 3,5% el crecimiento econ\u00f3mico de Espa\u00f1a en 2024"},"content":{"rendered":"<p class=\"L6-news-detail__text\">El Instituto Nacional de Estad\u00edstica (INE) ha revisado tres d\u00e9cimas al alza el crecimiento econ\u00f3mico de 2024, <b>hasta el 3,5%<\/b>, con una mayor contribuci\u00f3n de la demanda interna debido sobre todo a un incremento de la inversi\u00f3n m\u00e1s intenso del calculado anteriormente (4,7% frente al 1,9%).<\/p>\n<p class=\"L6-news-detail__text\">El INE ha publicado este viernes la revisi\u00f3n del producto interior bruto (PIB) anual del periodo <b>1995-2024,<\/b> que detalla que el cambio de 2024 ha estado propiciado por <b>una mayor aportaci\u00f3n de la demanda interna (consumo e inversi\u00f3n)<\/b>: 3,3 puntos porcentuales frente a los 2,8 previos.<\/p>\n<p class=\"L6-news-detail__text\">El <b>consumo de los hogares<\/b> se revisa dos d\u00e9cimas al alza, hasta el 3,1%; el consumo p\u00fablico se recorta 1,2 puntos, hasta el 2,9%; y la inversi\u00f3n se dispara 2,8 puntos frente al c\u00e1lculo anterior, hasta el 4,7%, debido seg\u00fan el INE al crecimiento de la variaci\u00f3n de existencias en 2024 respecto a 2023.<\/p>\n<p class=\"L6-news-detail__text\">La <b>demanda externa<\/b> (exportaciones e importaciones) aporta dos d\u00e9cimas menos respecto al c\u00e1lculo anterior (0,2 puntos frente a 0,4), ya que el incremento en volumen de las exportaciones se situ\u00f3 en el 3,2% (frente al 3,1% estimado en marzo) y las importaciones crecieron un 2,9% (frente al 2,4% previo).<\/p>\n<p class=\"L6-news-detail__text\">As\u00ed, el valor del PIB a precios corrientes para 2024 fue de <b>1.594.330 millones de euros<\/b>, 2.703 millones m\u00e1s que el inicialmente estimado y un incremento del 0,2%.<\/p>\n<p class=\"L6-news-detail__text\">En cuanto al <b>empleo<\/b>, la tasa de variaci\u00f3n en t\u00e9rminos de puestos de trabajo equivalentes a tiempo completo se revisa cuatro d\u00e9cimas al alza, hasta el 2,8 %, mientras que las horas trabajadas crecieron un 2,2% (frente al 1,9% previo) y la remuneraci\u00f3n de asalariados revisa su tasa cuatro d\u00e9cimas a la baja, hasta el 7,3%.<\/p>\n<p class=\"L6-news-detail__text\">Respecto a a\u00f1os anteriores, <b>el INE ha rebajado dos d\u00e9cimas el crecimiento de 2023<\/b>, hasta el 2,5%, y <b>ha elevado dos d\u00e9cimas el del a\u00f1o 2022<\/b>, hasta el 6,4%, un dato que ha establecido como definitivo.<\/p>\n<p class=\"L6-support-news-video__title\">La ca\u00edda de Musk<\/p>\n<p>            <a href=\"https:\/\/www.lasexta.com\/noticias\/economia\/elon-musk-hombre-mas-rico-mundo-larry-ellison-roba-titulo-393000-millones-dolares_2025091068c1a5afbf88027389794809.html\" class=\"L6-news__link\" rel=\"nofollow noopener\" target=\"_blank\"><br \/>\n                Elon Musk ya no es el hombre m\u00e1s rico del mundo: Larry Ellison le roba el t\u00edtulo con 393.000 millones de d\u00f3lares<\/p>\n<p class=\"recirculation-video-desc\">Los datos La empresa Oracle Corp. ha obtenido unos resultados trimestrales inesperados que han aumentado en 101 mil millones de d\u00f3lares el patrimonio total de Ellison.<\/p>\n<p>            <\/a><\/p>\n","protected":false},"excerpt":{"rendered":"El Instituto Nacional de Estad\u00edstica (INE) ha revisado tres d\u00e9cimas al alza el crecimiento econ\u00f3mico de 2024, hasta&hellip;\n","protected":false},"author":2,"featured_media":125025,"comment_status":"","ping_status":"","sticky":false,"template":"","format":"standard","meta":{"footnotes":""},"categories":[80],"tags":[82,95,94,25,24,23],"class_list":{"0":"post-125024","1":"post","2":"type-post","3":"status-publish","4":"format-standard","5":"has-post-thumbnail","7":"category-economia","8":"tag-business","9":"tag-economia","10":"tag-economy","11":"tag-es","12":"tag-espana","13":"tag-spain"},"share_on_mastodon":{"url":"","error":""},"_links":{"self":[{"href":"https:\/\/www.europesays.com\/es\/wp-json\/wp\/v2\/posts\/125024","targetHints":{"allow":["GET"]}}],"collection":[{"href":"https:\/\/www.europesays.com\/es\/wp-json\/wp\/v2\/posts"}],"about":[{"href":"https:\/\/www.europesays.com\/es\/wp-json\/wp\/v2\/types\/post"}],"author":[{"embeddable":true,"href":"https:\/\/www.europesays.com\/es\/wp-json\/wp\/v2\/users\/2"}],"replies":[{"embeddable":true,"href":"https:\/\/www.europesays.com\/es\/wp-json\/wp\/v2\/comments?post=125024"}],"version-history":[{"count":0,"href":"https:\/\/www.europesays.com\/es\/wp-json\/wp\/v2\/posts\/125024\/revisions"}],"wp:featuredmedia":[{"embeddable":true,"href":"https:\/\/www.europesays.com\/es\/wp-json\/wp\/v2\/media\/125025"}],"wp:attachment":[{"href":"https:\/\/www.europesays.com\/es\/wp-json\/wp\/v2\/media?parent=125024"}],"wp:term":[{"taxonomy":"category","embeddable":true,"href":"https:\/\/www.europesays.com\/es\/wp-json\/wp\/v2\/categories?post=125024"},{"taxonomy":"post_tag","embeddable":true,"href":"https:\/\/www.europesays.com\/es\/wp-json\/wp\/v2\/tags?post=125024"}],"curies":[{"name":"wp","href":"https:\/\/api.w.org\/{rel}","templated":true}]}}