{"id":125026,"date":"2025-09-19T10:59:10","date_gmt":"2025-09-19T10:59:10","guid":{"rendered":"https:\/\/www.europesays.com\/es\/125026\/"},"modified":"2025-09-19T10:59:10","modified_gmt":"2025-09-19T10:59:10","slug":"kallas-insta-a-los-estados-miembros-a-apoyar-el-plan-de-la-ue-de-sancionar-el-comercio-israeli","status":"publish","type":"post","link":"https:\/\/www.europesays.com\/es\/125026\/","title":{"rendered":"Kallas insta a los Estados miembros a apoyar el plan de la UE de sancionar el comercio israel\u00ed"},"content":{"rendered":"<p>          <img decoding=\"async\" class=\"c-ad__placeholder__logo\" src=\"https:\/\/static.euronews.com\/website\/images\/logos\/logo-euronews-stacked-outlined-72x72-grey-9.svg\" width=\"72\" height=\"72\" alt=\"\" loading=\"lazy\"\/><br \/>\n          PUBLICIDAD<\/p>\n<p>En una entrevista con &#8216;Euronews&#8217;, la alta representante de la UE para Asuntos Exteriores, Kaja Kallas, confirm\u00f3 la estrategia de suspender las disposiciones comerciales del Acuerdo de Asociaci\u00f3n Israel-UE.<\/p>\n<p>La UE es el mayor socio comercial de Israel. \u00abTenemos un comercio de 42.600 millones de euros con Israel, en 2024. Por lo tanto, es una cantidad significativa. Y en lo que respecta al trato preferencial, el 37% de ese comercio tiene realmente un trato preferencial. As\u00ed que definitivamente este paso tendr\u00e1 un alto coste para Israel\u00bb, confirm\u00f3 Kaja Kallas.<\/p>\n<p>Sin embargo, corresponde a los Estados miembros de la UE decidir si la medida puede aprobarse y, hasta ahora, varios Estados miembros han bloqueado continuamente los esfuerzos para sancionar a Israel debido a los requisitos de votaci\u00f3n.<\/p>\n<p>Alemania, Italia, la Rep\u00fablica Checa, Austria, Hungr\u00eda y Bulgaria han impedido resueltamente que la UE responda a las infracciones israel\u00edes del derecho internacional, incluidas las infracciones del art\u00edculo 2 del Acuerdo de Asociaci\u00f3n UE-EE. UU.<\/p>\n<p>\u00abEl asunto debe ser acordado entre una mayor\u00eda cualificada de Estados miembros, lo que significa que al menos uno de los pa\u00edses m\u00e1s grandes -Alemania o Italia- tendr\u00e1 que apoyar la candidatura para que salga adelante\u00bb, dijo.<\/p>\n<p>Kallas afirma que si Alemania y otros pa\u00edses no est\u00e1n dispuestos a respaldar las propuestas de la UE, como las sanciones comerciales para presionar a Israel, entonces deben presentar sus propios planes. \u00abSi no apoyan estas medidas, \u00bfqu\u00e9 medidas pueden apoyar?\u00bb, declar\u00f3 a &#8216;Europe Conversation&#8217; de &#8216;Euronews&#8217;. \u00abTrae alternativas\u00bb, dijo.<\/p>\n<p>\u00abAl mismo tiempo, Alemania ha dado un paso cuando se trata de detener las entregas de armas a Israel, lo que es un paso significativo tambi\u00e9n por parte de Alemania, y teniendo en cuenta su opini\u00f3n p\u00fablica, tambi\u00e9n ha sido dif\u00edcil para ellos\u00bb, dijo.<\/p>\n<p>\u00abPutin s\u00f3lo se burla\u00bb<\/p>\n<p>En cuanto a Ucrania, la alta representante de la UE para Asuntos Exteriores y Pol\u00edtica de Seguridad (ARVP) afirm\u00f3 que \u00abPutin no hace m\u00e1s que burlarse\u00bb de todos los esfuerzos recientes de Estados Unidos por poner fin a la guerra.<\/p>\n<p>\u00abSi se piensa en las reuniones de Alaska, lo que ocurri\u00f3 despu\u00e9s es que Putin increment\u00f3 sus ataques. Fue el mayor ataque a\u00e9reo contra Ucrania, ahora incursi\u00f3n contra Polonia. Deber\u00eda permitirnos comprender muy bien a qu\u00e9 nos enfrentamos\u00bb, declar\u00f3 a &#8216;Euronews&#8217;.<\/p>\n<p>Kallas tambi\u00e9n advirti\u00f3 de que Rusia estaba \u00abponiendo a prueba\u00bb a Occidente y sembrando la divisi\u00f3n en los pa\u00edses de la UE para intentar reducir el apoyo a Ucrania.<\/p>\n<p>\u00abPutin est\u00e1 poniendo claramente a prueba a Occidente, hasta d\u00f3nde puede llegar, y ahora depende de nosotros cu\u00e1l es nuestra respuesta y cu\u00e1n fuerte es, c\u00f3mo se lo permitimos\u00bb, dijo.<\/p>\n<p>\u00abLo que tenemos que tener en cuenta es que Putin tambi\u00e9n quiere sembrar el miedo dentro de nuestras sociedades para que nuestros gobiernos se abstengan de apoyar a Ucrania, porque, ya sabes, decir que no quieres esta guerra aqu\u00ed, as\u00ed que no apoyes a Ucrania, deja que los rusos tengan lo que quieren\u00bb, dijo a &#8216;Euronews&#8217;.<\/p>\n<p>Lea la entrevista con Shona Murray, de &#8216;Euronews&#8217;, a continuaci\u00f3n, y v\u00e9ala \u00edntegramente en el reproductor de arriba.<\/p>\n<p><strong>Pregunta: Ahora tenemos este anuncio sin precedentes de la Comisi\u00f3n Europea de suspender las disposiciones comerciales del Acuerdo de Asociaci\u00f3n UE-Israel. \u00bfPuede darnos m\u00e1s detalles al respecto, porque, por supuesto, no tiene precedentes, pero la otra pregunta es si se aprobar\u00e1 entre los Estados miembros?<\/strong><\/p>\n<p>Respuesta: Esa es siempre la cuesti\u00f3n. Recuerde, en julio, di las opciones al Consejo Europeo, tambi\u00e9n a los ministros de Asuntos Exteriores, \u00bfcu\u00e1les son las herramientas para presionar realmente al Gobierno israel\u00ed para que cambie de rumbo? Porque si todo el mundo est\u00e1 de acuerdo en el diagn\u00f3stico, entonces la pregunta para nosotros es: \u00bfqu\u00e9 hacemos al respecto? Y ahora las propuestas est\u00e1n sobre la mesa. Una de ellas es la suspensi\u00f3n de la parte comercial del acuerdo de asociaci\u00f3n. Tenemos un comercio de 42.600 millones de euros con Israel, en 2024. Por lo tanto, es una cantidad significativa. Y en lo que respecta al trato preferencial, el 37% de ese comercio tiene realmente un trato preferencial. As\u00ed que, definitivamente, este paso tendr\u00e1 un alto coste para Israel. Ahora bien, la pregunta que ha planteado es muy correcta. \u00bfSe aprobar\u00e1 en el Consejo?<\/p>\n<p><strong>Pregunta: Para confirmarlo, el 37% de 42.000 millones es lo que hay sobre la mesa.<\/strong><\/p>\n<p>Respuesta: Es el trato preferente en virtud de este acuerdo de asociaci\u00f3n.<\/p>\n<p><strong>Pregunta: \u00bfSe aplicar\u00e1n aranceles a las mercanc\u00edas procedentes de Israel?<\/strong><\/p>\n<p>Respuesta: S\u00ed.<\/p>\n<p><strong>Pregunta: De acuerdo. Pues bien, uno de los principales pa\u00edses que bloquea todo esto, al tratarse de una mayor\u00eda cualificada y no de una votaci\u00f3n un\u00e1nime sobre esta propuesta concreta, es Alemania. Y as\u00ed ha sido sistem\u00e1ticamente durante los dos \u00faltimos a\u00f1os. \u00bfQu\u00e9 le dir\u00eda al Gobierno alem\u00e1n si decide bloquearlo de nuevo?<\/strong><\/p>\n<p>Respuesta: En el Consejo de Asuntos Exteriores mantuvimos intensos debates al respecto. Y mi pregunta a todos los hom\u00f3logos, porque no se trata s\u00f3lo de Alemania, era que si est\u00e1n de acuerdo en el diagn\u00f3stico de que la situaci\u00f3n es extremadamente grave, la situaci\u00f3n es desastrosa e insostenible, entonces la pregunta es \u00bfqu\u00e9 hacemos al respecto? Si no apoya estas medidas, \u00bfqu\u00e9 medidas puede apoyar? Trae alternativas. Al mismo tiempo, Alemania ha dado un paso cuando se trata de detener las entregas de armas a Israel, lo cual es un paso significativo tambi\u00e9n por parte de Alemania, y teniendo en cuenta su opini\u00f3n p\u00fablica, tambi\u00e9n ha sido dif\u00edcil para ellos.<\/p>\n<p><strong>Pregunta: Respecto al anuncio de hoy, hemos visto esta ofensiva terrestre en Gaza, tambi\u00e9n hemos visto en la \u00faltima semana a la Asociaci\u00f3n Internacional de Expertos del Genocidio diciendo que lo que est\u00e1 sucediendo en Gaza es un genocidio, el comit\u00e9 de la ONU ha dicho lo mismo. Por supuesto, Israel dir\u00e1 que es una respuesta al ataque de Ham\u00e1s del 7 de octubre y que van a por Ham\u00e1s.<\/strong><\/p>\n<p><strong>Pero \u00bfcu\u00e1l es su impresi\u00f3n de la situaci\u00f3n en Gaza?<\/strong><\/p>\n<p>Respuesta: La ofensiva de Gaza s\u00f3lo traer\u00e1 m\u00e1s destrucci\u00f3n, devastaci\u00f3n y tambi\u00e9n p\u00e9rdida de vidas civiles. No vemos que tenga un resultado real. El resultado tiene que ser un alto el fuego, un grupo de las partes y la liberaci\u00f3n de todos los rehenes. Y por lo tanto, tambi\u00e9n estamos apoyando todos los esfuerzos al respecto.<\/p>\n<p><strong>Pregunta: Sabemos que corresponde a los tribunales decidir si se est\u00e1 produciendo un genocidio, pero \u00bfcu\u00e1l es su impresi\u00f3n ante estas organizaciones que afirman que se est\u00e1 produciendo un genocidio y que la propia Convenci\u00f3n sobre el Genocidio dice que todo el mundo tiene la obligaci\u00f3n positiva de prevenir el genocidio?<\/strong><\/p>\n<p>Respuesta: No, por supuesto, por eso tambi\u00e9n nos hemos puesto de acuerdo con Israel sobre el entendimiento humanitario para evitar realmente que ocurran todas estas atrocidades, para ayudar realmente a la gente sobre el terreno.<\/p>\n<p><strong>Pregunta: \u00bfCree que puede ser un genocidio?<\/strong><\/p>\n<p>Respuesta: Bueno, en realidad no importa lo que yo piense, porque, como usted ha dicho, la rendici\u00f3n de cuentas procede de los tribunales y del derecho internacional. As\u00ed que estas instituciones han declarado que este es el an\u00e1lisis. Y, por supuesto, corresponde a los tribunales decidir cu\u00e1l es la verdadera responsabilidad al respecto.<\/p>\n<p><strong>Pregunta: De acuerdo, ustedes llegaron a un acuerdo con Israel a principios de verano para aumentar sustancialmente la cantidad de ayuda humanitaria, los cruces fronterizos y dem\u00e1s, o los cruces para permitir la entrada de m\u00e1s camiones, pero eso no se ha materializado, no de la forma en que se acord\u00f3, porque deben estar muy decepcionados porque en un momento dado hubo esperanzas de que se pudiera salvar a algunas personas, pero en realidad, d\u00edas despu\u00e9s, momentos despu\u00e9s, de que se firmara ese acuerdo o ni siquiera se firm\u00f3 o se acord\u00f3 vimos c\u00f3mo se mataba a ni\u00f1os en lugares humanitarios intentando conseguir agua.<\/strong><\/p>\n<p>Respuesta: Ha sido muy dif\u00edcil, ya que hemos intentado hacer todo lo posible para mejorar la situaci\u00f3n sobre el terreno. Ahora, el entendimiento que ten\u00edamos, ten\u00eda muchos elementos. Quiero decir, m\u00e1s camiones entrando. Antes de julio, no entraban camiones con ayuda humanitaria. Despu\u00e9s de eso, en total entraron m\u00e1s de 2.090 camiones, as\u00ed que es m\u00e1s que cero, pero no es suficiente, estoy de acuerdo con usted. Tambi\u00e9n la reparaci\u00f3n de infraestructuras cr\u00edticas, la desalinizaci\u00f3n del agua, el agua que llega a Gaza, tambi\u00e9n la apertura de los pasos fronterizos y las ra\u00edces de Jordania y Egipto. As\u00ed pues, vimos c\u00f3mo se aplicaba, pero segu\u00eda siendo insuficiente y, al mismo tiempo, c\u00f3mo se disparaba contra la gente que iba a recibir ayuda humanitaria. Eso no va en la direcci\u00f3n correcta, y por eso estamos intentando presionar al Gobierno israel\u00ed para que cambie de rumbo.<\/p>\n<p><strong>Pregunta: Y no entraban camiones en Gaza, es decir, literalmente no entraba comida, ni leche de f\u00f3rmula, ni nada.<\/strong><\/p>\n<p>Respuesta: Antes de julio. Despu\u00e9s de eso, s\u00ed, hubo m\u00e1s.<\/p>\n<p><strong>Pregunta: Israel tambi\u00e9n atac\u00f3 a los l\u00edderes de Ham\u00e1s en Catar en medio de estas negociaciones de rehenes y negociaciones de paz. Incluso el mayor aliado de Israel, Estados Unidos, se ha mostrado muy cr\u00edtico al respecto. Quiero decir, \u00bfqu\u00e9 hace eso por la posibilidad de poner fin a la situaci\u00f3n?<\/strong><\/p>\n<p>Respuesta: Vemos que no hay soluci\u00f3n militar a ese conflicto. De lo contrario, ya se habr\u00eda conseguido si nos fijamos en lo que est\u00e1 ocurriendo en Gaza. As\u00ed que apoyamos realmente todos los esfuerzos diplom\u00e1ticos para lograr un alto el fuego y tambi\u00e9n la liberaci\u00f3n de los rehenes. Por desgracia, no estamos all\u00ed.<\/p>\n<p><strong>Pregunta: Y hemos o\u00eddo decir al presidente del Gobierno espa\u00f1ol, Pedro S\u00e1nchez, que Israel debe ser excluido de todos los acontecimientos deportivos y culturales. Hemos visto a algunos pa\u00edses, Holanda, Irlanda, etc., decir que no asistir\u00e1n a Eurovisi\u00f3n si se permite a Israel hacerlo. \u00bfCu\u00e1l es su opini\u00f3n sobre esa congelaci\u00f3n de Israel, un poco a la manera de Sud\u00e1frica durante la \u00e9poca del apartheid?<\/strong><\/p>\n<p>Respuesta: Tambi\u00e9n es lo que deber\u00eda ser con los atletas rusos y tambi\u00e9n han sido los pasos que se han dado. Quiero decir, esto est\u00e1 dando claramente los mensajes de aislamiento internacional, que el p\u00fablico de diferentes pa\u00edses, de esos pa\u00edses, no apoya lo que el Gobierno israel\u00ed est\u00e1 haciendo. Lo que realmente quiero destacar es que tambi\u00e9n vemos las manifestaciones en Israel. No es el pueblo israel\u00ed, sino que es el Gobierno israel\u00ed el que ha tomado tales medidas que est\u00e1n creando tambi\u00e9n la situaci\u00f3n en nuestra opini\u00f3n p\u00fablica para ir en contra de esto.<\/p>\n<p><strong>Pregunta: \u00bfCree que se les podr\u00eda tachar de antisemitas o que hay algo de antisemitismo en este planteamiento de dejar fuera a los israel\u00edes?<\/strong><\/p>\n<p>Respuesta: Esta es, por supuesto, la acusaci\u00f3n de la otra parte y por eso quiero mantener la clara distinci\u00f3n de que no son todos los pasos los que estamos dando tambi\u00e9n a nivel europeo. No es contra el pueblo israel\u00ed. Es para cambiar la presi\u00f3n del Gobierno israel\u00ed, para cambiar de rumbo.<\/p>\n<p><strong>Pregunta: Ahora, desde el punto de vista ucraniano, tuvimos esas 19 incursiones de drones en Polonia. Tambi\u00e9n hubo una anoche sobre el palacio presidencial. La sensaci\u00f3n es que Putin ya no tiene aversi\u00f3n al riesgo cuando hace cosas como \u00e9sta.<\/strong><\/p>\n<p>Respuesta: No, Putin est\u00e1 poniendo claramente a prueba a Occidente, hasta d\u00f3nde puede llegar, y ahora depende de nosotros cu\u00e1l es nuestra respuesta y cu\u00e1n fuerte es, c\u00f3mo se lo permitimos. Lo que tenemos que tener en cuenta es que Putin tambi\u00e9n quiere sembrar el miedo dentro de nuestras sociedades para que nuestros gobiernos se abstengan de apoyar a Ucrania, porque diciendo que no quieres esta guerra, es decir, no apoyar a Ucrania, deja que los rusos tengan lo que quieren. Pero este es un enfoque equivocado, porque esto es exactamente lo que quieren los rusos, lo conseguir\u00e1n y la agresi\u00f3n dar\u00e1 sus frutos, conseguir\u00e1n lo que quieren en Ucrania, y entonces todos estaremos en peligro. Creo que debemos tenerlo en cuenta.<\/p>\n<p><strong>Pregunta: Pero tambi\u00e9n intenta se\u00f1alar la diferencia en la OTAN entre el enfoque estadounidense y el europeo. Y eso es obviamente preocupante, \u00bfverdad?<\/strong><\/p>\n<p>Respuesta: Absolutamente, y por eso nuestra respuesta debe ser la unidad, porque \u00e9l quiere dividirnos. Eso est\u00e1 muy claro. Quiere dividirnos en la relaci\u00f3n transatl\u00e1ntica, pero tambi\u00e9n dividirnos en Europa, porque cuando estamos divididos, somos m\u00e1s d\u00e9biles. Eso est\u00e1 muy claro. As\u00ed que nuestra respuesta es que no vamos a dejar que lo haga.<\/p>\n<p><strong>Pregunta: \u00bfPero no tiene raz\u00f3n? Es decir, Estados Unidos no ha aplicado ninguna sanci\u00f3n desde la administraci\u00f3n Trump a Rusia. Ninguna de las amenazas contra Rusia en torno al alto el fuego, en torno a las repercusiones de no tener un alto el fuego, se han materializado. Donald Trump no ha hecho nada y no hay se\u00f1ales de garant\u00edas de seguridad.<\/strong><\/p>\n<p>Respuesta: Pues s\u00ed, si nos fijamos en los esfuerzos de paz que ha hecho el presidente Trump, Putin no hace m\u00e1s que burlarse de todos esos esfuerzos. Si piensa en las reuniones de Alaska, lo que ocurri\u00f3 despu\u00e9s es que Putin increment\u00f3 sus ataques. Fue el mayor ataque a\u00e9reo contra Ucrania, ahora una incursi\u00f3n contra Polonia. Por supuesto, estamos en contacto con nuestros socios transatl\u00e1nticos para mantener la unidad y cooperar tambi\u00e9n en materia de sanciones, porque si queremos que esta guerra termine, debemos presionar a quien realmente quiere la guerra, que es Rusia.<\/p>\n<p><strong>Pregunta: Y si esto vuelve a ocurrir, m\u00e1s incursiones, sobre todo porque el coste de intentar derribarlos es enorme para Polonia y la OTAN, estos peque\u00f1os drones que no son caros, cuestan much\u00edsimo para defender el territorio europeo.<\/strong><\/p>\n<p>Respuesta: Y por eso hemos propuesto la idea del muro de drones, para que no cueste tanto. Tienes los sensores para poder obtener informaci\u00f3n de por d\u00f3nde vienen los drones, adem\u00e1s tienes los drones interceptores, para que el dron pueda derribar drones. Y eso no cuesta tanto y lo hemos propuesto y ayer estuve en la OTAN hablando con el SACEUR, tambi\u00e9n de c\u00f3mo podemos cooperar en este sentido, porque nuestros intereses est\u00e1n muy alineados.<\/p>\n","protected":false},"excerpt":{"rendered":"PUBLICIDAD En una entrevista con &#8216;Euronews&#8217;, la alta representante de la UE para Asuntos Exteriores, Kaja Kallas, confirm\u00f3&hellip;\n","protected":false},"author":2,"featured_media":125027,"comment_status":"","ping_status":"","sticky":false,"template":"","format":"standard","meta":{"footnotes":""},"categories":[42],"tags":[17,18,13,14,11,61,62,63,64,74,19,20,9,10,15,16,40805,40806,12,21,22,1617,65,66,67],"class_list":{"0":"post-125026","1":"post","2":"type-post","3":"status-publish","4":"format-standard","5":"has-post-thumbnail","7":"category-internacional","8":"tag-breaking-news","9":"tag-breakingnews","10":"tag-featured-news","11":"tag-featurednews","12":"tag-headlines","13":"tag-internacional","14":"tag-international","15":"tag-international-news","16":"tag-internationalnews","17":"tag-israel","18":"tag-latest-news","19":"tag-latestnews","20":"tag-news","21":"tag-noticias","22":"tag-noticias-destacadas","23":"tag-noticiasdestacadas","24":"tag-politica-europea","25":"tag-politica-exterior-de-la-ue","26":"tag-titulares","27":"tag-ultimas-noticias","28":"tag-ultimasnoticias","29":"tag-union-europea","30":"tag-world","31":"tag-world-news","32":"tag-worldnews"},"share_on_mastodon":{"url":"","error":""},"_links":{"self":[{"href":"https:\/\/www.europesays.com\/es\/wp-json\/wp\/v2\/posts\/125026","targetHints":{"allow":["GET"]}}],"collection":[{"href":"https:\/\/www.europesays.com\/es\/wp-json\/wp\/v2\/posts"}],"about":[{"href":"https:\/\/www.europesays.com\/es\/wp-json\/wp\/v2\/types\/post"}],"author":[{"embeddable":true,"href":"https:\/\/www.europesays.com\/es\/wp-json\/wp\/v2\/users\/2"}],"replies":[{"embeddable":true,"href":"https:\/\/www.europesays.com\/es\/wp-json\/wp\/v2\/comments?post=125026"}],"version-history":[{"count":0,"href":"https:\/\/www.europesays.com\/es\/wp-json\/wp\/v2\/posts\/125026\/revisions"}],"wp:featuredmedia":[{"embeddable":true,"href":"https:\/\/www.europesays.com\/es\/wp-json\/wp\/v2\/media\/125027"}],"wp:attachment":[{"href":"https:\/\/www.europesays.com\/es\/wp-json\/wp\/v2\/media?parent=125026"}],"wp:term":[{"taxonomy":"category","embeddable":true,"href":"https:\/\/www.europesays.com\/es\/wp-json\/wp\/v2\/categories?post=125026"},{"taxonomy":"post_tag","embeddable":true,"href":"https:\/\/www.europesays.com\/es\/wp-json\/wp\/v2\/tags?post=125026"}],"curies":[{"name":"wp","href":"https:\/\/api.w.org\/{rel}","templated":true}]}}