{"id":125059,"date":"2025-09-19T11:25:08","date_gmt":"2025-09-19T11:25:08","guid":{"rendered":"https:\/\/www.europesays.com\/es\/125059\/"},"modified":"2025-09-19T11:25:08","modified_gmt":"2025-09-19T11:25:08","slug":"el-ine-revisa-al-alza-el-crecimiento-del-pib-espanol-en-2024-hasta-el-35","status":"publish","type":"post","link":"https:\/\/www.europesays.com\/es\/125059\/","title":{"rendered":"El INE revisa al alza el crecimiento del PIB espa\u00f1ol en 2024, hasta el 3,5"},"content":{"rendered":"\n<p class=\"yf-1090901\">19 sep -El Instituto Nacional de Estad\u00edstica (INE) de Espa\u00f1a revis\u00f3 el viernes al alza la tasa de crecimiento del producto interior bruto del pa\u00eds para 2024, hasta el 3,5% desde el 3,2% inicial, tras computar los datos definitivos.<\/p>\n<p class=\"yf-1090901\">El INE tambi\u00e9n revis\u00f3 a la baja los datos de crecimiento anual del PIB de 2023, hasta el 2,5%, desde el 2,7% anterior, y revis\u00f3 al alza los datos de 2022, hasta una expansi\u00f3n del 6,4%, desde el 6,2% anterior.<\/p>\n<p class=\"yf-1090901\">La econom\u00eda espa\u00f1ola ha superado sistem\u00e1ticamente a sus hom\u00f3logas de la eurozona en los \u00faltimos a\u00f1os.<\/p>\n<p class=\"yf-1090901\">El martes, el Gobierno elev\u00f3 su previsi\u00f3n de crecimiento para 2025 del 2,6% al 2,7%, considerablemente por encima de la expansi\u00f3n estimada del 0,2% de Alemania y del 0,6% de Francia.<\/p>\n<p class=\"yf-1090901\">La semana pasada, S&amp;P Global elev\u00f3 la calificaci\u00f3n crediticia soberana a largo plazo de Espa\u00f1a de \u00abA\u00bb a \u00abA+\u00bb, se\u00f1alando una mejora de las finanzas exteriores del pa\u00eds impulsada por el sector privado, respaldada por el elevado ahorro y la solidez de las exportaciones.<\/p>\n<p class=\"yf-1090901\">(Informaci\u00f3n de Joao Manuel Mauricio y Javi West Larra\u00f1aga, edici\u00f3n de Inti Landauro y David Latona; edici\u00f3n en espa\u00f1ol de Mar\u00eda Bayarri C\u00e1rdenas)<\/p>\n","protected":false},"excerpt":{"rendered":"19 sep -El Instituto Nacional de Estad\u00edstica (INE) de Espa\u00f1a revis\u00f3 el viernes al alza la tasa de&hellip;\n","protected":false},"author":2,"featured_media":125060,"comment_status":"","ping_status":"","sticky":false,"template":"","format":"standard","meta":{"footnotes":""},"categories":[80],"tags":[7429,82,95,94,25,24,8068,37426,23,9876],"class_list":{"0":"post-125059","1":"post","2":"type-post","3":"status-publish","4":"format-standard","5":"has-post-thumbnail","7":"category-economia","8":"tag-alza","9":"tag-business","10":"tag-economia","11":"tag-economy","12":"tag-es","13":"tag-espana","14":"tag-ine","15":"tag-instituto-nacional-de-estadistica","16":"tag-spain","17":"tag-tasa-de-crecimiento"},"share_on_mastodon":{"url":"","error":""},"_links":{"self":[{"href":"https:\/\/www.europesays.com\/es\/wp-json\/wp\/v2\/posts\/125059","targetHints":{"allow":["GET"]}}],"collection":[{"href":"https:\/\/www.europesays.com\/es\/wp-json\/wp\/v2\/posts"}],"about":[{"href":"https:\/\/www.europesays.com\/es\/wp-json\/wp\/v2\/types\/post"}],"author":[{"embeddable":true,"href":"https:\/\/www.europesays.com\/es\/wp-json\/wp\/v2\/users\/2"}],"replies":[{"embeddable":true,"href":"https:\/\/www.europesays.com\/es\/wp-json\/wp\/v2\/comments?post=125059"}],"version-history":[{"count":0,"href":"https:\/\/www.europesays.com\/es\/wp-json\/wp\/v2\/posts\/125059\/revisions"}],"wp:featuredmedia":[{"embeddable":true,"href":"https:\/\/www.europesays.com\/es\/wp-json\/wp\/v2\/media\/125060"}],"wp:attachment":[{"href":"https:\/\/www.europesays.com\/es\/wp-json\/wp\/v2\/media?parent=125059"}],"wp:term":[{"taxonomy":"category","embeddable":true,"href":"https:\/\/www.europesays.com\/es\/wp-json\/wp\/v2\/categories?post=125059"},{"taxonomy":"post_tag","embeddable":true,"href":"https:\/\/www.europesays.com\/es\/wp-json\/wp\/v2\/tags?post=125059"}],"curies":[{"name":"wp","href":"https:\/\/api.w.org\/{rel}","templated":true}]}}