{"id":125063,"date":"2025-09-19T11:27:20","date_gmt":"2025-09-19T11:27:20","guid":{"rendered":"https:\/\/www.europesays.com\/es\/125063\/"},"modified":"2025-09-19T11:27:20","modified_gmt":"2025-09-19T11:27:20","slug":"asi-funcionara-el-seguro-de-alquiler-publico-cubrira-impagos-de-jovenes-en-zonas-tensionadas-y-en-ningun-caso-perdonara-la-deuda-economia-y-negocios","status":"publish","type":"post","link":"https:\/\/www.europesays.com\/es\/125063\/","title":{"rendered":"As\u00ed funcionar\u00e1 el seguro de alquiler p\u00fablico: cubrir\u00e1 impagos de j\u00f3venes en zonas tensionadas y en ning\u00fan caso perdonar\u00e1 la deuda | Econom\u00eda y negocios"},"content":{"rendered":"<p class=\"loc\">Madrid<\/p>\n<p>La letra peque\u00f1a del &#8216;tranquiler p\u00fablico&#8217; ya est\u00e1 aqu\u00ed. El seguro que propone el Gobierno replica algunas iniciativas privadas que ya existen y busca dar seguridad a los propietarios. La iniciativa se incluye en el <a href=\"https:\/\/cadenaser.com\/nacional\/2025\/09\/17\/el-gobierno-propone-flexibilizar-los-requisitos-del-bono-al-alquiler-consulta-la-letra-pequena-de-las-nuevas-ayudas-de-vivienda-para-jovenes-cadena-ser\/\" target=\"_blank\" rel=\"nofollow noopener\" title=\"https:\/\/cadenaser.com\/nacional\/2025\/09\/17\/el-gobierno-propone-flexibilizar-los-requisitos-del-bono-al-alquiler-consulta-la-letra-pequena-de-las-nuevas-ayudas-de-vivienda-para-jovenes-cadena-ser\/\">borrador del Plan Estatal de Vivienda 2026-2030<\/a> que deber\u00e1n suscribir las comunidades aut\u00f3nomas. <\/p>\n<p>M\u00e1s informaci\u00f3n<\/p>\n<p>Solo para quienes alquilen a precios asequibles<\/p>\n<p>El programa solo estar\u00e1 disponible en Zonas de Mercado Tensionado (ahora, unas 300 en toda Espa\u00f1a) y para aquellos propietarios que alquilen a precios asequibles. <\/p>\n<p>Este seguro p\u00fablico deber\u00e1 de suscribirse de mutuo acuerdo entre arrendador y arrendatario. Solo podr\u00e1n acogerse aquellos inquilinos que sean j\u00f3venes de 35 a\u00f1os o menos, los mayores de 65 a\u00f1os, quienes tengan una discapacidad reconocida igual o superior al 40%, o las familias monoparentales con hijo a cargo.<\/p>\n<p>M\u00e1s informaci\u00f3n<\/p>\n<p>Qu\u00e9 cubrir\u00e1 el seguro y durante cu\u00e1nto tiempo<\/p>\n<p>El seguro cubrir\u00e1 tanto las mensualidades impagadas por parte del inquilino, como los suministros (agua, luz, gas&#8230;), as\u00ed como los da\u00f1os causados en la vivienda. La fianza, sin embargo, no se descuenta en el seguro. <\/p>\n<p>Plazos para pedir la cobertura <\/p>\n<p>En caso de impago, lo primero que debe hacer el propietario es denunciar. A partir de entonces, tendr\u00e1 un plazo m\u00e1ximo de seis meses para solicitar el dinero en caso de que no haya recuperado su vivienda; o tres meses en caso de que la recupere. <\/p>\n<p>La administraci\u00f3n p\u00fablica abonar\u00e1 las cantidades en un plazo m\u00e1ximo de tres meses desde la solicitud de la cobertura, o mes a mes hasta que recupere la posesi\u00f3n de su vivienda. <\/p>\n<p>\u00bfSe perdona la deuda al inquilino?<\/p>\n<p>No, en ning\u00fan caso. Los inquilinos que hayan sido cubiertos por este aval p\u00fablico contraer\u00e1n una deuda con la administraci\u00f3n que deber\u00e1n abonar. <\/p>\n<p>\u00bfQui\u00e9n lo gestiona? <\/p>\n<p>Son las Comunidades Aut\u00f3nomas quienes, con financiaci\u00f3n propia y del estado central, gestionar\u00e1n estos programas. En algunas regiones ya existen coberturas p\u00fablicas similares. <\/p>\n","protected":false},"excerpt":{"rendered":"Madrid La letra peque\u00f1a del &#8216;tranquiler p\u00fablico&#8217; ya est\u00e1 aqu\u00ed. El seguro que propone el Gobierno replica algunas&hellip;\n","protected":false},"author":2,"featured_media":125064,"comment_status":"","ping_status":"","sticky":false,"template":"","format":"standard","meta":{"footnotes":""},"categories":[8],"tags":[17,18,25,24,13,14,11,19,20,9,10,15,16,23,12,21,22],"class_list":{"0":"post-125063","1":"post","2":"type-post","3":"status-publish","4":"format-standard","5":"has-post-thumbnail","7":"category-espana","8":"tag-breaking-news","9":"tag-breakingnews","10":"tag-es","11":"tag-espana","12":"tag-featured-news","13":"tag-featurednews","14":"tag-headlines","15":"tag-latest-news","16":"tag-latestnews","17":"tag-news","18":"tag-noticias","19":"tag-noticias-destacadas","20":"tag-noticiasdestacadas","21":"tag-spain","22":"tag-titulares","23":"tag-ultimas-noticias","24":"tag-ultimasnoticias"},"share_on_mastodon":{"url":"","error":""},"_links":{"self":[{"href":"https:\/\/www.europesays.com\/es\/wp-json\/wp\/v2\/posts\/125063","targetHints":{"allow":["GET"]}}],"collection":[{"href":"https:\/\/www.europesays.com\/es\/wp-json\/wp\/v2\/posts"}],"about":[{"href":"https:\/\/www.europesays.com\/es\/wp-json\/wp\/v2\/types\/post"}],"author":[{"embeddable":true,"href":"https:\/\/www.europesays.com\/es\/wp-json\/wp\/v2\/users\/2"}],"replies":[{"embeddable":true,"href":"https:\/\/www.europesays.com\/es\/wp-json\/wp\/v2\/comments?post=125063"}],"version-history":[{"count":0,"href":"https:\/\/www.europesays.com\/es\/wp-json\/wp\/v2\/posts\/125063\/revisions"}],"wp:featuredmedia":[{"embeddable":true,"href":"https:\/\/www.europesays.com\/es\/wp-json\/wp\/v2\/media\/125064"}],"wp:attachment":[{"href":"https:\/\/www.europesays.com\/es\/wp-json\/wp\/v2\/media?parent=125063"}],"wp:term":[{"taxonomy":"category","embeddable":true,"href":"https:\/\/www.europesays.com\/es\/wp-json\/wp\/v2\/categories?post=125063"},{"taxonomy":"post_tag","embeddable":true,"href":"https:\/\/www.europesays.com\/es\/wp-json\/wp\/v2\/tags?post=125063"}],"curies":[{"name":"wp","href":"https:\/\/api.w.org\/{rel}","templated":true}]}}