{"id":125065,"date":"2025-09-19T11:33:08","date_gmt":"2025-09-19T11:33:08","guid":{"rendered":"https:\/\/www.europesays.com\/es\/125065\/"},"modified":"2025-09-19T11:33:08","modified_gmt":"2025-09-19T11:33:08","slug":"el-balonmano-femenino-llega-a-penafiel-mas-deportes","status":"publish","type":"post","link":"https:\/\/www.europesays.com\/es\/125065\/","title":{"rendered":"El balonmano femenino llega a Pe\u00f1afiel | M\u00e1s deportes"},"content":{"rendered":"<p class=\"loc\">Pe\u00f1afiel<\/p>\n<p>Pe\u00f1afiel disfrutar\u00e1 de un fin de semana marcado por el deporte femenino con la s\u00e9ptima edici\u00f3n de la Copa de Castilla y Le\u00f3n de Balonmano. La sede de la Diputaci\u00f3n de Valladolid acog\u00eda este jueves la presentaci\u00f3n de un evento que juntar\u00e1 a cuatro de los mejores clubes de la comunidad en la disputa por este trofeo, que arrancar\u00e1 el s\u00e1bado con la disputa de las semifinales, y tendr\u00e1 el domingo su gran final. <\/p>\n<p>Los equipos participantes ser\u00e1n Caja Rural Aula Valladolid, Fuentes Carrionas \u2013 Velilla del R\u00edo Carri\u00f3n, Hand Vall Valladolid y Caja Rural Cleba Le\u00f3n. Desde el consistorio pe\u00f1afielense han querido mostrar su agradecimiento a la federaci\u00f3n regional por seleccionar a la villa como lugar para la disputa de este evento.<\/p>\n","protected":false},"excerpt":{"rendered":"Pe\u00f1afiel Pe\u00f1afiel disfrutar\u00e1 de un fin de semana marcado por el deporte femenino con la s\u00e9ptima edici\u00f3n de&hellip;\n","protected":false},"author":2,"featured_media":125066,"comment_status":"","ping_status":"","sticky":false,"template":"","format":"standard","meta":{"footnotes":""},"categories":[278],"tags":[376,168,25,24,375,23,167],"class_list":{"0":"post-125065","1":"post","2":"type-post","3":"status-publish","4":"format-standard","5":"has-post-thumbnail","7":"category-balonmano","8":"tag-balonmano","9":"tag-deportes","10":"tag-es","11":"tag-espana","12":"tag-handball","13":"tag-spain","14":"tag-sports"},"share_on_mastodon":{"url":"","error":""},"_links":{"self":[{"href":"https:\/\/www.europesays.com\/es\/wp-json\/wp\/v2\/posts\/125065","targetHints":{"allow":["GET"]}}],"collection":[{"href":"https:\/\/www.europesays.com\/es\/wp-json\/wp\/v2\/posts"}],"about":[{"href":"https:\/\/www.europesays.com\/es\/wp-json\/wp\/v2\/types\/post"}],"author":[{"embeddable":true,"href":"https:\/\/www.europesays.com\/es\/wp-json\/wp\/v2\/users\/2"}],"replies":[{"embeddable":true,"href":"https:\/\/www.europesays.com\/es\/wp-json\/wp\/v2\/comments?post=125065"}],"version-history":[{"count":0,"href":"https:\/\/www.europesays.com\/es\/wp-json\/wp\/v2\/posts\/125065\/revisions"}],"wp:featuredmedia":[{"embeddable":true,"href":"https:\/\/www.europesays.com\/es\/wp-json\/wp\/v2\/media\/125066"}],"wp:attachment":[{"href":"https:\/\/www.europesays.com\/es\/wp-json\/wp\/v2\/media?parent=125065"}],"wp:term":[{"taxonomy":"category","embeddable":true,"href":"https:\/\/www.europesays.com\/es\/wp-json\/wp\/v2\/categories?post=125065"},{"taxonomy":"post_tag","embeddable":true,"href":"https:\/\/www.europesays.com\/es\/wp-json\/wp\/v2\/tags?post=125065"}],"curies":[{"name":"wp","href":"https:\/\/api.w.org\/{rel}","templated":true}]}}