{"id":125081,"date":"2025-09-19T11:43:08","date_gmt":"2025-09-19T11:43:08","guid":{"rendered":"https:\/\/www.europesays.com\/es\/125081\/"},"modified":"2025-09-19T11:43:08","modified_gmt":"2025-09-19T11:43:08","slug":"the-wale-arquitectura-inspirada-en-las-ballenas","status":"publish","type":"post","link":"https:\/\/www.europesays.com\/es\/125081\/","title":{"rendered":"The Wale, arquitectura inspirada en las ballenas"},"content":{"rendered":"<p data-gtm-element-container=\"modulo-texto-link\" class=\"paragraph\">Lofoten y Svalbard quiz\u00e1s sean las islas m\u00e1s famosas de Noruega, pero hay otro grupo de islas que pasan m\u00e1s desapercibidas y que esconde incre\u00edbles <a href=\"https:\/\/www.lavanguardia.com\/magazine\/experiencias\/20210215\/6242473\/insolito-palafito-sobre-mar-disfrutar-noches-soleadas-noruega.html\" title=\"El ins\u00f3lito palafito sobre el mar para disfrutar de las noches soleadas en Noruega\" rel=\"nofollow noopener\" target=\"_blank\">paisajes n\u00f3rdicos<\/a>: el archipi\u00e9lago de las Vester\u00e5len. Entre ellas, And\u00f8ya es la isla m\u00e1s septentrional del archipi\u00e9lago, a tan solo 300 kil\u00f3metros del C\u00edrculo Polar \u00c1rtico. Es un lugar fant\u00e1stico donde la naturaleza se entremezcla con pintorescos pueblos pesqueros de gran belleza, como es el caso de Andenes.<\/p>\n<p data-gtm-element-container=\"modulo-texto-link\" class=\"paragraph\">Andenes no es solo un lugar de postal, es conocido en todo el mundo por ser uno de los mejores puntos para ver ballenas en su h\u00e1bitat natural. Y es justo aqu\u00ed donde surge un proyecto que parece hecho para este entorno: The Whale.<\/p>\n<p>Andenes\u00a0 es conocido en todo el mundo por ser uno de los mejores puntos para ver ballenas en su h\u00e1bitat natural<\/p>\n<p>                <img loading=\"lazy\" decoding=\"async\" data-full-src=\"https:\/\/www.lavanguardia.com\/uploads\/2025\/09\/18\/68cbd08428b46.jpeg\" alt=\"A lo lejos parece una cola de ballena que sobresale del agua\" width=\"449\" height=\"253\" src=\"https:\/\/www.europesays.com\/es\/wp-content\/uploads\/2025\/09\/68cbd08428b46.jpeg\" class=\"lazy\"\/><\/p>\n<p class=\"caption-title \">A lo lejos parece una cola de ballena que sobresale del agua<\/p>\n<p>                    Dorte Mandrup A\/S. Rendering by Mir, Bergen.<\/p>\n<p data-gtm-element-container=\"modulo-texto-link\" class=\"paragraph\">Imagina un edificio que parece surgir del propio paisaje, con la forma de una cola de ballena que rompe la superficie del mar. Eso es lo que ha logrado el estudio de arquitectura dan\u00e9s Dorte Mandrup. Su cubierta es de piedra, transitable y curva, y se convierte en un nuevo mirador privilegiado desde el que contemplar todo el archipi\u00e9lago, incluso alguna aurora boreal. Debajo, una entrada lleva a un nuevo mundo, como si el edificio fuera una extensi\u00f3n de la naturaleza misma.<\/p>\n<p data-gtm-element-container=\"modulo-texto-link\" class=\"paragraph\">En el interior, grandes ventanales permitir\u00e1n disfrutar del entorno y servir\u00e1n de atalaya para ver las ballenas en su trayecto migratorio. Dentro, en un espacio abierto de casi 4.500 m\u00b2, se ofrecer\u00e1 una experiencia emocional e intelectual que invite a la reflexi\u00f3n. Las exposiciones mostrar\u00e1n a los visitantes\u00a0 todo lo relacionado con la vida de las ballenas: su evoluci\u00f3n, biolog\u00eda, comportamiento, comunicaci\u00f3n y h\u00e1bitats. Estos temas se presentar\u00e1n de forma atractiva e interactiva, haci\u00e9ndolos accesibles a todos.<\/p>\n<p>                <img loading=\"lazy\" decoding=\"async\" data-full-src=\"https:\/\/www.lavanguardia.com\/uploads\/2025\/09\/18\/68cbcff9aa230.jpeg\" alt=\"Interior de The Whale, un espacio experiencial con grandes ventanales\" width=\"449\" height=\"253\" src=\"https:\/\/www.europesays.com\/es\/wp-content\/uploads\/2025\/09\/68cbcff9aa230.jpeg\" class=\"lazy\"\/><\/p>\n<p class=\"caption-title \">Interior de The Whale, un espacio experiencial con grandes ventanales<\/p>\n<p>                    Dorte Mandrup A\/S. Rendering by Mir, Bergen.<\/p>\n<p data-gtm-element-container=\"modulo-texto-link\" class=\"paragraph\">Adem\u00e1s, la iluminaci\u00f3n y el sonido se transformar\u00e1n a medida que se avanza por el espacio, dando la sensaci\u00f3n de que se camina bajo el mar. Tambi\u00e9n habr\u00e1 un paisaje sonoro para disfrutar del canto de las ballenas en un ambiente silencioso y relajante.<\/p>\n<p data-gtm-element-container=\"modulo-texto-link\" class=\"paragraph\">The Whale se erige como un s\u00edmbolo de la profunda conexi\u00f3n del norte de Noruega con el oc\u00e9ano, su compromiso con el turismo sostenible y su identidad \u00e1rtica.\u00a0<\/p>\n<p class=\"module-text\"><strong>Cu\u00e1ndo: <\/strong>a partir del 3 de junio de 2027<br \/><strong>\u200bD\u00f3nde: <\/strong>Johan Hjorts gate 15, 8480 Andenes, Noruega<br \/><strong>Web:<\/strong>\u00a0<a href=\"https:\/\/www.thewhale.no\/eng\" rel=\"nofollow noreferrer noopener\" target=\"_blank\">https:\/\/www.thewhale.no\/<\/a><\/p>\n","protected":false},"excerpt":{"rendered":"Lofoten y Svalbard quiz\u00e1s sean las islas m\u00e1s famosas de Noruega, pero hay otro grupo de islas que&hellip;\n","protected":false},"author":2,"featured_media":125082,"comment_status":"","ping_status":"","sticky":false,"template":"","format":"standard","meta":{"footnotes":""},"categories":[173],"tags":[229,233,231,230,232,234,146,147,25,24,23],"class_list":{"0":"post-125081","1":"post","2":"type-post","3":"status-publish","4":"format-standard","5":"has-post-thumbnail","7":"category-arte-y-diseno","8":"tag-arte","9":"tag-arte-y-diseno","10":"tag-arts","11":"tag-arts-and-design","12":"tag-design","13":"tag-diseno","14":"tag-entertainment","15":"tag-entretenimiento","16":"tag-es","17":"tag-espana","18":"tag-spain"},"share_on_mastodon":{"url":"","error":""},"_links":{"self":[{"href":"https:\/\/www.europesays.com\/es\/wp-json\/wp\/v2\/posts\/125081","targetHints":{"allow":["GET"]}}],"collection":[{"href":"https:\/\/www.europesays.com\/es\/wp-json\/wp\/v2\/posts"}],"about":[{"href":"https:\/\/www.europesays.com\/es\/wp-json\/wp\/v2\/types\/post"}],"author":[{"embeddable":true,"href":"https:\/\/www.europesays.com\/es\/wp-json\/wp\/v2\/users\/2"}],"replies":[{"embeddable":true,"href":"https:\/\/www.europesays.com\/es\/wp-json\/wp\/v2\/comments?post=125081"}],"version-history":[{"count":0,"href":"https:\/\/www.europesays.com\/es\/wp-json\/wp\/v2\/posts\/125081\/revisions"}],"wp:featuredmedia":[{"embeddable":true,"href":"https:\/\/www.europesays.com\/es\/wp-json\/wp\/v2\/media\/125082"}],"wp:attachment":[{"href":"https:\/\/www.europesays.com\/es\/wp-json\/wp\/v2\/media?parent=125081"}],"wp:term":[{"taxonomy":"category","embeddable":true,"href":"https:\/\/www.europesays.com\/es\/wp-json\/wp\/v2\/categories?post=125081"},{"taxonomy":"post_tag","embeddable":true,"href":"https:\/\/www.europesays.com\/es\/wp-json\/wp\/v2\/tags?post=125081"}],"curies":[{"name":"wp","href":"https:\/\/api.w.org\/{rel}","templated":true}]}}