{"id":125091,"date":"2025-09-19T11:48:08","date_gmt":"2025-09-19T11:48:08","guid":{"rendered":"https:\/\/www.europesays.com\/es\/125091\/"},"modified":"2025-09-19T11:48:08","modified_gmt":"2025-09-19T11:48:08","slug":"el-campeonato-del-mundo-ifsc-arranca-en-seul-con-el-equipo-espanol-al-completo-informacion-horarios-y-donde-verlo","status":"publish","type":"post","link":"https:\/\/www.europesays.com\/es\/125091\/","title":{"rendered":"El Campeonato del Mundo IFSC arranca en Se\u00fal con el equipo espa\u00f1ol al completo | Informaci\u00f3n, horarios y donde verlo."},"content":{"rendered":"<p><strong>Fotos: \u00a9DYa\u00f1ez\/FEDME &amp; Dimitris Tosidis\/IFSC <\/strong><\/p>\n<p><strong>La temporada internacional de escalada alcanza su \u00faltimo gran evento de del a\u00f1o: del 20 al 28 de septiembre se celebrar\u00e1n en Se\u00fal los Campeonatos del Mundo de Escalada en las modalidades de Dificultad, Bloque y Velocidad.<\/strong><\/p>\n<p>La \u00e9lite internacional de la escalada se reunir\u00e1 por \u00faltima vez este a\u00f1o en Se\u00fal. Un evento al que la selecci\u00f3n espa\u00f1ola de escalada contar\u00e1 con la participaci\u00f3n de nuestro siete mejores escaladores y escaladoras del panorama internacional.<\/p>\n<p>A diferencia de la Copa del Mundo, los Campeonatos del Mundo se realizan cada dos a\u00f1os, el m\u00e1s reciente en 2023, se disput\u00f3 en la ciudad Suiza de Berna. Un evento en el que no falta casi ning\u00fan nombre importante en el deporte, desde los campeones ol\u00edmpicos <strong>Toby Roberts<\/strong> y <strong>Alberto Gin\u00e9s<\/strong>, hasta los veteranos <strong>Adam Ondra<\/strong> y <strong>Jain Kim.<\/strong> La Campeona del Mundo de Bloque, <strong>Janja Garnbret<\/strong> tendr\u00e1 que\u00a0defender su medalla de oro de 2023. La eslovena tambi\u00e9n aspira a lo m\u00e1s alto del podio en cabeza, tras vencer a <strong>Ai Mori<\/strong>, que no competir\u00e1 en Se\u00fal.<\/p>\n<p><strong>Jakob Schubert<\/strong> y <strong>Janja Garnbret<\/strong> tambi\u00e9n tendr\u00e1n que defender su t\u00edtulo de Mundial en la Combinada.<\/p>\n<p><strong>Juventud y experiencia en el equipo espa\u00f1ol.<\/strong><\/p>\n<p>La selecci\u00f3n espa\u00f1ola de escalada, env\u00eda un total de cuatro escaladoras y 3 escaladores a Corea.<br \/>En la categor\u00eda masculina, sin duda el escalador en forma es el espa\u00f1ol <strong>Alberto Gin\u00e9s<\/strong>, que subi\u00f3 al podio en todas las Copas del Mundo de Dificultad de esta temporada y se llev\u00f3 el t\u00edtulo general.<\/p>\n<p><strong>Guillermo Peinado<\/strong> y <strong>Geila Maci\u00e0<\/strong> llegan a su primer mundial absoluto despu\u00e9s de haber demostrado un alt\u00edsimo nivel en las competiciones juveniles. <strong>Guillermo Peinado<\/strong> llega Se\u00fal con el t\u00edtulo de campe\u00f3n europeo juvenil en Dificultad (Troyes 2024) y un bronce en bronce en el europeo juvenil de Bloque (Curno 2025). <strong>Geila Maci\u00e0<\/strong> encara estos campeonatos del mundo tras proclamarse campeona del mundo juvenil de Dificultad recientemente (Helsinki 2025), adem\u00e1s de sumar el subcampeonato del mundo juvenil en Bloque (Helsinki 2025).<\/p>\n<p><strong>Iziar Mart\u00ednez<\/strong>, sumar\u00e1 sus segundos Campeonatos del Mundo absolutos, tras su debut en el campeonato del Mundo de 2023 en Berna (Suiza). En esta ocasi\u00f3n, la joven escaladora espa\u00f1ola llegar\u00e1 a Corea acumulando una mayor experiencia tras su medalla de bronce en el campeonato de Europa juvenil de Bloque (Curno 2025) y una medalla de oro en la Copa de Europa juvenil (Ostermundigen 2025).<\/p>\n<p><img loading=\"lazy\" decoding=\"async\" width=\"1024\" height=\"682\" src=\"https:\/\/www.europesays.com\/es\/wp-content\/uploads\/2025\/09\/CHSO_20230803_27-1024x682.jpg\" alt=\"\" class=\"wp-image-69121\"  \/><\/p>\n<p>En la modalidad de Velocidad, Espa\u00f1a contar\u00e1 con la participaci\u00f3n de <strong>Leslie Romero<\/strong>, que tras su diploma ol\u00edmpico en Par\u00eds 2024, luchar\u00e1 por estar entre la \u00e9lite mundial en estos Campeonatos del Mundo, en una temporada en la que ya ha subido a lo m\u00e1s alto del podio, con una medalla de oro en la Copa de Europa de Velocidad (St. P\u00f6lten 2025). Una disciplina que contar\u00e1 con <strong>Carla Mart\u00ednez<\/strong>, acudir\u00e1 a Corea tras su participaci\u00f3n en los anteriores Campeonatos del Mundo de Berna, y en una temporada en la que ya suma un bronce en la Copa de Europa de Velociad (St. P\u00f6lten 2025).<\/p>\n<p><img loading=\"lazy\" decoding=\"async\" width=\"1024\" height=\"683\" src=\"https:\/\/www.europesays.com\/es\/wp-content\/uploads\/2025\/09\/Ifsc_FSC114365-1024x683.jpg\" alt=\"\" class=\"wp-image-69122\"  \/><\/p>\n<p><strong>Erik Noya<\/strong> cierra la participaci\u00f3n espa\u00f1ola en estos campeonatos del mundo, aportando una gran experiencia en competici\u00f3n internacional, en un Campeonato del mundo en el que el escalador espa\u00f1ol roz\u00f3 el podio en la Copa del Mundo de esta temporada con un cuarto puesto (Chamonix 2025), adem\u00e1s de ser bronce en el Campeonato de Europa de Velocidad (Villars 2024) y sumar una plata (Brian\u00e7on 2024) y un bronce (Chamonix 2024) en la Copa del Mundo.<\/p>\n<p>Unos deportistas que contar\u00e1n con el apoyo del equipo t\u00e9cnico formado por <strong>Rebeca P\u00e9rez<\/strong> (Team Manager), <strong>David Maci\u00e1<\/strong> (entrenador Dificultad), <strong>Iv\u00e1n Terricabras<\/strong> (entrenador Dificultad), <strong>Ekhioz Alsasua<\/strong> (entrenador Bloque), <strong>Berta Mart\u00edn<\/strong> (entrenadora Bloque), <strong>Mateusz Miroslaw<\/strong> (entrenador Velocidad), <strong>C\u00e9sar Canales<\/strong> (staff m\u00e9dico) y <strong>Segi Egea<\/strong> (staff m\u00e9dico).<\/p>\n<p><strong>Horario y programa<\/strong><\/p>\n<p>Del 20 al 28 de septiembre se celebrar\u00e1n las competiciones de Velocidad, Bloque y Dificultad.<br \/>Toda la informaci\u00f3n se basa en la hora local de Se\u00fal (GMT+9).<br \/><strong>Dificultad<\/strong><br \/><strong>Domingo, 21. Septiembre 2025<\/strong><br \/>14:00 PM Clasificaci\u00f3n<br \/><strong>Lunes, 22 de septiembre 2025<\/strong><br \/>09:00 PM Clasificaci\u00f3n<br \/><strong>Viernes, 26 de septiembre 2025<\/strong><br \/>10:00 a.m. Semifinales Mujeres y Hombres<br \/>20:00 PM Final Mujeres y Hombres<\/p>\n<p><strong>Velocidad<\/strong><br \/><strong>Mi\u00e9rcoles, 24 de septiembre 2025<\/strong><br \/>09:00 Clasificaci\u00f3n Mujeres<br \/>20:00 Final Femenina<br \/><strong>Jueves, 25 de septiembre 2025<\/strong><br \/>09:00 Clasificaci\u00f3n masculina<br \/>20:00 PM Final masculina<\/p>\n<p><strong>Bloque<\/strong><br \/><strong>Martes 23 de septiembre<\/strong><br \/>09:00 Clasificaci\u00f3n Mujeres y Hombres<br \/><strong>S\u00e1bado, 27 de Septiembre 2025<\/strong><br \/>10:00 a.m. Semifinal Femenina<br \/>20:00 Final Femenina<br \/><strong>Domingo, 28. Septiembre 2025<\/strong><br \/>10:00 a.m. Semifinal masculina<br \/>20:00 PM Final masculina<\/p>\n<p><strong>Donde verlo<\/strong><\/p>\n<p>En Espa\u00f1a se podr\u00e1 seguir la competici\u00f3n a trav\u00e9s de Eurosport.<br \/>*Horarios provisionales.<br \/><strong>Mi\u00e9rcoles, 24 de septiembre 2025<\/strong><br \/>Final Femenina \u2013 VELOCIDAD<\/p>\n<p><strong>Jueves, 25 de septiembre 2025<\/strong><br \/>Final masculina \u2013 VELOCIDAD<\/p>\n<p><strong>Viernes, 26 de septiembre 2025<\/strong><br \/>Semifinales Mujeres y Hombres \u2013 DIFICULTAD<br \/>Finales Mujeres y Hombres \u2013 DIFICULTAD<\/p>\n<p><strong>S\u00e1bado, 27 de Septiembre 2025<\/strong><br \/>Final Femenina \u2013 BLOQUE<\/p>\n<p><strong>Domingo, 28. Septiembre 2025<\/strong><br \/>Final masculina \u2013 BLOQUE<\/p>\n","protected":false},"excerpt":{"rendered":"Fotos: \u00a9DYa\u00f1ez\/FEDME &amp; Dimitris Tosidis\/IFSC La temporada internacional de escalada alcanza su \u00faltimo gran evento de del a\u00f1o:&hellip;\n","protected":false},"author":2,"featured_media":125092,"comment_status":"","ping_status":"","sticky":false,"template":"","format":"standard","meta":{"footnotes":""},"categories":[93],"tags":[168,25,19525,24,23,167],"class_list":{"0":"post-125091","1":"post","2":"type-post","3":"status-publish","4":"format-standard","5":"has-post-thumbnail","7":"category-deportes","8":"tag-deportes","9":"tag-es","10":"tag-escalada","11":"tag-espana","12":"tag-spain","13":"tag-sports"},"share_on_mastodon":{"url":"","error":""},"_links":{"self":[{"href":"https:\/\/www.europesays.com\/es\/wp-json\/wp\/v2\/posts\/125091","targetHints":{"allow":["GET"]}}],"collection":[{"href":"https:\/\/www.europesays.com\/es\/wp-json\/wp\/v2\/posts"}],"about":[{"href":"https:\/\/www.europesays.com\/es\/wp-json\/wp\/v2\/types\/post"}],"author":[{"embeddable":true,"href":"https:\/\/www.europesays.com\/es\/wp-json\/wp\/v2\/users\/2"}],"replies":[{"embeddable":true,"href":"https:\/\/www.europesays.com\/es\/wp-json\/wp\/v2\/comments?post=125091"}],"version-history":[{"count":0,"href":"https:\/\/www.europesays.com\/es\/wp-json\/wp\/v2\/posts\/125091\/revisions"}],"wp:featuredmedia":[{"embeddable":true,"href":"https:\/\/www.europesays.com\/es\/wp-json\/wp\/v2\/media\/125092"}],"wp:attachment":[{"href":"https:\/\/www.europesays.com\/es\/wp-json\/wp\/v2\/media?parent=125091"}],"wp:term":[{"taxonomy":"category","embeddable":true,"href":"https:\/\/www.europesays.com\/es\/wp-json\/wp\/v2\/categories?post=125091"},{"taxonomy":"post_tag","embeddable":true,"href":"https:\/\/www.europesays.com\/es\/wp-json\/wp\/v2\/tags?post=125091"}],"curies":[{"name":"wp","href":"https:\/\/api.w.org\/{rel}","templated":true}]}}