{"id":125107,"date":"2025-09-19T11:56:08","date_gmt":"2025-09-19T11:56:08","guid":{"rendered":"https:\/\/www.europesays.com\/es\/125107\/"},"modified":"2025-09-19T11:56:08","modified_gmt":"2025-09-19T11:56:08","slug":"dhplatamasc-sigue-en-directo-la-jornada-2","status":"publish","type":"post","link":"https:\/\/www.europesays.com\/es\/125107\/","title":{"rendered":"#DHPlataMasc | Sigue en directo la JORNADA 2"},"content":{"rendered":"<p>La <strong>Divisi\u00f3n de Honor Plata Masculina<\/strong> encara este fin de semana su segunda jornada, con partidos que prometen emociones fuertes. Tras el estreno liguero, el <strong>UBU San Pablo Burgos 2031<\/strong> lidera la clasificaci\u00f3n, aunque con una \u00fanica fecha disputada la ventaja resulta a\u00fan testimonial.<\/p>\n<p>La jornada se abrir\u00e1 en el <strong>Palau Blaugrana<\/strong>, donde el <strong>Bar\u00e7a Atl\u00e8tic<\/strong> recibir\u00e1 al <strong>Club Balonmano Soria<\/strong>. El filial azulgrana llega reforzado no solo por la aportaci\u00f3n de la cantera, sino tambi\u00e9n por su solvente debut liguero: victoria 30-26 ante el <strong>Trops M\u00e1laga<\/strong>. Destacaron <strong>Quim Rocas<\/strong>, reciente subcampe\u00f3n del mundo con los Hispanos Juveniles, y <strong>Manuel Ortega<\/strong>, autores de 7 y 6 goles respectivamente. Muy distinto fue el arranque para el cuadro soriano, que cay\u00f3 con contundencia (29-40) frente a un <strong>Eivissa. <\/strong>El <strong>Soria<\/strong> estuvo\u00a0liderado por un incontenible <strong>Marcos Vinicius Assump\u00e7ao<\/strong>, m\u00e1ximo goleador de la jornada con 14 tantos.<\/p>\n<p>El conjunto malague\u00f1o, <strong>Trops Malaga<\/strong>, se juega sus dos primeros puntos en una segunda jornada en la que no jugar\u00e1 en casa.<\/p>\n<p>El <strong>Attica 21 Hotels OAR Coru\u00f1a<\/strong> recibir\u00e1 al l\u00edder, <strong>UBU San Pablo Burgos 2031<\/strong>, que llega tras imponerse con autoridad al<strong> BM Servigroup Benidorm<\/strong>. Las actuaciones de <strong>Javier Espinosa<\/strong> y <strong>Jaime Fern\u00e1ndez<\/strong> resultaron decisivas para sumar dos puntos que pueden ser claves en la lucha por el ascenso, como ya ocurri\u00f3 la pasada campa\u00f1a. El conjunto gallego, por su parte, debut\u00f3 con triunfo frente al Cisne Colegio Los Sauces, con <strong>Alexandre Chan<\/strong> como figura (8 goles). El choque pondr\u00e1 en juego un primer traspi\u00e9 para alguno de los dos equipos, en una competici\u00f3n donde cada punto puede resultar determinante.<\/p>\n<p>En el <strong>pabell\u00f3n de Es Pratet<\/strong>, el <strong>Trasmapi Gobycar Citubo Eivissa<\/strong> se medir\u00e1 al <strong>Fundaci\u00f3n Agustinos Alicante<\/strong>. Ambos equipos demostraron en la primera jornada que su objetivo pasa por pelear en la parte alta: los ibicencos arrollaron al Soria con +11, mientras que los alicantinos vencieron al Alcobendas por 9 tantos.<\/p>\n<p>El <strong>Cajasol Sevilla Pro\u00edn<\/strong> y el <strong>Cisne Colegio Los Sauces<\/strong> buscar\u00e1n sus primeros puntos tras sendas derrotas iniciales. Los hispalenses conf\u00edan en referentes como <strong>Alexander Tioumentsev<\/strong> y <strong>Juan Reynaldo<\/strong>, mientras que los gallegos cuentan con el talento de <strong>Diego L\u00f3pez<\/strong> y el internacional j\u00fanior <strong>Alberto Delgado<\/strong>.<\/p>\n<p>La jornada del s\u00e1bado se cerrar\u00e1 en Alcobendas con un duelo de altos vuelos. El conjunto madrile\u00f1o recibir\u00e1 al reci\u00e9n descendido <strong>Anaitasuna<\/strong>, que llega tras derrotar al Contazara Zaragoza con un s\u00f3lido trabajo de <strong>Ibai Etxarte<\/strong> y <strong>Mikel Redondo<\/strong> (7 goles cada uno). Por parte de los locales, <strong>Alejandro Col\u00f3n<\/strong> se erige en referencia ofensiva tras firmar 9 tantos en la primera fecha.<\/p>\n<p>El domingo arrancar\u00e1 con el choque entre el <strong>BM Servigroup Benidorm<\/strong> y el <strong>Conf\u00eda Base Oviedo<\/strong>. Los alicantinos buscar\u00e1n resarcirse de la dura derrota sufrida ante Burgos, mientras que los asturianos llegan tras empatar en el debut, destacando por la aportaci\u00f3n coral de su plantilla: solo cuatro de los 16 convocados se quedaron sin anotar.<\/p>\n<p>La jornada se cerrar\u00e1 en Arag\u00f3n, donde el <strong>Contazara Zaragoza<\/strong> recibir\u00e1 al <strong>Fertiberia Puerto Sagunto<\/strong> en un enfrentamiento que se prev\u00e9 intenso y con dos equipos dispuestos a sumar su primera victoria de la temporada.<\/p>\n<p>\u00a0<\/p>\n<p><img fetchpriority=\"high\" decoding=\"async\" class=\"wp-image-122554 size-full\" title=\"Parrilla Post DHPM2526 1080X1350\" src=\"https:\/\/www.europesays.com\/es\/wp-content\/uploads\/2025\/09\/Parrilla_Post_DHPM2526_1080X1350-2.webp.webp\" alt=\"Parrilla Post DHPM2526 1080X1350\" width=\"1080\" height=\"1350\"  \/>Fotograf\u00eda: <strong>Anaitasuna<\/strong><\/p>\n","protected":false},"excerpt":{"rendered":"La Divisi\u00f3n de Honor Plata Masculina encara este fin de semana su segunda jornada, con partidos que prometen&hellip;\n","protected":false},"author":2,"featured_media":125108,"comment_status":"","ping_status":"","sticky":false,"template":"","format":"standard","meta":{"footnotes":""},"categories":[278],"tags":[376,168,25,24,375,23,167],"class_list":{"0":"post-125107","1":"post","2":"type-post","3":"status-publish","4":"format-standard","5":"has-post-thumbnail","7":"category-balonmano","8":"tag-balonmano","9":"tag-deportes","10":"tag-es","11":"tag-espana","12":"tag-handball","13":"tag-spain","14":"tag-sports"},"share_on_mastodon":{"url":"","error":""},"_links":{"self":[{"href":"https:\/\/www.europesays.com\/es\/wp-json\/wp\/v2\/posts\/125107","targetHints":{"allow":["GET"]}}],"collection":[{"href":"https:\/\/www.europesays.com\/es\/wp-json\/wp\/v2\/posts"}],"about":[{"href":"https:\/\/www.europesays.com\/es\/wp-json\/wp\/v2\/types\/post"}],"author":[{"embeddable":true,"href":"https:\/\/www.europesays.com\/es\/wp-json\/wp\/v2\/users\/2"}],"replies":[{"embeddable":true,"href":"https:\/\/www.europesays.com\/es\/wp-json\/wp\/v2\/comments?post=125107"}],"version-history":[{"count":0,"href":"https:\/\/www.europesays.com\/es\/wp-json\/wp\/v2\/posts\/125107\/revisions"}],"wp:featuredmedia":[{"embeddable":true,"href":"https:\/\/www.europesays.com\/es\/wp-json\/wp\/v2\/media\/125108"}],"wp:attachment":[{"href":"https:\/\/www.europesays.com\/es\/wp-json\/wp\/v2\/media?parent=125107"}],"wp:term":[{"taxonomy":"category","embeddable":true,"href":"https:\/\/www.europesays.com\/es\/wp-json\/wp\/v2\/categories?post=125107"},{"taxonomy":"post_tag","embeddable":true,"href":"https:\/\/www.europesays.com\/es\/wp-json\/wp\/v2\/tags?post=125107"}],"curies":[{"name":"wp","href":"https:\/\/api.w.org\/{rel}","templated":true}]}}