{"id":125109,"date":"2025-09-19T11:57:12","date_gmt":"2025-09-19T11:57:12","guid":{"rendered":"https:\/\/www.europesays.com\/es\/125109\/"},"modified":"2025-09-19T11:57:12","modified_gmt":"2025-09-19T11:57:12","slug":"la-emocion-del-rejoneo-vuelve-a-salamanca-con-un-cartel-de-lujo","status":"publish","type":"post","link":"https:\/\/www.europesays.com\/es\/125109\/","title":{"rendered":"La emoci\u00f3n del rejoneo vuelve a Salamanca con un cartel de lujo"},"content":{"rendered":"<p data-start=\"315\" data-end=\"788\">La plaza de toros de La Glorieta\u00a0tiene cita\u00a0este\u00a0<strong data-start=\"369\" data-end=\"389\">20 de septiembre<\/strong>\u00a0con una de las corridas de la Feria Taurina 2025 esperada especialmente por los amantes del toro y el caballo por igual: una corrida de <strong data-start=\"465\" data-end=\"476\">rejones<\/strong> con toros de la ganader\u00eda de <strong data-start=\"506\" data-end=\"527\">S\u00e1nchez y S\u00e1nchez<\/strong>, una de las m\u00e1s prestigiosas del panorama espa\u00f1ol.<\/p>\n<p data-start=\"315\" data-end=\"788\">La cita<strong> reunir\u00e1 a tres de los nombres m\u00e1s importantes del rejoneo contempor\u00e1neo<\/strong>, cada uno con un estilo y trayectoria \u00fanicos, ofreciendo al p\u00fablico salmantino un espect\u00e1culo lleno de arte, t\u00e9cnica y emoci\u00f3n.<\/p>\n<p data-start=\"790\" data-end=\"1211\"><strong data-start=\"790\" data-end=\"807\">Rui Fernandes<\/strong>, rejoneador portugu\u00e9s de reconocido prestigio, aportar\u00e1 a la corrida su estilo cl\u00e1sico y elegante. Con m\u00e1s de dos d\u00e9cadas de experiencia en plazas de Portugal, Espa\u00f1a, Francia y Am\u00e9rica Latina, Fernandes es un maestro en el temple y la colocaci\u00f3n de banderillas, respaldado por una cuadra de caballos cuidadosamente seleccionada y adiestrada que le permite ejecutar lances con precisi\u00f3n y plasticidad.<\/p>\n<p data-start=\"790\" data-end=\"1211\">Los banderilleros\u00a0Hugo Pereira Da Silva, Joao Paulo Remalho Dos Santos y Juan Carlos Benito forman su cuadrilla.\u00a0\u00a0<\/p>\n<p data-start=\"1213\" data-end=\"1629\">Por su parte, <strong data-start=\"1227\" data-end=\"1244\">Diego Ventura<\/strong>, considerado por muchos como el rejoneador m\u00e1s completo de la actualidad, combina firmeza, t\u00e9cnica y espect\u00e1culo. Con su cuadra excepcional y una capacidad para dominar la lidia en todos sus aspectos, Ventura ha dejado huella en plazas de primer nivel. Su presencia garantiza momentos de gran intensidad y emoci\u00f3n.<\/p>\n<p data-start=\"1213\" data-end=\"1629\">En La Glorieta act\u00faa junto a sus banderilleros Miguel Bastida, Pedro Benito y Pedro Noronha.\u00a0<\/p>\n<p data-start=\"1631\" data-end=\"2091\">La tercera figura del cartel es <strong data-start=\"1663\" data-end=\"1695\">Guillermo Hermoso de Mendoza<\/strong>, joven promesa del rejoneo espa\u00f1ol y heredero de una de las sagas m\u00e1s importantes del toreo a caballo. Desde su alternativa en la Maestranza de Sevilla en 2019, Guillermo ha demostrado que combina la tradici\u00f3n familiar con un estilo propio, elegante y seguro. Su capacidad para conectar con el p\u00fablico se ha visto reflejada en triunfos recientes.<\/p>\n<p data-start=\"1631\" data-end=\"2091\">Estar\u00e1 acompa\u00f1ado por los banderilleros Ricardo Raimundo, Enrique Bejarano y Antonio D\u00edaz &#8216;Coriano&#8217;.\u00a0<\/p>\n<p data-start=\"2093\" data-end=\"2457\">El encuentro promete un espect\u00e1culo de <strong data-start=\"2132\" data-end=\"2148\">m\u00e1ximo nivel<\/strong>, donde <strong>veteran\u00eda, experiencia y juventud se unen<\/strong> para ofrecer un festejo\u00a0que se espera que sea importante.\u00a0La combinaci\u00f3n de la tradici\u00f3n del rejoneo portugu\u00e9s y espa\u00f1ol, junto con la excelencia de la ganader\u00eda de S\u00e1nchez y S\u00e1nchez, augura una tarde repleta de arte, emoci\u00f3n y riesgo controlado sobre los lomos de los caballos.<\/p>\n<p data-start=\"2459\" data-end=\"2661\">\u00a0<\/p>\n","protected":false},"excerpt":{"rendered":"La plaza de toros de La Glorieta\u00a0tiene cita\u00a0este\u00a020 de septiembre\u00a0con una de las corridas de la Feria Taurina&hellip;\n","protected":false},"author":2,"featured_media":125110,"comment_status":"","ping_status":"","sticky":false,"template":"","format":"standard","meta":{"footnotes":""},"categories":[277],"tags":[373,168,25,24,23,167,374],"class_list":{"0":"post-125109","1":"post","2":"type-post","3":"status-publish","4":"format-standard","5":"has-post-thumbnail","7":"category-toreo","8":"tag-bullfighting","9":"tag-deportes","10":"tag-es","11":"tag-espana","12":"tag-spain","13":"tag-sports","14":"tag-toreo"},"share_on_mastodon":{"url":"","error":""},"_links":{"self":[{"href":"https:\/\/www.europesays.com\/es\/wp-json\/wp\/v2\/posts\/125109","targetHints":{"allow":["GET"]}}],"collection":[{"href":"https:\/\/www.europesays.com\/es\/wp-json\/wp\/v2\/posts"}],"about":[{"href":"https:\/\/www.europesays.com\/es\/wp-json\/wp\/v2\/types\/post"}],"author":[{"embeddable":true,"href":"https:\/\/www.europesays.com\/es\/wp-json\/wp\/v2\/users\/2"}],"replies":[{"embeddable":true,"href":"https:\/\/www.europesays.com\/es\/wp-json\/wp\/v2\/comments?post=125109"}],"version-history":[{"count":0,"href":"https:\/\/www.europesays.com\/es\/wp-json\/wp\/v2\/posts\/125109\/revisions"}],"wp:featuredmedia":[{"embeddable":true,"href":"https:\/\/www.europesays.com\/es\/wp-json\/wp\/v2\/media\/125110"}],"wp:attachment":[{"href":"https:\/\/www.europesays.com\/es\/wp-json\/wp\/v2\/media?parent=125109"}],"wp:term":[{"taxonomy":"category","embeddable":true,"href":"https:\/\/www.europesays.com\/es\/wp-json\/wp\/v2\/categories?post=125109"},{"taxonomy":"post_tag","embeddable":true,"href":"https:\/\/www.europesays.com\/es\/wp-json\/wp\/v2\/tags?post=125109"}],"curies":[{"name":"wp","href":"https:\/\/api.w.org\/{rel}","templated":true}]}}