{"id":125113,"date":"2025-09-19T12:01:11","date_gmt":"2025-09-19T12:01:11","guid":{"rendered":"https:\/\/www.europesays.com\/es\/125113\/"},"modified":"2025-09-19T12:01:11","modified_gmt":"2025-09-19T12:01:11","slug":"campeonato-de-galicia-y-con-television-en-directo","status":"publish","type":"post","link":"https:\/\/www.europesays.com\/es\/125113\/","title":{"rendered":"Campeonato de Galicia y con televisi\u00f3n en directo"},"content":{"rendered":"<p>Los amantes del ciclismo BTT de descenso tienen una cita en A Fracha.<\/p>\n<p>El bike park del Parque Forestal de A Farcha ser\u00e1 escenario este pr\u00f3ximo domingo 21 de septiembre del <strong>DH A Fracha, con la categor\u00eda de Campeonato de Galicia de la especialidad.<\/strong><\/p>\n<p>Ser\u00e1 adem\u00e1s <strong>\u00abun dos primeiros campionatos que vai dar en directo a TVG\u00bb<\/strong>, confirm\u00f3 en su presentaci\u00f3n en el Concello de Pontevedra el presidente de la Federaci\u00f3n Galega de Ciclismo, Juan Carlos Mu\u00f1iz.<\/p>\n<p>Un salto adelante en la organizaci\u00f3n de una prueba que tiene vocaci\u00f3n de seguir creciendo.<\/p>\n<p>Tanto es as\u00ed que el conocido<strong> David Amor,<\/strong> uno de sus organizadores, <strong>espera que\u00a0\u00absiga medrando e en dous ou tres anos sexa internacional\u00bb.<\/strong><\/p>\n<p>Por lo de pronto ser\u00e1n <strong>casi 120 los deportistas que dar\u00e1n espect\u00e1culo <\/strong>el fin de semana en el DH A Fracha.<\/p>\n<p>La competici\u00f3n en s\u00ed tendr\u00e1 lugar el <strong>domingo 21 de septiembre, con la manga clasificatoria a partir de las 9.15 horas de la ma\u00f1ana y con la final fijada para las 12.00 horas.<\/strong><\/p>\n<p>Antes, <strong>el s\u00e1bado, ser\u00e1 turno de entrenamientos<\/strong> con una sesi\u00f3n libre de 10.00 a 14.00 horas y con los oficiales a de 16.00 a 19.00 horas.<\/p>\n<p>Un evento deportivo que crece pero siempre fiel al objetivo de mostrar \u00abo tesouro que temos na Fracha\u00bb.<\/p>\n","protected":false},"excerpt":{"rendered":"Los amantes del ciclismo BTT de descenso tienen una cita en A Fracha. El bike park del Parque&hellip;\n","protected":false},"author":2,"featured_media":125114,"comment_status":"","ping_status":"","sticky":false,"template":"","format":"standard","meta":{"footnotes":""},"categories":[273],"tags":[313,312,168,25,24,23,167],"class_list":{"0":"post-125113","1":"post","2":"type-post","3":"status-publish","4":"format-standard","5":"has-post-thumbnail","7":"category-ciclismo","8":"tag-ciclismo","9":"tag-cycling","10":"tag-deportes","11":"tag-es","12":"tag-espana","13":"tag-spain","14":"tag-sports"},"share_on_mastodon":{"url":"","error":""},"_links":{"self":[{"href":"https:\/\/www.europesays.com\/es\/wp-json\/wp\/v2\/posts\/125113","targetHints":{"allow":["GET"]}}],"collection":[{"href":"https:\/\/www.europesays.com\/es\/wp-json\/wp\/v2\/posts"}],"about":[{"href":"https:\/\/www.europesays.com\/es\/wp-json\/wp\/v2\/types\/post"}],"author":[{"embeddable":true,"href":"https:\/\/www.europesays.com\/es\/wp-json\/wp\/v2\/users\/2"}],"replies":[{"embeddable":true,"href":"https:\/\/www.europesays.com\/es\/wp-json\/wp\/v2\/comments?post=125113"}],"version-history":[{"count":0,"href":"https:\/\/www.europesays.com\/es\/wp-json\/wp\/v2\/posts\/125113\/revisions"}],"wp:featuredmedia":[{"embeddable":true,"href":"https:\/\/www.europesays.com\/es\/wp-json\/wp\/v2\/media\/125114"}],"wp:attachment":[{"href":"https:\/\/www.europesays.com\/es\/wp-json\/wp\/v2\/media?parent=125113"}],"wp:term":[{"taxonomy":"category","embeddable":true,"href":"https:\/\/www.europesays.com\/es\/wp-json\/wp\/v2\/categories?post=125113"},{"taxonomy":"post_tag","embeddable":true,"href":"https:\/\/www.europesays.com\/es\/wp-json\/wp\/v2\/tags?post=125113"}],"curies":[{"name":"wp","href":"https:\/\/api.w.org\/{rel}","templated":true}]}}