{"id":125117,"date":"2025-09-19T12:03:14","date_gmt":"2025-09-19T12:03:14","guid":{"rendered":"https:\/\/www.europesays.com\/es\/125117\/"},"modified":"2025-09-19T12:03:14","modified_gmt":"2025-09-19T12:03:14","slug":"ricky-rubio-sobre-dabone-parece-hasta-una-explotacion","status":"publish","type":"post","link":"https:\/\/www.europesays.com\/es\/125117\/","title":{"rendered":"Ricky Rubio, sobre Dabone: \u00abParece hasta una explotaci\u00f3n\u00bb"},"content":{"rendered":"<p class=\"ft-text\">El fen\u00f3meno de <a class=\"ft-link ft-link--decoration\" href=\"https:\/\/www.sport.es\/es\/noticias\/barca\/baloncesto\/tramite-imprescindible-dabone-juegue-barca-121537719\" rel=\"nofollow noopener\" target=\"_blank\"><strong>Mohamed Dabone<\/strong><\/a><strong> <\/strong>ha traspasado fronteras. Hasta en <strong>Estados Unidos<\/strong> hablan de \u00e9l y confirman que hay varios ojeadores de la <strong>NBA<\/strong> que tienen puestos los ojos en la jovenc\u00edsima promesa del Bar\u00e7a. Y si hay una persona que sabe lo que es debutar de manera prematura en el primer equipo,<strong> ese es Ricky Rubio<\/strong>, que ha valorado este tema en una entrevista con &#8216;Jijantes&#8217;.<\/p>\n<p class=\"ft-text\">\u00ab<strong>Parece hasta una explotaci\u00f3n. Si tienes la calidad que tienes con 13 a\u00f1os, seguramente con 16 o 17 tambi\u00e9n vas a poder jugar.<\/strong> O con 18. Cada cosa tiene su tiempo. <strong>No puedes quitar esa etapa tan esencial <\/strong>para la persona de cara al futuro para un resultado inmediato\u00bb, consider\u00f3 el base de Joventut, que debut\u00f3 como profesional con tan solo 14 a\u00f1os, 11 meses y 24 d\u00edas.<\/p>\n<p class=\"ft-text\">\u00ab<strong>Deber\u00eda haber profesionales, ya los hay, para ver en qu\u00e9 etapa empezar a jugar<\/strong>. Al final siempre habr\u00e1 debate: \u2018Es que este es m\u00e1s maduro con 16 que otro con 18\u2019. S\u00ed, pero <strong>hay que poner una regla, con unos estudios o con alguien que entienda un poco m\u00e1s todo el tema<\/strong>\u00ab. Dabone salt\u00f3 a pista por primera vez con el primer equipo este 12 de septiembre en un amistoso contra B\u00e0squet Girona.<\/p>\n<p><img decoding=\"async\" src=\"https:\/\/www.europesays.com\/es\/wp-content\/uploads\/2025\/09\/06ddc157-805e-44cb-8eb1-94d699102630_alta-libre-aspect-ratio_default_0.jpg\" width=\"1200\" height=\"800\" alt=\"Dabone mostr\u00f3 su felicidad por debutar con la camiseta del Bar\u00e7a\" class=\"ft-helper-img-rd\" loading=\"lazy\" hasdataaida=\"true\"\/><\/p>\n<p class=\"ft-helper-fontColor-quaternary ft-helper-fontSize-body-S ft-helper-spacer-t-xxs\">Dabone mostr\u00f3 su felicidad por debutar con la camiseta del Bar\u00e7a  \/ FCB<\/p>\n<p class=\"ft-text\"><strong>Lo hizo a la edad de 13 a\u00f1os, 10 meses y 22 d\u00edas.<\/strong> Evidentemente, el debut m\u00e1s prematuro de la historia del club. \u00ab<strong>No esper\u00e9is que Dabone tenga que solucionar ning\u00fan problema de la primera plantilla del Bar\u00e7a<\/strong>. A partir de aqu\u00ed, los procesos son naturales y ya veremos, pero es un jugador muy joven\u00bb, aseguraba Pe\u00f1arroya despu\u00e9s del partido, aclarando que todav\u00eda es pronto para darle continuidad en el primer equipo.<\/p>\n<p class=\"ft-text\">\u00abCon 16 a\u00f1os no puedes conducir un coche. <strong>Hay gente con 16 que tal vez tenga m\u00e1s actitudes para conducir un coche que otro de 18 y no se quejan porque la ley es as\u00ed<\/strong>. Yo creo que debutar en un equipo profesional donde entras <strong>en un mundo muy peligroso, porque est\u00e1s abierto a muchas cosas, tendr\u00eda que estar regulado<\/strong>\u00ab, finiquit\u00f3 Ricky, que cumplir\u00e1 35 el pr\u00f3ximo mes de octubre.<\/p>\n<p><img decoding=\"async\" src=\"https:\/\/www.europesays.com\/es\/wp-content\/uploads\/2025\/09\/2a0459cc-a0b5-4420-9884-ab8ce82142cc_alta-libre-aspect-ratio_default_0.jpg\" width=\"1200\" height=\"675\" alt=\"Ricky Rubio, en un partido con el Joventut\" class=\"ft-helper-img-rd\" loading=\"lazy\" hasdataaida=\"true\"\/><\/p>\n<p class=\"ft-helper-fontColor-quaternary ft-helper-fontSize-body-S ft-helper-spacer-t-xxs\">Ricky Rubio, en un partido con el Joventut  \/ Dani Barbeito<\/p>\n<p class=\"ft-text\">En pocos d\u00edas, <strong>Ricky ya empieza la temporada oficial con el Joventut de Badalona<\/strong>. Este mismo jueves, su equipo venci\u00f3 al Morabanc Andorra (101-87) en la segunda jornada de la Liga Catalana y <strong>se jugar\u00e1 este viernes la primera plaza del Grupo 2, y el pase a la gran final, contra el Bar\u00e7a de Pe\u00f1arroya, <\/strong>que tambi\u00e9n venci\u00f3 al conjunto andorrano el pasado mi\u00e9rcoles.<\/p>\n<p>Tr\u00e1mite clave para que juegue Dabone<\/p>\n<p class=\"ft-text\">\u00abHoy mismo me siento bien, preparado. Veremos ma\u00f1ana, pero estos \u00faltimos a\u00f1os he trabajado mucho con mi psic\u00f3loga.<strong> Volver a jugar al baloncesto ten\u00eda que tener un sentido. Estar en la Penya es dejar un legado.<\/strong> Desde que sal\u00ed he tenido \u00e9xito, pero ha sido m\u00e1s una profesi\u00f3n que una ilusi\u00f3n\u00bb, <strong>reconoci\u00f3 Ricky<\/strong>, que se estrenar\u00e1 de manera oficial con el Joventut 20 a\u00f1os despu\u00e9s.<\/p>\n<p class=\"ft-text\">En el caso de Dabone, la normativa concreta que los jugadores que participan tanto en ACB como en Euroliga no pueden ser menores de 16 a\u00f1os, la edad m\u00ednima para trabajar en Espa\u00f1a. Para que la joya cul\u00e9 pueda jugar en el primer equipo, se necesitar\u00eda un permiso laboral que debe aceptar el Consejo Superior de Deportes (CSD), al que ya se le ha enviado la documentaci\u00f3n.<\/p>\n","protected":false},"excerpt":{"rendered":"El fen\u00f3meno de Mohamed Dabone ha traspasado fronteras. Hasta en Estados Unidos hablan de \u00e9l y confirman que&hellip;\n","protected":false},"author":2,"featured_media":125118,"comment_status":"","ping_status":"","sticky":false,"template":"","format":"standard","meta":{"footnotes":""},"categories":[269],"tags":[299,2296,298,38153,168,25,24,15723,23,167],"class_list":{"0":"post-125117","1":"post","2":"type-post","3":"status-publish","4":"format-standard","5":"has-post-thumbnail","7":"category-baloncesto","8":"tag-baloncesto","9":"tag-barca","10":"tag-basketball","11":"tag-dabone","12":"tag-deportes","13":"tag-es","14":"tag-espana","15":"tag-ricky","16":"tag-spain","17":"tag-sports"},"share_on_mastodon":{"url":"","error":""},"_links":{"self":[{"href":"https:\/\/www.europesays.com\/es\/wp-json\/wp\/v2\/posts\/125117","targetHints":{"allow":["GET"]}}],"collection":[{"href":"https:\/\/www.europesays.com\/es\/wp-json\/wp\/v2\/posts"}],"about":[{"href":"https:\/\/www.europesays.com\/es\/wp-json\/wp\/v2\/types\/post"}],"author":[{"embeddable":true,"href":"https:\/\/www.europesays.com\/es\/wp-json\/wp\/v2\/users\/2"}],"replies":[{"embeddable":true,"href":"https:\/\/www.europesays.com\/es\/wp-json\/wp\/v2\/comments?post=125117"}],"version-history":[{"count":0,"href":"https:\/\/www.europesays.com\/es\/wp-json\/wp\/v2\/posts\/125117\/revisions"}],"wp:featuredmedia":[{"embeddable":true,"href":"https:\/\/www.europesays.com\/es\/wp-json\/wp\/v2\/media\/125118"}],"wp:attachment":[{"href":"https:\/\/www.europesays.com\/es\/wp-json\/wp\/v2\/media?parent=125117"}],"wp:term":[{"taxonomy":"category","embeddable":true,"href":"https:\/\/www.europesays.com\/es\/wp-json\/wp\/v2\/categories?post=125117"},{"taxonomy":"post_tag","embeddable":true,"href":"https:\/\/www.europesays.com\/es\/wp-json\/wp\/v2\/tags?post=125117"}],"curies":[{"name":"wp","href":"https:\/\/api.w.org\/{rel}","templated":true}]}}