{"id":125121,"date":"2025-09-19T12:05:09","date_gmt":"2025-09-19T12:05:09","guid":{"rendered":"https:\/\/www.europesays.com\/es\/125121\/"},"modified":"2025-09-19T12:05:09","modified_gmt":"2025-09-19T12:05:09","slug":"en-la-mayoria-de-divorcios-la-mujer-no-quiere-terminar-contigo-sino-acabar-contigo","status":"publish","type":"post","link":"https:\/\/www.europesays.com\/es\/125121\/","title":{"rendered":"En la mayor\u00eda de divorcios, la mujer no quiere terminar contigo, sino acabar contigo"},"content":{"rendered":"<p data-journey-content=\"true\" data-node-id=\"3\" class=\"css-6wxqfj emevuu60\">A sus ya 80 a\u00f1os, <strong data-node-id=\"3.1\">Fernando Esteso<\/strong>, actor ic\u00f3nico del cine del destape, ha tenido una vida de aut\u00e9nticos altibajos. El que <strong data-node-id=\"3.3\">form\u00f3 una de las grandes parejas del cine espa\u00f1ol <\/strong>junto a Andr\u00e9s Pajares, con quien <a href=\"https:\/\/www.diezminutos.es\/famosos-corazon\/famosos-espanoles\/a63033930\/fernando-esteso-presentacion-vinos-amistad-andres-pajares\/\" target=\"_blank\" data-vars-ga-outbound-link=\"https:\/\/www.diezminutos.es\/famosos-corazon\/famosos-espanoles\/a63033930\/fernando-esteso-presentacion-vinos-amistad-andres-pajares\/\" data-vars-ga-ux-element=\"Hyperlink\" data-vars-ga-call-to-action=\"mantiene una buena amistad\" data-node-id=\"3.5\" class=\"body-link css-177bzfx emevuu60\" rel=\"nofollow noopener\">mantiene una buena amistad<\/a>, <strong data-node-id=\"3.7\">se alej\u00f3 de los focos en 2021<\/strong> por <a href=\"https:\/\/www.diezminutos.es\/famosos-corazon\/famosos-espanoles\/a38323354\/fernando-esteso-ingresa-hospital\/\" target=\"_blank\" data-vars-ga-outbound-link=\"https:\/\/www.diezminutos.es\/famosos-corazon\/famosos-espanoles\/a38323354\/fernando-esteso-ingresa-hospital\/\" data-vars-ga-ux-element=\"Hyperlink\" data-vars-ga-call-to-action=\"un problema de salud\" data-node-id=\"3.9\" class=\"body-link css-177bzfx emevuu60\" rel=\"nofollow noopener\">un problema de salud<\/a>; y desde entonces, apenas participaba en los medios. Sin embargo, ha decidido abrir las puertas de su casa de Valencia para Sonsoles \u00d3nega, donde <strong data-node-id=\"3.11\">se ha sincerado sobre varios aspectos de su vida<\/strong>.<\/p>\n<p data-journey-content=\"true\" data-node-id=\"6\" class=\"css-6wxqfj emevuu60\">Aunque ha hablado de temas nost\u00e1lgicos como su infancia, el humorista tambi\u00e9n ha comentado su experiencia con algo que, hasta la fecha, no hab\u00eda hablado: <strong data-node-id=\"6.1\">sus adicciones<\/strong>. A pesar de que Esteso admiti\u00f3 que s\u00ed ha probado \u00ab<strong data-node-id=\"6.3\">alguna cosa que no deber\u00eda haber probado<\/strong>\u00ab, no reconoc\u00eda arrepentimiento por ello. \u00ab\u00bfPara qu\u00e9? <strong data-node-id=\"6.5\">\u00bfC\u00f3mo me voy a arrepentir? Lo importante es no hacerlo<\/strong>\u00ab, dec\u00eda bajo la mirada atenta de la presentadora de &#8216;<a href=\"https:\/\/www.diezminutos.es\/y-ahora-sonsoles\/\" target=\"_blank\" data-vars-ga-outbound-link=\"https:\/\/www.diezminutos.es\/y-ahora-sonsoles\/\" data-vars-ga-ux-element=\"Hyperlink\" data-vars-ga-call-to-action=\" Y ahora Sonsoles\" data-node-id=\"6.7\" class=\"body-link css-177bzfx emevuu60\" rel=\"nofollow noopener\"> Y ahora Sonsoles<\/a>&#8216;. \u00abVolvemos a lo mismo. <strong data-node-id=\"6.9\">Si te arrepientes de algo, es que sigues pensando en ello<\/strong>\u00ab.<\/p>\n<p><img draggable=\"true\" alt=\"fernando esteso y andres pajares\" title=\"fernando esteso y andres pajares\" loading=\"lazy\" width=\"3850\" height=\"2695\" decoding=\"async\" data-nimg=\"1\" style=\"color:transparent;width:100%;height:auto;\"   src=\"https:\/\/www.europesays.com\/es\/wp-content\/uploads\/2025\/09\/fernando-esteso-y-andres-pajares-68cd082a99bb5.jpg\" class=\"css-0 e1g79fud0\"\/>Gtres<\/p>\n<p>Fernando Esteso junto a su compa\u00f1ero, Andr\u00e9s Pajares.<\/p>\n<p>Esteso sobre su divorcio: \u00abA veces la mujer no quiere terminar contigo, sino acabar contigo\u00bb<\/p>\n<p data-journey-content=\"true\" data-node-id=\"10\" class=\"css-6wxqfj emevuu60\">Uno de los momentos m\u00e1s dif\u00edciles, tal y como ha contado, fue <strong data-node-id=\"10.1\">su separaci\u00f3n con Mar\u00eda Jos\u00e9 Egea<\/strong>. \u00abNo estoy divorciado, <strong data-node-id=\"10.3\">estoy separado y viudo<\/strong>\u00ab, explicaba el actor. \u00abPor eso siempre <strong data-node-id=\"10.5\">hablo de la madre de mis hijos, no me gusta decir mi exmujer<\/strong>\u00ab. Adem\u00e1s, asegura que el fin de su historia de amor no fue amistoso. \u00ab<strong data-node-id=\"10.7\">No soy machista\u00bb, explica, pero a\u00f1ade que \u00aben la mayor\u00eda de divorcios, la mujer no quiere terminar contigo, sino acabar contigo<\/strong>\u00ab, a\u00f1ad\u00eda ante la expectaci\u00f3n de <a href=\"https:\/\/www.diezminutos.es\/famosos-corazon\/famosos-espanoles\/g38386916\/sonsoles-onega-vida\/\" target=\"_blank\" data-vars-ga-outbound-link=\"https:\/\/www.diezminutos.es\/famosos-corazon\/famosos-espanoles\/g38386916\/sonsoles-onega-vida\/\" data-vars-ga-ux-element=\"Hyperlink\" data-vars-ga-call-to-action=\"Sonsoles \u00d3nega\" data-node-id=\"10.9\" class=\"body-link css-177bzfx emevuu60\" rel=\"nofollow noopener\">Sonsoles \u00d3nega<\/a> por una declaraci\u00f3n tan pol\u00e9mica.<\/p>\n<p><img draggable=\"true\" alt=\"fernando esteso\" title=\"Fernando Esteso habla de su divorcio en 'Y ahora Sonsoles'\" loading=\"lazy\" width=\"2095\" height=\"1292\" decoding=\"async\" data-nimg=\"1\" style=\"color:transparent;width:100%;height:auto;\"   src=\"https:\/\/www.europesays.com\/es\/wp-content\/uploads\/2025\/09\/fernando-esteso-divorcio-jpg-68cd0d7fdafd7.jpg\" class=\"css-0 e1g79fud0\"\/><\/p>\n<p>Antena 3<\/p>\n<p data-journey-content=\"true\" data-node-id=\"15\" class=\"css-6wxqfj emevuu60\">Sobre su separaci\u00f3n, lo tiene claro, es \u00ab<strong data-node-id=\"15.1\">un fracaso al cual, indudablemente, habr\u00eda contribuido<\/strong>\u00ab. M\u00e1s all\u00e1 de superar su relaci\u00f3n, Fernando tambi\u00e9n explica que \u00abla separaci\u00f3n me priv\u00f3 de mis hijos, de mi hija, pero ahora vivimos juntos, <strong data-node-id=\"15.3\">podemos recuperar el tiempo perdido<\/strong>\u00ab. A pesar de su experiencia, por el amor se siente \u00ab<strong data-node-id=\"15.5\">bendecido porque me ha dado dos hijos<\/strong>\u00ab; y deja claro que este debe ser \u00abuna mezcla de respeto, cari\u00f1o y generosidad\u00bb.<\/p>\n","protected":false},"excerpt":{"rendered":"A sus ya 80 a\u00f1os, Fernando Esteso, actor ic\u00f3nico del cine del destape, ha tenido una vida de&hellip;\n","protected":false},"author":2,"featured_media":125122,"comment_status":"","ping_status":"","sticky":false,"template":"","format":"standard","meta":{"footnotes":""},"categories":[174],"tags":[255,253,146,147,25,24,256,23],"class_list":{"0":"post-125121","1":"post","2":"type-post","3":"status-publish","4":"format-standard","5":"has-post-thumbnail","7":"category-famosos","8":"tag-celebrities","9":"tag-discover","10":"tag-entertainment","11":"tag-entretenimiento","12":"tag-es","13":"tag-espana","14":"tag-famosos","15":"tag-spain"},"share_on_mastodon":{"url":"","error":""},"_links":{"self":[{"href":"https:\/\/www.europesays.com\/es\/wp-json\/wp\/v2\/posts\/125121","targetHints":{"allow":["GET"]}}],"collection":[{"href":"https:\/\/www.europesays.com\/es\/wp-json\/wp\/v2\/posts"}],"about":[{"href":"https:\/\/www.europesays.com\/es\/wp-json\/wp\/v2\/types\/post"}],"author":[{"embeddable":true,"href":"https:\/\/www.europesays.com\/es\/wp-json\/wp\/v2\/users\/2"}],"replies":[{"embeddable":true,"href":"https:\/\/www.europesays.com\/es\/wp-json\/wp\/v2\/comments?post=125121"}],"version-history":[{"count":0,"href":"https:\/\/www.europesays.com\/es\/wp-json\/wp\/v2\/posts\/125121\/revisions"}],"wp:featuredmedia":[{"embeddable":true,"href":"https:\/\/www.europesays.com\/es\/wp-json\/wp\/v2\/media\/125122"}],"wp:attachment":[{"href":"https:\/\/www.europesays.com\/es\/wp-json\/wp\/v2\/media?parent=125121"}],"wp:term":[{"taxonomy":"category","embeddable":true,"href":"https:\/\/www.europesays.com\/es\/wp-json\/wp\/v2\/categories?post=125121"},{"taxonomy":"post_tag","embeddable":true,"href":"https:\/\/www.europesays.com\/es\/wp-json\/wp\/v2\/tags?post=125121"}],"curies":[{"name":"wp","href":"https:\/\/api.w.org\/{rel}","templated":true}]}}