{"id":125123,"date":"2025-09-19T12:06:15","date_gmt":"2025-09-19T12:06:15","guid":{"rendered":"https:\/\/www.europesays.com\/es\/125123\/"},"modified":"2025-09-19T12:06:15","modified_gmt":"2025-09-19T12:06:15","slug":"un-van-dyck-expuesto-al-polvo-de-las-obras-en-el-edificio-de-cort","status":"publish","type":"post","link":"https:\/\/www.europesays.com\/es\/125123\/","title":{"rendered":"Un Van Dyck, expuesto al polvo de las obras en el edificio de Cort"},"content":{"rendered":"<p>Un cuadro del pintor flamenco <strong>Anton Van Dyck<\/strong> se encuentra expuesto en la antesala del sal\u00f3n de plenos de Cort sin ninguna protecci\u00f3n mientras a pocos metros se desarrollan unas obras que est\u00e1n <strong>levantando polvo.<\/strong> En esta sala se est\u00e1n instalando canalizaciones para los sistemas de climatizaci\u00f3n, por lo que los trabajos implican el desmontaje del pavimento mediante una radial.<\/p>\n<p>En esta estancia se han protegido los muebles con<strong> lonas de pl\u00e1stico,<\/strong> pero no as\u00ed \u00e9ste (ni el resto de cuadros). En el marco de este lienzo de gran tama\u00f1o era visible ayer una capa de polvo. La pieza, declarada Bien de Inter\u00e9s Cultural en el a\u00f1o 1970,<strong> es la original y no la r\u00e9plica<\/strong> que se cuelga cada a\u00f1o en la fachada por las fiestas.<\/p>\n<p>M\u00faltiples versiones<\/p>\n<p>Este cuadro es una de las versiones que pint\u00f3 el autor flamenco ilustrando la muerte del santo; hay otras con evidentes semejanzas en el <strong>Monasterio del Escorial y el Museo del Louvre,<\/strong> as\u00ed como en Escocia, M\u00fanich y Campen. Su autor\u00eda estuvo en cuesti\u00f3n durante algunos a\u00f1os, pero estudios del conservador jefe de <a href=\"https:\/\/www.ultimahora.es\/etiqueta\/pintura.html?utm_source=Inline-tag&amp;utm_medium=internal\" rel=\"nofollow noopener\" target=\"_blank\">pintura<\/a> flamenca del Museo del Prado Mat\u00edas D\u00edaz Padr\u00f3n despejaron las dudas y rastrearon su origen hasta la colecci\u00f3n del VI conde de Monterrey, contempor\u00e1neo del pintor. El cuadro fue un <strong>regalo al Ajuntament en el siglo XVIII<\/strong> por parte de Bartolom\u00e9 Verger, representante de la corporaci\u00f3n municipal en Madrid en la \u00e9poca, que lo hab\u00eda adquirido y lo leg\u00f3 a la ciudad en su testamento. Comenz\u00f3 a exponerse en la fachada hasta que su deterioro llev\u00f3 a hacer aquella copia que se saca al exterior.<\/p>\n<p>La ejecuci\u00f3n de estos trabajos de obra en el interior de la sede municipal ha suscitado <a href=\"https:\/\/www.ultimahora.es\/noticias\/palma\/2025\/09\/17\/2471491\/ajuntament-obvia-comision-catalogo-para-hacer-obras-cort.html?utm_source=Related&amp;utm_medium=internal\" data-model=\"Noticia\" data-value=\"2471491\" rel=\"nofollow noopener\" target=\"_blank\">debate en las \u00faltimas tres reuniones<\/a> de la Comisi\u00f3n de Cat\u00e1logo y Centro Hist\u00f3rico porque hay varios proyectos que no pasaron antes por este \u00f3rgano. Entre otras son <strong>obras sobre el forjado, la limpieza de la escalera principal y reparaciones del lucernario<\/strong>. Desde Cort aseguran que no es preceptiva esa consulta y que ha sido el funcionamiento habitual de los \u00faltimos 30 a\u00f1os.<\/p>\n","protected":false},"excerpt":{"rendered":"Un cuadro del pintor flamenco Anton Van Dyck se encuentra expuesto en la antesala del sal\u00f3n de plenos&hellip;\n","protected":false},"author":2,"featured_media":125124,"comment_status":"","ping_status":"","sticky":false,"template":"","format":"standard","meta":{"footnotes":""},"categories":[173],"tags":[24622,229,233,231,230,232,234,146,147,25,24,40819,2553,2554,503,23,1529,21],"class_list":{"0":"post-125123","1":"post","2":"type-post","3":"status-publish","4":"format-standard","5":"has-post-thumbnail","7":"category-arte-y-diseno","8":"tag-ajuntament-de-palma","9":"tag-arte","10":"tag-arte-y-diseno","11":"tag-arts","12":"tag-arts-and-design","13":"tag-design","14":"tag-diseno","15":"tag-entertainment","16":"tag-entretenimiento","17":"tag-es","18":"tag-espana","19":"tag-noticias-palma-hoy","20":"tag-palma","21":"tag-palma-de-mallorca","22":"tag-pintura","23":"tag-spain","24":"tag-ultima-hora","25":"tag-ultimas-noticias"},"share_on_mastodon":{"url":"","error":""},"_links":{"self":[{"href":"https:\/\/www.europesays.com\/es\/wp-json\/wp\/v2\/posts\/125123","targetHints":{"allow":["GET"]}}],"collection":[{"href":"https:\/\/www.europesays.com\/es\/wp-json\/wp\/v2\/posts"}],"about":[{"href":"https:\/\/www.europesays.com\/es\/wp-json\/wp\/v2\/types\/post"}],"author":[{"embeddable":true,"href":"https:\/\/www.europesays.com\/es\/wp-json\/wp\/v2\/users\/2"}],"replies":[{"embeddable":true,"href":"https:\/\/www.europesays.com\/es\/wp-json\/wp\/v2\/comments?post=125123"}],"version-history":[{"count":0,"href":"https:\/\/www.europesays.com\/es\/wp-json\/wp\/v2\/posts\/125123\/revisions"}],"wp:featuredmedia":[{"embeddable":true,"href":"https:\/\/www.europesays.com\/es\/wp-json\/wp\/v2\/media\/125124"}],"wp:attachment":[{"href":"https:\/\/www.europesays.com\/es\/wp-json\/wp\/v2\/media?parent=125123"}],"wp:term":[{"taxonomy":"category","embeddable":true,"href":"https:\/\/www.europesays.com\/es\/wp-json\/wp\/v2\/categories?post=125123"},{"taxonomy":"post_tag","embeddable":true,"href":"https:\/\/www.europesays.com\/es\/wp-json\/wp\/v2\/tags?post=125123"}],"curies":[{"name":"wp","href":"https:\/\/api.w.org\/{rel}","templated":true}]}}