{"id":125125,"date":"2025-09-19T12:09:09","date_gmt":"2025-09-19T12:09:09","guid":{"rendered":"https:\/\/www.europesays.com\/es\/125125\/"},"modified":"2025-09-19T12:09:09","modified_gmt":"2025-09-19T12:09:09","slug":"antonio-yelamo-director-de-la-cadena-ser-andalucia-la-radio-debe-estar-donde-transita-la-vida-comunicacion-y-medios","status":"publish","type":"post","link":"https:\/\/www.europesays.com\/es\/125125\/","title":{"rendered":"Antonio Y\u00e9lamo, director de la Cadena SER Andaluc\u00eda: \u201cLa radio debe estar donde transita la vida\u201d | Comunicaci\u00f3n y Medios"},"content":{"rendered":"<p class=\"\">La celebraci\u00f3n de los cien a\u00f1os de vida de Radio Sevilla, una de las emisoras m\u00e1s antiguas del pa\u00eds junto a Barcelona, Madrid y C\u00e1diz, <a href=\"https:\/\/elpais.com\/espana\/andalucia\/2025-09-17\/radio-sevilla-reivindica-su-compromiso-social-y-el-orgullo-de-ser-andaluz-en-la-fiesta-de-su-centenario.html?outputType=amp\" target=\"_self\" rel=\"nofollow noopener\" title=\"https:\/\/elpais.com\/espana\/andalucia\/2025-09-17\/radio-sevilla-reivindica-su-compromiso-social-y-el-orgullo-de-ser-andaluz-en-la-fiesta-de-su-centenario.html?outputType=amp\">ha sido un ejemplo de transversalidad<\/a>: pol\u00edticos de todos los colores, empresarios y l\u00edderes sindicales, sociedad civil y fieles oyentes se reunieron esta semana en la capital andaluza en una fiesta que fue tambi\u00e9n una burbuja protegida de la polarizaci\u00f3n que tiene contaminada la vida p\u00fablica. Le llaman \u201cel efecto Y\u00e9lamo\u201d. Delegado de Prisa Media y director de la Cadena Ser Andaluc\u00eda, Antonio Y\u00e9lamo Crespillo (\u00c9cija-Sevilla, 67 a\u00f1os) ha extendido a Radio Sevilla las cualidades que le adornan como periodista y que son imprescindibles en este oficio de comunicar: su enorme capacidad para escuchar al otro sin renunciar a un criterio firme. Agarrado a un micr\u00f3fono desde 1982, est\u00e1 convencido de que esta centenaria manera de mantenernos informados tiene garantizado un futuro esplendoroso.<\/p>\n<p class=\"\"><b>PREGUNTA:<\/b> La radio es uno de los inventos estrella del siglo XX. \u00bfC\u00f3mo la ve ahora en el XXI?<\/p>\n<p class=\"\"><b>RESPUESTA: <\/b>Pues cargada de futuro. Porque si algo ha demostrado la radio en toda su trayectoria, de cien a\u00f1os, es que tiene una gran capacidad de adaptaci\u00f3n. Hay plenas garant\u00edas de que finalmente <a href=\"https:\/\/elpais.com\/noticias\/radio-digital\/\" target=\"_blank\" rel=\"nofollow noopener\" title=\"https:\/\/elpais.com\/noticias\/radio-digital\/\">encontrar\u00e1 la respuesta a los desaf\u00edos tecnol\u00f3gicos<\/a> de todo tipo que se planteen. Sin duda, la radio tiene por delante un gran porvenir.<\/p>\n<p class=\"\"><b>P:<\/b> Hubo una prueba del algod\u00f3n el d\u00eda del apag\u00f3n. La gente busc\u00f3 dos cosas: una linterna y un transistor.<\/p>\n<p class=\"\"><b>R: <\/b>Es una se\u00f1al de que, efectivamente, la radio forma parte de la vida \u00edntima y cotidiana de los ciudadanos. Aquello fue un hito, no deja de ser un elemento llamativo, que hace a la radio recobrar su protagonismo, pero ya gozaba y goza de ser un elemento indispensable en la vida cotidiana de los ciudadanos, s\u00f3lo que en ese momento se puso de manifiesto de una manera a\u00fan m\u00e1s importante.<\/p>\n<p class=\"\"><b>P:<\/b> Dicen los estudios que la radio es percibida por la sociedad, incluidos los j\u00f3venes, como el medio de comunicaci\u00f3n m\u00e1s fiable. Sin embargo, los j\u00f3venes son el sector que menos la consume. \u00bfC\u00f3mo se engancha a las nuevas generaciones?<\/p>\n<p class=\"\"><b>R: <\/b>La gente joven s\u00ed escucha la radio, solo que usan otras v\u00edas para llegar hasta lo que nosotros llamamos la radio convencional, la radio hablada. Antes, tal vez, era la musical, de ah\u00ed pasaban a los deportes y ya luego, a la convencional. Ahora hay otros elementos de enganche, otras plataformas de acceso a la radio. <a href=\"https:\/\/elpais.com\/podcasts\/\" target=\"_blank\" rel=\"nofollow noopener\" title=\"https:\/\/elpais.com\/podcasts\/\">Y eso pasa, por ejemplo, por los podcasts<\/a>, que han sido un elemento que demuestra esa capacidad de adaptaci\u00f3n de la radio que hace que sobreviva a lo fundamental, que es nuestra piedra filosofal: el audio. En la medida en que el joven est\u00e9 vinculado al fen\u00f3meno del audio de alguien que le comunica algo a trav\u00e9s de la palabra, la radio estar\u00e1 ah\u00ed.<\/p>\n<p class=\"\"><b>P:<\/b> Radio Sevilla cumple cien a\u00f1os: desde las arengas de Queipo de Llano a los aires de libertad de Jes\u00fas Quintero, la consolidaci\u00f3n antes del proceso auton\u00f3mico con I\u00f1aki Gabilondo, la transformaci\u00f3n digital actual\u2026 \u00bfCon qu\u00e9 momento se queda?<\/p>\n<p class=\"\"><b>R: <\/b>Evidentemente, la radio del entretenimiento, en una \u00e9poca muy dif\u00edcil y compleja, jug\u00f3 un papel extraordinario en todo el pa\u00eds y, por supuesto, en Sevilla. Pero para m\u00ed, y yo creo que para muchos, <a href=\"https:\/\/elpais.com\/noticias\/inaki-gabilondo\/\" target=\"_blank\" rel=\"nofollow noopener\" title=\"https:\/\/elpais.com\/noticias\/inaki-gabilondo\/\">el elemento clave de la transformaci\u00f3n de la radio pasa por la direcci\u00f3n de I\u00f1aki Gabilondo<\/a> de Radio Sevilla entre 1972 y 1976. A partir de ah\u00ed, un antes y un despu\u00e9s. <\/p>\n<p class=\"\"><b>P:<\/b> Suele citar a Gabilondo como su gran referente. \u00bfCu\u00e1ntas veces ha pensado \u201c\u00bfesto c\u00f3mo lo contar\u00eda I\u00f1aki\u201d?<\/p>\n<p class=\"\"><b>R: <\/b>Much\u00edsimas veces, es nuestro ejemplo permanente de c\u00f3mo estar y enfrentar el hecho noticiable. Pero precisamente lo ha comentado \u00e9l en otras ocasiones: la radio es la segunda voz que acompa\u00f1a a nuestra vida y eso requiere de un elemento primordial en aquel que articula el mensaje, da credibilidad y aporta cercan\u00eda: la humildad. I\u00f1aki lo sab\u00eda, que tu protagonismo no perturbe el af\u00e1n de comunicar y de trasladar las cosas a los oyentes. La radio no nos pertenece a nosotros: la radio es de los oyentes, esa es la gran verdad y tenemos que ser conscientes de ello. <\/p>\n<p class=\"\"><b>P:<\/b> Siguiendo con I\u00f1aki Gabilondo. En aquellos a\u00f1os acu\u00f1\u00f3 un eslogan insuperable: \u201cSi\u00e9ntase orgulloso de ser andaluz\u201d, que fue clave para encarar el proceso de Autonom\u00eda. \u00bfC\u00f3mo hemos evolucionado en autoestima los andaluces? La radio le ofrece un observatorio tambi\u00e9n insuperable para detectarlo.<\/p>\n<p class=\"\"><b>R: <\/b>Evidentemente el escenario ha cambiado de manera extraordinaria. En ese momento vivimos una situaci\u00f3n verdaderamente dura y extrema, cuando Andaluc\u00eda soportaba unos \u00edndices de paro y de dureza superlativos, con una emigraci\u00f3n que desangr\u00f3 al pueblo andaluz. Ahora las circunstancias son muy diferentes, pero los medios de comunicaci\u00f3n tenemos <a href=\"https:\/\/elpais.com\/comunicacion\/\" target=\"_blank\" rel=\"nofollow noopener\" title=\"https:\/\/elpais.com\/comunicacion\/\">la responsabilidad de subirnos al tren de las aspiraciones de mejora<\/a> y de transformaci\u00f3n que tienen permanentemente el pueblo y la ciudadan\u00eda en general. Y en la medida en que nosotros estemos atentos a esas aspiraciones para tratar de encauzarlas y de responder a las mismas, tenemos garantizado el \u00e9xito.<\/p>\n<p class=\"\"><b>P:<\/b> \u00bfCu\u00e1nto se parece Radio Sevilla a Sevilla?<\/p>\n<p class=\"\"><b>R: <\/b>Pretendemos parecernos. Pero pretendemos tambi\u00e9n aportarle cosas que le ayuden a afrontar la realidad cambiante que tiene a su alrededor. <\/p>\n<p class=\"\"><b>P:<\/b> \u00bfLa radio local se salva de la terrible polarizaci\u00f3n que arrastra a los medios de comunicaci\u00f3n nacionales?<\/p>\n<p class=\"\"><b>R: <\/b>En cierta manera, creo que s\u00ed. La realidad m\u00e1s cotidiana y cercana al ciudadano pasa por otros \u00e1mbitos y ah\u00ed est\u00e1 la radio local. Esa es la gran trascendencia de un medio de comunicaci\u00f3n: estar situado all\u00e1 donde transita la vida Es una particularidad que la salvaguarda del mucho ruido constante y permanente que hay. Eso no quiere decir que eludamos los discursos fundamentales que afectan al ciudadano, pero s\u00ed procuramos hacerlo desde un espacio m\u00e1s desprovisto de mensajes distorsionadores que vienen cargados de otras intenciones que van m\u00e1s all\u00e1 de lo que es el propio inter\u00e9s del ciudadano.<\/p>\n<p class=\"\"><b>P:<\/b> Sea sincero, \u00bfescucha a la competencia?<\/p>\n<p class=\"\"><b>R: <\/b>Es una obligaci\u00f3n. No solamente la competencia radiof\u00f3nica, sino todos los medios de comunicaci\u00f3n escritos. Hay que hacerlo precisamente para saber d\u00f3nde situar tus balizas, para trazar el camino a seguir del medio que te corresponde. <\/p>\n","protected":false},"excerpt":{"rendered":"La celebraci\u00f3n de los cien a\u00f1os de vida de Radio Sevilla, una de las emisoras m\u00e1s antiguas del&hellip;\n","protected":false},"author":2,"featured_media":125126,"comment_status":"","ping_status":"","sticky":false,"template":"","format":"standard","meta":{"footnotes":""},"categories":[170],"tags":[259,40821,40820,6699,5262,146,147,25,24,32694,32695,2164,184,185,2151,23],"class_list":{"0":"post-125125","1":"post","2":"type-post","3":"status-publish","4":"format-standard","5":"has-post-thumbnail","7":"category-musica","8":"tag-andalucia","9":"tag-antonio-yelamo","10":"tag-antonio-yelamo-crespillo","11":"tag-cadena-ser","12":"tag-comunicacion","13":"tag-entertainment","14":"tag-entretenimiento","15":"tag-es","16":"tag-espana","17":"tag-grupo-comunicacion","18":"tag-grupo-multimedia","19":"tag-medios-comunicacion","20":"tag-music","21":"tag-musica","22":"tag-periodismo","23":"tag-spain"},"share_on_mastodon":{"url":"","error":""},"_links":{"self":[{"href":"https:\/\/www.europesays.com\/es\/wp-json\/wp\/v2\/posts\/125125","targetHints":{"allow":["GET"]}}],"collection":[{"href":"https:\/\/www.europesays.com\/es\/wp-json\/wp\/v2\/posts"}],"about":[{"href":"https:\/\/www.europesays.com\/es\/wp-json\/wp\/v2\/types\/post"}],"author":[{"embeddable":true,"href":"https:\/\/www.europesays.com\/es\/wp-json\/wp\/v2\/users\/2"}],"replies":[{"embeddable":true,"href":"https:\/\/www.europesays.com\/es\/wp-json\/wp\/v2\/comments?post=125125"}],"version-history":[{"count":0,"href":"https:\/\/www.europesays.com\/es\/wp-json\/wp\/v2\/posts\/125125\/revisions"}],"wp:featuredmedia":[{"embeddable":true,"href":"https:\/\/www.europesays.com\/es\/wp-json\/wp\/v2\/media\/125126"}],"wp:attachment":[{"href":"https:\/\/www.europesays.com\/es\/wp-json\/wp\/v2\/media?parent=125125"}],"wp:term":[{"taxonomy":"category","embeddable":true,"href":"https:\/\/www.europesays.com\/es\/wp-json\/wp\/v2\/categories?post=125125"},{"taxonomy":"post_tag","embeddable":true,"href":"https:\/\/www.europesays.com\/es\/wp-json\/wp\/v2\/tags?post=125125"}],"curies":[{"name":"wp","href":"https:\/\/api.w.org\/{rel}","templated":true}]}}