{"id":125135,"date":"2025-09-19T12:16:15","date_gmt":"2025-09-19T12:16:15","guid":{"rendered":"https:\/\/www.europesays.com\/es\/125135\/"},"modified":"2025-09-19T12:16:15","modified_gmt":"2025-09-19T12:16:15","slug":"la-loteria-nacional-del-jueves-deja-30-000-euros-en-los-canarios","status":"publish","type":"post","link":"https:\/\/www.europesays.com\/es\/125135\/","title":{"rendered":"La Loter\u00eda Nacional del jueves deja 30.000 euros en \u2018Los Canarios\u2019"},"content":{"rendered":"<p><strong>El punto de venta de la calle Alfonso XII ha vendido uno de los d\u00e9cimos del 63.311, el primer premio del sorteo celebrado este jueves 18 de septiembre. Un n\u00famero que no pertenece a los abonados semanales de Los Canarios con lo que \u201cse ha vendido por terminal\u201d, como apunta su regente Mari Carmen Fern\u00e1ndez, que desconoc\u00eda la identidad del afortunado.\u00a0<\/strong><\/p>\n<p><strong>Daimiel Noticias.\u2013<\/strong> El despacho de loter\u00eda Los Canarios han vuelto a repartir suerte en Daimiel. El punto de venta de la calle Alfonso XII ha consignado uno de los d\u00e9cimos del primer premio de Loter\u00eda Nacional de este jueves 18 de septiembre.\u00a0<\/p>\n<p>El agraciado con ese 63.311 ha ganado 30.000 euros \u201clibres de impuestos\u201d al no ser superar el m\u00ednimo legal para tributar por premios de la ONLAE. As\u00ed lo apuntaba la regente de este punto de venta, Mari Carmen Fern\u00e1ndez, que hasta el mediod\u00eda de este viernes desconoc\u00eda quien pudiera ser el afortunado. \u201cDe momento, nadie se ha presentado por aqu\u00ed\u201d, indicaba.<\/p>\n<p>  <img loading=\"lazy\" decoding=\"async\" src=\"https:\/\/www.europesays.com\/es\/wp-content\/uploads\/2025\/09\/premio_loteria_los_canarios_1.jpg\" width=\"800\" height=\"535\" alt=\"premio_loteria_los_canarios_1\" typeof=\"foaf:Image\" class=\"img-fluid\"\/><br \/>\nMari Carmen Fern\u00e1ndez, de Los Canarios.<\/p>\n<p>Fern\u00e1ndez indicaba que no es el n\u00famero de algunos de los abonados semanales de Los Canarios y que, por tanto, se ha vendido por terminal. Un nuevo premio que \u201ces una satisfacci\u00f3n para nosotros y que tambi\u00e9n da prestigio al establecimiento\u201d, destacaba. \u201cAhora lo que queremos es seguir dando m\u00e1s premios\u201d, a\u00f1ad\u00eda.\u00a0<\/p>\n<p>Adem\u00e1s, de este d\u00e9cimo vendido en Daimiel este mismo n\u00famero fue consignado en otros puntos de Espa\u00f1a, entre ellos Alicante, Badajoz, Sant Quirze del Vall\u00e8s, Guadalcac\u00edn, Castell\u00f3n de la Plana, Lluchmayor, M\u00e1laga, Ceut\u00ed y Arafo, como informa en nota de prensa la ONLAE.\u00a0<\/p>\n","protected":false},"excerpt":{"rendered":"El punto de venta de la calle Alfonso XII ha vendido uno de los d\u00e9cimos del 63.311, el&hellip;\n","protected":false},"author":2,"featured_media":125136,"comment_status":"","ping_status":"","sticky":false,"template":"","format":"standard","meta":{"footnotes":""},"categories":[80],"tags":[82,3010,95,94,25,24,40822,530,843,23],"class_list":{"0":"post-125135","1":"post","2":"type-post","3":"status-publish","4":"format-standard","5":"has-post-thumbnail","7":"category-economia","8":"tag-business","9":"tag-daimiel","10":"tag-economia","11":"tag-economy","12":"tag-es","13":"tag-espana","14":"tag-los-canarios","15":"tag-loteria","16":"tag-premio","17":"tag-spain"},"share_on_mastodon":{"url":"","error":""},"_links":{"self":[{"href":"https:\/\/www.europesays.com\/es\/wp-json\/wp\/v2\/posts\/125135","targetHints":{"allow":["GET"]}}],"collection":[{"href":"https:\/\/www.europesays.com\/es\/wp-json\/wp\/v2\/posts"}],"about":[{"href":"https:\/\/www.europesays.com\/es\/wp-json\/wp\/v2\/types\/post"}],"author":[{"embeddable":true,"href":"https:\/\/www.europesays.com\/es\/wp-json\/wp\/v2\/users\/2"}],"replies":[{"embeddable":true,"href":"https:\/\/www.europesays.com\/es\/wp-json\/wp\/v2\/comments?post=125135"}],"version-history":[{"count":0,"href":"https:\/\/www.europesays.com\/es\/wp-json\/wp\/v2\/posts\/125135\/revisions"}],"wp:featuredmedia":[{"embeddable":true,"href":"https:\/\/www.europesays.com\/es\/wp-json\/wp\/v2\/media\/125136"}],"wp:attachment":[{"href":"https:\/\/www.europesays.com\/es\/wp-json\/wp\/v2\/media?parent=125135"}],"wp:term":[{"taxonomy":"category","embeddable":true,"href":"https:\/\/www.europesays.com\/es\/wp-json\/wp\/v2\/categories?post=125135"},{"taxonomy":"post_tag","embeddable":true,"href":"https:\/\/www.europesays.com\/es\/wp-json\/wp\/v2\/tags?post=125135"}],"curies":[{"name":"wp","href":"https:\/\/api.w.org\/{rel}","templated":true}]}}