{"id":125137,"date":"2025-09-19T12:17:07","date_gmt":"2025-09-19T12:17:07","guid":{"rendered":"https:\/\/www.europesays.com\/es\/125137\/"},"modified":"2025-09-19T12:17:07","modified_gmt":"2025-09-19T12:17:07","slug":"ucrania-recupera-siete-localidades-y-hace-retroceder-a-las-tropas-rusas-en-donetsk-internacional","status":"publish","type":"post","link":"https:\/\/www.europesays.com\/es\/125137\/","title":{"rendered":"Ucrania recupera siete localidades y hace retroceder a las tropas rusas en Donetsk | Internacional"},"content":{"rendered":"<p class=\"\">El presidente y el ej\u00e9rcito de Ucrania han anunciado que est\u00e1n llevando a cabo una contraofensiva en medio de intensos combates en torno a la localidad de Dobropilia, en el <a href=\"https:\/\/elpais.com\/internacional\/2025-05-31\/artilleria-sovietica-y-municion-estadounidense-para-tomar-una-mina-clave-en-manos-de-rusia.html\" rel=\"nofollow noopener\" target=\"_blank\">frente de Pokrovsk<\/a> (regi\u00f3n oriental de Donetsk). Durante la operaci\u00f3n, que se mantiene abierta, afirman haber liberado de la ocupaci\u00f3n rusa siete pueblos en un total de 160 kil\u00f3metros cuadrados y haber detenido a casi un centenar de militares enemigos, seg\u00fan datos ofrecidos por el jefe de las Fuerzas Armadas, Alexander Syrskyi. Adem\u00e1s, las fuerzas ucranias habr\u00edan logrado limpiar otros nueve enclaves en los que hab\u00eda cierta presencia del invasor en un espacio de 170 kil\u00f3metros cuadrados. Es una de las mayores ganancias territoriales en meses.<\/p>\n<p class=\"\">\u201cEn las \u00faltimas semanas, hemos estado llevando a cabo una de nuestras operaciones de contraofensiva. Los muchachos lo est\u00e1n haciendo estupendamente. En el frente de Donetsk, en las zonas de Pokrovsk y Dobropilia. La lucha es intensa, pero estamos causando importantes p\u00e9rdidas a los rusos\u201d, se\u00f1al\u00f3 Zelenski en la tarde del jueves durante una visita a la regi\u00f3n de Donetsk, seg\u00fan un v\u00eddeo publicado en sus redes sociales. El mandatario calcula que los muertos rusos en este tiempo superan los 1.300, aunque Ucrania sigue sin ofrecer detalles de las bajas propias.<\/p>\n<p class=\"\">El escenario de la contraofensiva es el mismo en el que <a href=\"https:\/\/elpais.com\/internacional\/2025-08-13\/alarma-en-ucrania-por-un-avance-relampago-ruso-en-el-frente-de-pokrovsk.html\" rel=\"nofollow noopener\" target=\"_blank\">las tropas del Kremlin asestaron un r\u00e1pido golpe el pasado agosto<\/a>, adentr\u00e1ndose hasta 10 kil\u00f3metros y obligando a la defensa local a replegarse. Se trata de uno de los puntos m\u00e1s delicados de la invasi\u00f3n rusa en el este de Ucrania.<\/p>\n<p class=\"\">Pokrovsk, que lleva meses asediada y rodeada, es una ciudad clave para sostener la presencia militar ucrania en una regi\u00f3n en la que el conflicto armado no descansa desde la llegada de los rusos, en 2014. El Kremlin ha reforzado durante este tiempo su despliegue en la zona en un intento de rematar la expansi\u00f3n de su ej\u00e9rcito en el territorio del Donb\u00e1s, integrado por las regiones de Lugansk y Donetsk.<\/p>\n<p>Tropas rusas rodeadas en tres puntos<\/p>\n<p class=\"\">El jefe del departamento de unidades de asalto, Valentin Manko, ha informado en las \u00faltimas horas en declaraciones a la cadena de radio NV de que hay tres puntos en el entorno de Dobropilia en los que los militares ucranios mantienen rodeadas a tropas rusas: Kucherov Yar, Volodymyrivka y en la l\u00ednea Razine-Novotoretske.<\/p>\n<p class=\"\">Hay varios enclaves importantes para la defensa de lo que queda en manos ucranias de la regi\u00f3n de Donetsk que llevan meses asediados y atacados de manera cotidiana por el ej\u00e9rcito invasor como Pokrovsk y Konstantinivka. Ambos permanecen pr\u00e1cticamente rodeados por las fuerzas rusas, seg\u00fan los detalles que ofrece en su mapa la web ucrania DeepState, que actualiza diariamente el mapa sobre la situaci\u00f3n en el frente.<\/p>\n<p>Avances rusos en J\u00e1rkov<\/p>\n<p class=\"\">El optimismo aflorado en las \u00faltimas horas en esa zona de Donetsk contrasta con la situaci\u00f3n que se vive en el este de la vecina regi\u00f3n de J\u00e1rkov. All\u00ed, la <a href=\"https:\/\/elpais.com\/internacional\/2025-05-18\/retirada-ucrania-bajo-drones-rusos-la-prioridad-es-salvar-nuestras-vidas.html\" target=\"_self\" rel=\"nofollow noopener\" title=\"https:\/\/elpais.com\/internacional\/2025-05-18\/retirada-ucrania-bajo-drones-rusos-la-prioridad-es-salvar-nuestras-vidas.html\">batalla por el control de la ciudad de Kupiansk<\/a> presenta avances de las tropas invasoras, seg\u00fan reconoce el ej\u00e9rcito ucranio. El r\u00edo Oskil, que divide esta localidad, sigue haciendo de frontera natural, aunque los rusos controlan ya territorio a ambas orillas.<\/p>\n<p class=\"\">En todo caso, se suceden los intentos de asalto rusos en embarcaciones o a trav\u00e9s de tuber\u00edas de gas, seg\u00fan confirman fuentes del d\u00e9cimo grupo de asalto del ej\u00e9rcito a trav\u00e9s de la red social Telegram. La infanter\u00eda del Kremlin, a\u00f1aden, a menudo dispersa en peque\u00f1os grupos y hasta vestida de civil, avanza tratando de ganar posiciones adem\u00e1s de haber reforzado su presencia en localidades como Radkivka o Holubivka.<\/p>\n","protected":false},"excerpt":{"rendered":"El presidente y el ej\u00e9rcito de Ucrania han anunciado que est\u00e1n llevando a cabo una contraofensiva en medio&hellip;\n","protected":false},"author":2,"featured_media":125138,"comment_status":"","ping_status":"","sticky":false,"template":"","format":"standard","meta":{"footnotes":""},"categories":[42],"tags":[8738,17,18,70,71,72,700,13,14,69,7082,11,61,62,63,64,19,20,9,10,15,16,1613,1614,12,7081,21,22,1617,65,66,67],"class_list":{"0":"post-125137","1":"post","2":"type-post","3":"status-publish","4":"format-standard","5":"has-post-thumbnail","7":"category-internacional","8":"tag-ataques-militares","9":"tag-breaking-news","10":"tag-breakingnews","11":"tag-conflictos","12":"tag-conflictos-armados","13":"tag-conflictos-internacionales","14":"tag-europa","15":"tag-featured-news","16":"tag-featurednews","17":"tag-guerra","18":"tag-guerra-de-rusia-en-ucrania","19":"tag-headlines","20":"tag-internacional","21":"tag-international","22":"tag-international-news","23":"tag-internationalnews","24":"tag-latest-news","25":"tag-latestnews","26":"tag-news","27":"tag-noticias","28":"tag-noticias-destacadas","29":"tag-noticiasdestacadas","30":"tag-otan","31":"tag-rusia","32":"tag-titulares","33":"tag-ucrania","34":"tag-ultimas-noticias","35":"tag-ultimasnoticias","36":"tag-union-europea","37":"tag-world","38":"tag-world-news","39":"tag-worldnews"},"share_on_mastodon":{"url":"","error":""},"_links":{"self":[{"href":"https:\/\/www.europesays.com\/es\/wp-json\/wp\/v2\/posts\/125137","targetHints":{"allow":["GET"]}}],"collection":[{"href":"https:\/\/www.europesays.com\/es\/wp-json\/wp\/v2\/posts"}],"about":[{"href":"https:\/\/www.europesays.com\/es\/wp-json\/wp\/v2\/types\/post"}],"author":[{"embeddable":true,"href":"https:\/\/www.europesays.com\/es\/wp-json\/wp\/v2\/users\/2"}],"replies":[{"embeddable":true,"href":"https:\/\/www.europesays.com\/es\/wp-json\/wp\/v2\/comments?post=125137"}],"version-history":[{"count":0,"href":"https:\/\/www.europesays.com\/es\/wp-json\/wp\/v2\/posts\/125137\/revisions"}],"wp:featuredmedia":[{"embeddable":true,"href":"https:\/\/www.europesays.com\/es\/wp-json\/wp\/v2\/media\/125138"}],"wp:attachment":[{"href":"https:\/\/www.europesays.com\/es\/wp-json\/wp\/v2\/media?parent=125137"}],"wp:term":[{"taxonomy":"category","embeddable":true,"href":"https:\/\/www.europesays.com\/es\/wp-json\/wp\/v2\/categories?post=125137"},{"taxonomy":"post_tag","embeddable":true,"href":"https:\/\/www.europesays.com\/es\/wp-json\/wp\/v2\/tags?post=125137"}],"curies":[{"name":"wp","href":"https:\/\/api.w.org\/{rel}","templated":true}]}}