{"id":125139,"date":"2025-09-19T12:18:08","date_gmt":"2025-09-19T12:18:08","guid":{"rendered":"https:\/\/www.europesays.com\/es\/125139\/"},"modified":"2025-09-19T12:18:08","modified_gmt":"2025-09-19T12:18:08","slug":"banderas-palestinas-en-colegios-de-madrid-se-han-prohibido","status":"publish","type":"post","link":"https:\/\/www.europesays.com\/es\/125139\/","title":{"rendered":"Banderas palestinas en colegios de Madrid: \u00bfse han prohibido?"},"content":{"rendered":"<p style=\"text-align:justify;\">El clima de protestas a favor de Palestina en las calles de Madrid, con el recuerdo reciente de las manifestaciones en la \u00faltima etapa de La Vuelta 2025, se ha trasladado a los colegios de Madrid. <strong>Los sindicatos denuncian que la Comunidad ha prohibido que se exhiban banderas palestinas<\/strong> o que se celebren actividades de apoyo al pueblo gazat\u00ed, pero el Ejecutivo regional lo niega. En VerificaRTVE te contamos qu\u00e9 sabemos hasta la fecha de esta supuesta prohibici\u00f3n y te explicamos si tiene base legal.  <\/p>\n<p>La Comunidad: los colegios deben ser \u00ababsolutamente apol\u00edticos\u00bb <\/p>\n<p style=\"text-align:justify;\">El asunto salt\u00f3 a los medios de comunicaci\u00f3n el mi\u00e9rcoles 17 de septiembre, cuando el Pa\u00eds public\u00f3 que el <a href=\"https:\/\/elpais.com\/espana\/madrid\/2025-09-17\/el-gobierno-de-ayuso-pide-a-varios-colegios-madrilenos-que-retiren-los-simbolos-de-apoyo-a-gaza.html\" target=\"_blank\" rel=\"nofollow noopener\">Gobierno madrile\u00f1o ha prohibido las banderas palestinas<\/a> y las manifestaciones de apoyo al pueblo gazat\u00ed en los colegios. El <a href=\"https:\/\/x.com\/stemstes\/status\/1968300133474509252\/photo\/1\" target=\"_blank\" rel=\"nofollow\">Sindicato de Trabajadores de la Ense\u00f1anza de Madrid (STEM)<\/a> pidi\u00f3 por carta al consejero de Educaci\u00f3n, Emilio Viciana, \u00abla retirada de toda instrucci\u00f3n que restrinja la exhibici\u00f3n de s\u00edmbolos de apoyo a Palestina en centros educativos\u00bb. Posteriormente, la Consejer\u00eda de Educaci\u00f3n neg\u00f3 que haya una orden aunque s\u00ed reconoci\u00f3 un &#8216;recordatorio&#8217; de que los centros educativos deben alejarse de proclamas pol\u00edticas: \u00ab\u00danicamente cuando las Direcciones de \u00c1rea Territorial (DAT) conocen que alg\u00fan centro quiere organizar actividades que pudieran tener relaci\u00f3n con alguna cuesti\u00f3n pol\u00edtica, <strong>recuerdan a los directores que los centros educativos deben ser absolutamente apol\u00edticos<\/strong>\u00ab, se\u00f1alaron <a href=\"https:\/\/www.europapress.es\/madrid\/noticia-marea-palestina-alerta-orden-retirar-banderas-apoyo-gaza-colegios-comunidad-niega-instruccion-20250917095511.html#:~:text=%C3%9Anicamente%20cuando%20las%20Direcciones%20de%20%C3%81rea%20Territorial%20(DAT)%20conocen%20que%20alg%C3%BAn%20centro%20quiere%20organizar%20actividades%20que%20pudieran%20tener%20relaci%C3%B3n%20con%20alguna%20cuesti%C3%B3n%20pol%C3%ADtica%2C%20recuerdan%20a%20los%20directores%20que%20los%20centros%20educativos%20deben%20ser%20absolutamente%20apol%C3%ADticos\" target=\"_blank\" rel=\"nofollow noopener\">fuentes de este departamento a Europa Press<\/a>.  <\/p>\n<p style=\"text-align:justify;\">\u00abNo hay ninguna novedad\u00bb, declar\u00f3 el portavoz del Gobierno madrile\u00f1o, Miguel \u00c1ngel Garc\u00eda, que insisti\u00f3 en que \u00aben los colegios p\u00fablicos de la Comunidad de Madrid, con car\u00e1cter general, <strong>hay instrucciones para no hacer pol\u00edtica<\/strong>\u00bb (<a href=\"https:\/\/www.rtve.es\/play\/videos\/informativo-de-madrid\/informativo-madrid-1-17-09-2025\/16733010\/\" rel=\"nofollow noopener\" target=\"_blank\">minuto 05:15 del Informativo Madrid 1<\/a>). <\/p>\n<p style=\"text-align:justify;\"><a href=\"https:\/\/www.facebook.com\/watch\/?v=1180054060813713\" target=\"_blank\" rel=\"nofollow noopener\">La presidenta de la Comunidad, Isabel D\u00edaz Ayuso<\/a>, se ha mostrado m\u00e1s tajante al respecto. El mismo mi\u00e9rcoles, al ser preguntada por esta cuesti\u00f3n tras el Consejo de Gobierno, pidi\u00f3 dejar \u00aba la comunidad educativa en paz\u00bb y dejar \u00abde intentar adoctrinar en los colegios\u00bb. Este viernes, en el acto de apertura del curso en la Universidad de Alcal\u00e1 de Henares, donde se ha encontrado con protestas por la postura de la Comunidad de  Madrid sobre \u00abel genocidio\u00bb en Palestina, Ayuso ha afirmado que <strong>no va a consentir que se  \u00abinstrumentalicen\u00bb los centros educativos<\/strong> para hacer \u00abingenier\u00eda  social, ni para guerra ideol\u00f3gica\u00bb. <\/p>\n<p>Los sindicatos denuncian \u00ab\u00f3rdenes de retirada\u00bb de s\u00edmbolos palestinos <\/p>\n<p style=\"text-align:justify;\"><a href=\"https:\/\/x.com\/CCOOEducaMa\/status\/1968646278784430527\" target=\"_blank\" rel=\"nofollow\">Comisiones Obreras (CCOO) denunci\u00f3 p\u00fablicamente este jueves<\/a> las <strong>\u00f3rdenes de \u00abretirada a los centros educativos u otros s\u00edmbolos de apoyo al pueblo gazat\u00ed<\/strong>\u00ab. Se refieren en todo momento a \u00ab\u00f3rdenes verbales\u00bb que proceden de la Consejer\u00eda de Educaci\u00f3n. \u00abSi hay alguna instrucci\u00f3n escrita, lo llevaremos a los tribunales\u00bb, declara a VerificaRTVE la secretaria general de la Federaci\u00f3n de Ense\u00f1anza de CCOO en Madrid, A\u00edda San Mill\u00e1n. Asegura que el sindicato ha recibido llamadas de profesores que temen sanciones por exhibir s\u00edmbolos de apoyo a Gaza y que, tanto profesores como padres y alumnos, han respondido este jueves acudiendo a los colegios con banderas palestinas.   <\/p>\n<p style=\"text-align:justify;\">San Mill\u00e1n acusa al Gobierno regional de enviar \u00abuna instrucci\u00f3n torpe y que no se sustenta legalmente\u00bb y relata que los centros educativos \u00abhacen continuamente actividades culturales en las que se utilizan banderas\u00bb. Ponen como ejemplo las \u00absemanas culturales\u00bb, que en ocasiones se dedican a pa\u00edses extranjeros. Tanto CCOO como STEM <strong>critican el \u00abdoble rasero\u00bb de la Comunidad<\/strong>, porque en 2022 impuls\u00f3 la campa\u00f1a &#8216;<a href=\"https:\/\/www.comunidad.madrid\/noticias\/2022\/06\/16\/diaz-ayuso-presenta-campana-solidaria-ucrania-te-necesita-animar-madrilenos-seguir-prestando-ayuda-ucranianos\" target=\"_blank\" rel=\"nofollow noopener\">Ucrania te necesita<\/a>&#8216;, con la participaci\u00f3n de 1.580 espacios docentes.  <\/p>\n<p>\t\tMarea Palestina denuncia que Ayuso ordena retirar banderas palestinas en las aulas\t<\/p>\n<p style=\"text-align:justify;\">El portavoz del movimiento \u2018Marea Palestina: La educaci\u00f3n contra el genocidio&#8217;, Carlos D\u00edez, ha dicho en <a href=\"https:\/\/www.rtve.es\/play\/audios\/las-mananas-de-rne\/\" rel=\"nofollow noopener\" target=\"_blank\">Las Ma\u00f1anas de RNE<\/a> que las instrucciones para retirar banderas palestinas \u00abse han recibido en diferentes centros\u00bb de la Comunidad: <strong>\u00abLos equipos directivos han recibido estas llamadas desde la inspecci\u00f3n o desde la Consejer\u00eda<\/strong> instando a que se retiren estos s\u00edmbolos y a que se suspendan actividades programadas por los claustros y los equipos docentes, en una clara vulneraci\u00f3n del principio de autonom\u00eda\u00bb. Seg\u00fan esta organizaci\u00f3n, \u00aben algunos casos ha habido visitas posteriores para notificar si estas instrucciones verbales se han cumplido\u00bb. <\/p>\n<p>Prohibiciones en dos centros educativos de Madrid <\/p>\n<p style=\"text-align:justify;\">La secretaria general de la Federaci\u00f3n de Ense\u00f1anza de CCOO en Madrid, A\u00edda San Mill\u00e1n, asegura a VerificaRTVE que <strong>la Comunidad ha prohibido una actividad de apoyo a Palestina en un instituto de Legan\u00e9s, el IES Gabriel Garc\u00eda M\u00e1rquez<\/strong>: \u00abLa Direcci\u00f3n de \u00c1rea Territorial (DAT) comunic\u00f3 al centro que no se pod\u00eda realizar este acto porque solo se pueden utilizar las banderas institucionales\u00bb. Seg\u00fan esta portavoz sindical, desde el Ejecutivo regional indicaron que <strong>en ning\u00fan caso se pod\u00eda emplear la palabra \u00abPalestina\u00bb en el acto, ni la bandera del pa\u00eds ni el t\u00e9rmino \u00abgenocidio\u00bb. <\/strong>Tan solo permiten celebrar una actividad \u00aben favor de la paz\u00bb, pero sin referirse a lo sucedido en Gaza.  <\/p>\n<p>Carta enviada por la direcci\u00f3n de un instituto de Madrid a su claustro de profesores\u00a0VerificaRTVE<\/p>\n<p style=\"text-align:justify;\"><strong>\u00abNo se permitir\u00e1n reivindicaciones pol\u00edticas\u00bb, dice una carta de la direcci\u00f3n de un instituto madrile\u00f1o a su claustro de profesores. <\/strong>RTVE ha tenido acceso a una circular enviada a los profesores de un instituto de la Comunidad de Madrid, cuyo nombre omitimos a petici\u00f3n del propio centro. Como explicamos en el <a href=\"https:\/\/www.rtve.es\/play\/videos\/informativo-de-madrid\/informativo-madrid-1-18-09-2025\/16734681\/\" rel=\"nofollow noopener\" target=\"_blank\">Informativo Territorial de TVE<\/a> (minuto 2:30), la direcci\u00f3n del centro envi\u00f3 una carta al claustro de profesores, con fecha del 17 de septiembre, en la que advierten de que \u00abno se permitir\u00e1n reivindicaciones pol\u00edticas de ning\u00fan tipo dentro del \u00e1mbito institucional del colegio (clases, pasillos, muros, espacios comunes)\u00bb. En la carta tambi\u00e9n se proh\u00edbe \u00abllevar, exponer o distribuir simbolog\u00eda que abogue por causas pol\u00edticas\u00bb. Citan como \u00abejemplos de lo que no se permite: banderas o pancartas pol\u00edticas, murales con mensajes de apoyo o cr\u00edtica pol\u00edtica, distribuci\u00f3n de propaganda\u00bb y \u00abuso de s\u00edmbolos partidistas en espacios visibles del centro\u00bb.  <\/p>\n<p>\u00bfEs legal que se proh\u00edban las banderas no oficiales en los colegios?  <\/p>\n<p style=\"text-align:justify;\">El <a href=\"https:\/\/www.poderjudicial.es\/cgpj\/es\/Poder-Judicial\/Tribunal-Supremo\/Noticias-Judiciales\/El-Tribunal-Supremo-establece-que-no-pueden-utilizarse-banderas-no-oficiales-en-el-exterior-de-los-edificios-publicos\" target=\"_blank\" rel=\"nofollow noopener\">Tribunal Supremo establece que no pueden utilizarse banderas no oficiales<\/a> en el exterior de los edificios p\u00fablicos. Pero esta doctrina se refiere, en concreto, al izado en un m\u00e1stil en las fachadas exteriores de los centros. Seg\u00fan nos explica Mario Guti\u00e9rrez, presidente de CSIF Educaci\u00f3n, la utilizaci\u00f3n de banderas en el interior de los centros escolares depende del \u00abreglamento interno\u00bb de cada uno de ellos. \u00ab<strong>Las banderas institucionales son las que marca la ley<\/strong>\u00ab, se\u00f1ala. En concreto, la <a href=\"https:\/\/app.congreso.es\/consti\/constitucion\/indice\/titulos\/articulos.jsp?ini=4&amp;tipo=2\" target=\"_blank\" rel=\"nofollow noopener\">Constituci\u00f3n<\/a> y la <a href=\"https:\/\/www.boe.es\/buscar\/act.php?id=BOE-A-1981-26082\" target=\"_blank\" rel=\"nofollow noopener\">Ley de Banderas de 1981.<\/a> Es decir, solo se pueden \u00abcambiar por orden institucional\u00bb.  <\/p>\n<p style=\"text-align:justify;\">Sin embargo, en lo que se refiere a la exhibici\u00f3n de banderas durante las clases o durante las actividades escolares, <strong>est\u00e1n permitidas \u00absi forman parte del programa educativo<\/strong>\u00ab. Por ejemplo, apunta Guti\u00e9rrez, si un colegio decide organizar un acto por la paz en Oriente Medio, tiene libertad de utilizar la insignia y los s\u00edmbolos que consideren. Lo mismo sucede \u00absi un profesor de forma aut\u00f3noma\u00bb decide utilizar estos s\u00edmbolos en sus clases: \u00abNo pasar\u00eda nada si no se sale de la programaci\u00f3n\u00bb, indica Mario Guti\u00e9rrez.  <\/p>\n<p>Las manifestaciones de apoyo al pueblo gazat\u00ed se han replicado este jueves en ciudades toda Espa\u00f1a. Mientras el Ej\u00e9rcito de Israel ha iniciado la <a href=\"https:\/\/www.rtve.es\/noticias\/20250918\/franja-pierde-conexion-internet-miles-gazaties-huyen-avance-israeli\/16734202.shtml\" rel=\"nofollow noopener\" target=\"_blank\">ocupaci\u00f3n terrestre de Ciudad de Gaza<\/a> y <strong>los muertos en estos dos a\u00f1os de masacre en la Franja superan los 65.000<\/strong>. <\/p>\n","protected":false},"excerpt":{"rendered":"El clima de protestas a favor de Palestina en las calles de Madrid, con el recuerdo reciente de&hellip;\n","protected":false},"author":2,"featured_media":125140,"comment_status":"","ping_status":"","sticky":false,"template":"","format":"standard","meta":{"footnotes":""},"categories":[8],"tags":[17,18,25,24,13,14,11,19,20,9,10,15,16,23,12,21,22],"class_list":{"0":"post-125139","1":"post","2":"type-post","3":"status-publish","4":"format-standard","5":"has-post-thumbnail","7":"category-espana","8":"tag-breaking-news","9":"tag-breakingnews","10":"tag-es","11":"tag-espana","12":"tag-featured-news","13":"tag-featurednews","14":"tag-headlines","15":"tag-latest-news","16":"tag-latestnews","17":"tag-news","18":"tag-noticias","19":"tag-noticias-destacadas","20":"tag-noticiasdestacadas","21":"tag-spain","22":"tag-titulares","23":"tag-ultimas-noticias","24":"tag-ultimasnoticias"},"share_on_mastodon":{"url":"","error":""},"_links":{"self":[{"href":"https:\/\/www.europesays.com\/es\/wp-json\/wp\/v2\/posts\/125139","targetHints":{"allow":["GET"]}}],"collection":[{"href":"https:\/\/www.europesays.com\/es\/wp-json\/wp\/v2\/posts"}],"about":[{"href":"https:\/\/www.europesays.com\/es\/wp-json\/wp\/v2\/types\/post"}],"author":[{"embeddable":true,"href":"https:\/\/www.europesays.com\/es\/wp-json\/wp\/v2\/users\/2"}],"replies":[{"embeddable":true,"href":"https:\/\/www.europesays.com\/es\/wp-json\/wp\/v2\/comments?post=125139"}],"version-history":[{"count":0,"href":"https:\/\/www.europesays.com\/es\/wp-json\/wp\/v2\/posts\/125139\/revisions"}],"wp:featuredmedia":[{"embeddable":true,"href":"https:\/\/www.europesays.com\/es\/wp-json\/wp\/v2\/media\/125140"}],"wp:attachment":[{"href":"https:\/\/www.europesays.com\/es\/wp-json\/wp\/v2\/media?parent=125139"}],"wp:term":[{"taxonomy":"category","embeddable":true,"href":"https:\/\/www.europesays.com\/es\/wp-json\/wp\/v2\/categories?post=125139"},{"taxonomy":"post_tag","embeddable":true,"href":"https:\/\/www.europesays.com\/es\/wp-json\/wp\/v2\/tags?post=125139"}],"curies":[{"name":"wp","href":"https:\/\/api.w.org\/{rel}","templated":true}]}}