{"id":125157,"date":"2025-09-19T12:28:09","date_gmt":"2025-09-19T12:28:09","guid":{"rendered":"https:\/\/www.europesays.com\/es\/125157\/"},"modified":"2025-09-19T12:28:09","modified_gmt":"2025-09-19T12:28:09","slug":"pedri-en-cuanto-a-juego-come-en-la-misma-mesa-que-xavi-e-iniesta","status":"publish","type":"post","link":"https:\/\/www.europesays.com\/es\/125157\/","title":{"rendered":"Pedri, en cuanto a juego, come en la misma mesa que Xavi e Iniesta"},"content":{"rendered":"<p data-mrf-recirculation=\"Links P\u00e1rrafos\" class=\"ue-c-article__paragraph paragraph\"><strong>Pipi Estrada, David Bernab\u00e9u, Ricardo Reyes, Emilio P\u00e9rez de Rozas, Jos\u00e9 Manuel Oliv\u00e1n, Ferr\u00e1n Mart\u00ednez y Pablo Pinto<\/strong> han sido los tertulianos de este viernes en<strong> La Tribu<\/strong> para analizar el estreno del <strong>Bar\u00e7a <\/strong>en la <strong>Champions <\/strong>y la pr\u00f3xima jornada de <strong>LaLiga<\/strong>.<\/p>\n<p data-mrf-recirculation=\"Links P\u00e1rrafos\" class=\"ue-c-article__paragraph paragraph\"><strong>Pipi Estrada. <\/strong>\u00abEl que mantiene al Barcelona es Pedri, es el f\u00fatbol. Sin Lamine, el Bar\u00e7a ha marcado ocho goles en dos partidos y eso que Lamine es muy importante para el Bar\u00e7a\u00bb.<\/p>\n<p><img decoding=\"async\" width=\"1980\" height=\"1320\" class=\"ue-c-article__image lazyload\" alt=\"Lamine Yamal anot\u00f3 el gol del Bar\u00e7a en Vallecas\" loading=\"lazy\" src=\"https:\/\/www.europesays.com\/es\/wp-content\/uploads\/2025\/09\/68c1a47d5fee7.jpeg\"\/><\/p>\n<p>Lamine Yamal anot\u00f3 el gol del Bar\u00e7a en VallecasEFE<\/p>\n<p data-mrf-recirculation=\"Links P\u00e1rrafos\" class=\"ue-c-article__paragraph paragraph\"><strong>David Bernab\u00e9u. <\/strong>\u00abEn la primera parte el Bar\u00e7a ech\u00f3 en falta a Lamine Yamal. Para m\u00ed Lamine y Pedri son los dos jugadores insustituibles del Bar\u00e7a. Pedri, en cuanto a juego, come en la misma mesa que Xavi e Iniesta. El Bar\u00e7a tiene al mejor portero de Espa\u00f1a\u00bb.<\/p>\n<blockquote class=\"ue-c-article__blockquote\">\n<p>El Bar\u00e7a tiene al mejor portero de Espa\u00f1a<\/p>\n<p>David Bernab\u00e9u, en La Tribu<\/p><\/blockquote>\n<p data-mrf-recirculation=\"Links P\u00e1rrafos\" class=\"ue-c-article__paragraph paragraph\"><strong>Ricardo Reyes. <\/strong>\u00abEl que sostuvo al Barcelona en la primera parte fue Joan Garc\u00eda\u00bb.<\/p>\n<p>El papel de Rashford en el Barcelona<\/p>\n<p data-mrf-recirculation=\"Links P\u00e1rrafos\" class=\"ue-c-article__paragraph paragraph\"><strong>Emilio P\u00e9rez de Rozas. <\/strong>\u00abRashford se est\u00e1 ganando la titularidad en el Bar\u00e7a acosta de Lewandowski. La delantera tiene que ser Lamine Yamal, Rashford y Raphinha. Si alguien tiene que salir del equipo titular es\u00a0Lewandowski. Joan Garc\u00eda va a ser el primer portero despu\u00e9s de Yashin en ganar el Bal\u00f3n de Oro\u00bb.<\/p>\n<p><img decoding=\"async\" width=\"1619\" height=\"1080\" class=\"ue-c-article__image lazyload\" alt=\"El Editorial de Miguel Quintana\" loading=\"lazy\" src=\"https:\/\/www.europesays.com\/es\/wp-content\/uploads\/2025\/09\/Z7tHE1epHDKxFn0pw.jpeg\"\/><\/p>\n<p>El Editorial de Miguel QuintanaRadio MARCA<\/p>\n<p data-mrf-recirculation=\"Links P\u00e1rrafos\" class=\"ue-c-article__paragraph paragraph\"><strong>Jos\u00e9 Manuel Oliv\u00e1n. <\/strong>\u00abYo a Lamine s\u00ed le ech\u00e9 en falta contra el Newcastle\u00bb.<\/p>\n<blockquote class=\"ue-c-article__blockquote\">\n<p>Rashford se est\u00e1 ganando la titularidad en el Bar\u00e7a acosta de Lewandowski<\/p>\n<p>Emilio P\u00e9rez de Rozas, en La Tribu<\/p><\/blockquote>\n<p data-mrf-recirculation=\"Links P\u00e1rrafos\" class=\"ue-c-article__paragraph paragraph\"><strong>Ferr\u00e1n Mart\u00ednez. <\/strong>\u00abEl que es insustituible en el Bar\u00e7a es Pedri. Puedes sacar a cualquier jugador, menos a Pedri\u00bb.<\/p>\n<p><img decoding=\"async\" width=\"1980\" height=\"1320\" class=\"ue-c-article__image lazyload\" alt=\"Pedri celebra su gol en el Ciutat de Valencia.\" loading=\"lazy\" src=\"https:\/\/www.europesays.com\/es\/wp-content\/uploads\/2025\/09\/68aaf876a8676.jpeg\"\/><\/p>\n<p>Pedri celebra su gol en el Ciutat de Valencia.EFE<\/p>\n<p data-mrf-recirculation=\"Links P\u00e1rrafos\" class=\"ue-c-article__paragraph paragraph\"><strong>Pablo Pinto. <\/strong>\u00abEstas primeras semanas son claves para enganchar a Rashford, tiene un potencial tremendo y es de los mejores del mundo en su posici\u00f3n si est\u00e1 al 200%. Creo que corre el riesgo de que se pueda desconectar, por eso le est\u00e1 metiendo Flick tanto de inicio. No es titular para el Cl\u00e1sico o una hipot\u00e9tica final de Champions, pero es un jugador que puede dar mucho\u00bb.<\/p>\n","protected":false},"excerpt":{"rendered":"Pipi Estrada, David Bernab\u00e9u, Ricardo Reyes, Emilio P\u00e9rez de Rozas, Jos\u00e9 Manuel Oliv\u00e1n, Ferr\u00e1n Mart\u00ednez y Pablo Pinto&hellip;\n","protected":false},"author":2,"featured_media":125158,"comment_status":"","ping_status":"","sticky":false,"template":"","format":"standard","meta":{"footnotes":""},"categories":[268],"tags":[168,25,24,280,282,281,23,167],"class_list":{"0":"post-125157","1":"post","2":"type-post","3":"status-publish","4":"format-standard","5":"has-post-thumbnail","7":"category-futbol","8":"tag-deportes","9":"tag-es","10":"tag-espana","11":"tag-football","12":"tag-futbol","13":"tag-soccer","14":"tag-spain","15":"tag-sports"},"share_on_mastodon":{"url":"","error":""},"_links":{"self":[{"href":"https:\/\/www.europesays.com\/es\/wp-json\/wp\/v2\/posts\/125157","targetHints":{"allow":["GET"]}}],"collection":[{"href":"https:\/\/www.europesays.com\/es\/wp-json\/wp\/v2\/posts"}],"about":[{"href":"https:\/\/www.europesays.com\/es\/wp-json\/wp\/v2\/types\/post"}],"author":[{"embeddable":true,"href":"https:\/\/www.europesays.com\/es\/wp-json\/wp\/v2\/users\/2"}],"replies":[{"embeddable":true,"href":"https:\/\/www.europesays.com\/es\/wp-json\/wp\/v2\/comments?post=125157"}],"version-history":[{"count":0,"href":"https:\/\/www.europesays.com\/es\/wp-json\/wp\/v2\/posts\/125157\/revisions"}],"wp:featuredmedia":[{"embeddable":true,"href":"https:\/\/www.europesays.com\/es\/wp-json\/wp\/v2\/media\/125158"}],"wp:attachment":[{"href":"https:\/\/www.europesays.com\/es\/wp-json\/wp\/v2\/media?parent=125157"}],"wp:term":[{"taxonomy":"category","embeddable":true,"href":"https:\/\/www.europesays.com\/es\/wp-json\/wp\/v2\/categories?post=125157"},{"taxonomy":"post_tag","embeddable":true,"href":"https:\/\/www.europesays.com\/es\/wp-json\/wp\/v2\/tags?post=125157"}],"curies":[{"name":"wp","href":"https:\/\/api.w.org\/{rel}","templated":true}]}}