{"id":125163,"date":"2025-09-19T12:31:07","date_gmt":"2025-09-19T12:31:07","guid":{"rendered":"https:\/\/www.europesays.com\/es\/125163\/"},"modified":"2025-09-19T12:31:07","modified_gmt":"2025-09-19T12:31:07","slug":"el-libro-que-repasa-la-historia-del-vino-en-penafiel-ocio-y-cultura","status":"publish","type":"post","link":"https:\/\/www.europesays.com\/es\/125163\/","title":{"rendered":"El libro que repasa la historia del vino en Pe\u00f1afiel | Ocio y cultura"},"content":{"rendered":"<p class=\"loc\">Pe\u00f1afiel<\/p>\n<p>Este viernes, en nuestro espacio literario junto a Almudena Ojosnegros y Villa Serendipia, hemos jugado &#8216;en casa&#8217;. Porque Ojosnegros nos trae el libro Historia del vino de Pe\u00f1afiel. La Edad Moderna, o lo que es lo mismo, la nueva obra del autor e historiador Alberto Garc\u00eda Lerma. <\/p>\n<p>Ojosnegros explica que este es \u00abun viaje fascinante por la tradici\u00f3n vitivin\u00edcola de nuestra tierra; un libro que nos invita a recorrer siglos de tradici\u00f3n: desde los primeros cultivos en la Pen\u00ednsula, hasta la vida cotidiana en torno a este caldo en la villa de Pe\u00f1afiel, donde el vino era mucho m\u00e1s que una bebida\u00bb. Una propuesta perfecta para estas jornadas donde la vendimia llena los campos en la recogida del esperado fruto. <\/p>\n<p>\u00abDicen que en Pe\u00f1afiel, cuando llega septiembre, no solo se vendimia la uva\u2026 tambi\u00e9n se vendimia la memoria. Y este libro nos invita a saborearla\u00bb, sentencia Ojosnegros, en una charla que puede reproducirse al completo en el audio superior. <\/p>\n","protected":false},"excerpt":{"rendered":"Pe\u00f1afiel Este viernes, en nuestro espacio literario junto a Almudena Ojosnegros y Villa Serendipia, hemos jugado &#8216;en casa&#8217;.&hellip;\n","protected":false},"author":2,"featured_media":125164,"comment_status":"","ping_status":"","sticky":false,"template":"","format":"standard","meta":{"footnotes":""},"categories":[172],"tags":[224,146,147,25,24,225,23],"class_list":{"0":"post-125163","1":"post","2":"type-post","3":"status-publish","4":"format-standard","5":"has-post-thumbnail","7":"category-libros","8":"tag-books","9":"tag-entertainment","10":"tag-entretenimiento","11":"tag-es","12":"tag-espana","13":"tag-libros","14":"tag-spain"},"share_on_mastodon":{"url":"","error":""},"_links":{"self":[{"href":"https:\/\/www.europesays.com\/es\/wp-json\/wp\/v2\/posts\/125163","targetHints":{"allow":["GET"]}}],"collection":[{"href":"https:\/\/www.europesays.com\/es\/wp-json\/wp\/v2\/posts"}],"about":[{"href":"https:\/\/www.europesays.com\/es\/wp-json\/wp\/v2\/types\/post"}],"author":[{"embeddable":true,"href":"https:\/\/www.europesays.com\/es\/wp-json\/wp\/v2\/users\/2"}],"replies":[{"embeddable":true,"href":"https:\/\/www.europesays.com\/es\/wp-json\/wp\/v2\/comments?post=125163"}],"version-history":[{"count":0,"href":"https:\/\/www.europesays.com\/es\/wp-json\/wp\/v2\/posts\/125163\/revisions"}],"wp:featuredmedia":[{"embeddable":true,"href":"https:\/\/www.europesays.com\/es\/wp-json\/wp\/v2\/media\/125164"}],"wp:attachment":[{"href":"https:\/\/www.europesays.com\/es\/wp-json\/wp\/v2\/media?parent=125163"}],"wp:term":[{"taxonomy":"category","embeddable":true,"href":"https:\/\/www.europesays.com\/es\/wp-json\/wp\/v2\/categories?post=125163"},{"taxonomy":"post_tag","embeddable":true,"href":"https:\/\/www.europesays.com\/es\/wp-json\/wp\/v2\/tags?post=125163"}],"curies":[{"name":"wp","href":"https:\/\/api.w.org\/{rel}","templated":true}]}}