{"id":125165,"date":"2025-09-19T12:32:09","date_gmt":"2025-09-19T12:32:09","guid":{"rendered":"https:\/\/www.europesays.com\/es\/125165\/"},"modified":"2025-09-19T12:32:09","modified_gmt":"2025-09-19T12:32:09","slug":"arriba-esta-el-12-los-concursantes-de-operacion-triunfo-no-saben-leer-un-reloj-de-agujas-y-es-un-signo-de-los-tiempos-television","status":"publish","type":"post","link":"https:\/\/www.europesays.com\/es\/125165\/","title":{"rendered":"\u201cArriba est\u00e1 el 12\u201d: los concursantes de \u2018Operaci\u00f3n Triunfo\u2019 no saben leer un reloj de agujas (y es un signo de los tiempos) | Televisi\u00f3n"},"content":{"rendered":"<p class=\"\">\u201c\u00bfSab\u00e9is d\u00f3nde est\u00e1 el reloj que ha dicho Noem\u00ed?\u201d. Primero fue encontrarlo, despu\u00e9s debatir su funcionamiento. El resultado del di\u00e1logo de varios de los j\u00f3venes concursantes <a href=\"https:\/\/elpais.com\/television\/2025-09-10\/operacion-triunfo-2025-regresa-con-galas-mas-largas-y-la-intencion-de-conquistar-latinoamerica-emitiendo-en-directo.html\" target=\"_self\" rel=\"nofollow noopener\" title=\"https:\/\/elpais.com\/television\/2025-09-10\/operacion-triunfo-2025-regresa-con-galas-mas-largas-y-la-intencion-de-conquistar-latinoamerica-emitiendo-en-directo.html\">de Operaci\u00f3n Triunfo<\/a>, confundidos ante el funcionamiento de las agujas de un reloj anal\u00f3gico, es un clip que ha viralizado en redes sociales, entre comentarios de burla, sorpresa y los cl\u00e1sicos lamentos de opiniones reduccionistas sobre una generaci\u00f3n.<\/p>\n<p class=\"\"><b>Minuto y resultado<\/b>. La conversaci\u00f3n la protagonizaron cuatro <a href=\"https:\/\/elpais.com\/television\/2025-09-16\/operacion-triunfo-ya-tiene-a-sus-16-concursantes-tras-una-gala-0-entre-lagrimas-y-abrazos.html\" target=\"_self\" rel=\"nofollow noopener\" title=\"https:\/\/elpais.com\/television\/2025-09-16\/operacion-triunfo-ya-tiene-a-sus-16-concursantes-tras-una-gala-0-entre-lagrimas-y-abrazos.html\">de los 16 participantes<\/a> \u2014la media de edad es de 20 a\u00f1os\u2014 y la inici\u00f3 Salma de Diego, que fue quien pregunt\u00f3 d\u00f3nde estaba el reloj que hab\u00eda mencionado <a href=\"https:\/\/elpais.com\/television\/2025-09-15\/noemi-galera-directora-de-la-academia-de-ot-estoy-de-acuerdo-en-no-participar-en-eurovision-si-esta-israel.html\" target=\"_self\" rel=\"nofollow noopener\" title=\"https:\/\/elpais.com\/television\/2025-09-15\/noemi-galera-directora-de-la-academia-de-ot-estoy-de-acuerdo-en-no-participar-en-eurovision-si-esta-israel.html\">Noem\u00ed Galera, la directora de la Academia de Operaci\u00f3n Triunfo,<\/a> que se emite en Amazon Prime Video. Su duda desat\u00f3 las risas de los dem\u00e1s, que fueron sum\u00e1ndose a la conversaci\u00f3n y comentaron que tendr\u00edan que fingir entender el reloj de agujas ubicado en la pared del comedor. <\/p>\n<p class=\"\">Solo en este clip, del perfil de Instagram del creador de contenido @alexinos, el v\u00eddeo acumula m\u00e1s de un mill\u00f3n de reproducciones. Aparece un reloj de pared con dos manecillas y marca las 10.35 de la ma\u00f1ana. Lo siguiente que se observa es a Salma, de 19 a\u00f1os, frente al reloj haciendo c\u00e1lculos: \u201cLa peque\u00f1a es la que marca la hora y esta es la que marca los minutos. O sea que ser\u00e1n las 10 porque aqu\u00ed es 11 y aqu\u00ed es 12\u2033. \u201c\u00bfC\u00f3mo sabes eso? Yo no s\u00e9 eso\u201d, replic\u00f3 Olivia, tambi\u00e9n de 19 a\u00f1os. \u201cEs intuici\u00f3n, no tengo ni idea\u201d, agreg\u00f3 Salma. \u201cHay que ponerle numeritos\u201d, insisti\u00f3 un compa\u00f1ero. \u201cTardo mucho en saber la hora\u201d, agreg\u00f3 otra. Para aclarar la situaci\u00f3n interviene Galera y va se\u00f1alando: \u201cArriba est\u00e1 el 12, el tres, el seis y el nueve\u2033. La directora de la academia les confes\u00f3 que estaba \u201cflipando\u201d y que no comprend\u00eda c\u00f3mo no pod\u00edan entenderlo.<\/p>\n<p class=\"\"><b>\u00a1\u00bfPero esto se estudia en el colegio?! Respuesta: s\u00ed.<\/b> \u201cBienvenidos a los resultados de los cambios de ley en educaci\u00f3n&#8230;\u201d es uno de los comentarios m\u00e1s destacados de la publicaci\u00f3n. Pero s\u00ed, el reloj anal\u00f3gico forma parte del curr\u00edculo escolar obligatorio en Espa\u00f1a en primaria, en la asignatura de Matem\u00e1ticas, <a href=\"https:\/\/educagob.educacionfpydeportes.gob.es\/curriculo\/curriculo-lomloe\/menu-curriculos-basicos\/ed-primaria\/areas\/matematicas\/criterios-evaluacion-segundo-ciclo.html\" target=\"_self\" rel=\"nofollow noopener\" title=\"https:\/\/educagob.educacionfpydeportes.gob.es\/curriculo\/curriculo-lomloe\/menu-curriculos-basicos\/ed-primaria\/areas\/matematicas\/criterios-evaluacion-segundo-ciclo.html\">tal y como figura en la lista de competencias espec\u00edficas que marca el Ministerio de Educaci\u00f3n<\/a>. Concretamente, en lo referido a \u201cProcesos de medici\u00f3n mediante instrumentos convencionales (regla, cinta m\u00e9trica, balanzas, reloj anal\u00f3gico y digital)\u201d.<\/p>\n<p class=\"\">El ex concursante de Operaci\u00f3n Triunfo Mario Jefferson (34 a\u00f1os) fue uno de los que coment\u00f3 en redes el v\u00eddeo viral: \u201cMe qued\u00e9 muerta y a la vez me sent\u00ed un dinosaurio\u201d. Pero los tiempos cambian, OT va por su decimotercera edici\u00f3n (segunda en Prime Video), desde aquellas clases de primaria hasta hoy las cosas han cambiado, algunos j\u00f3venes ya no conviven tanto con relojes anal\u00f3gicos y suelen revisar la hora en sus m\u00f3viles. Quiz\u00e1s ni siquiera tienen un reloj de pared en casa, tan comunes antes.<\/p>\n<p class=\"\"><b>\u201c\u00bfPueden los j\u00f3venes leer un reloj?\u201d es un viral cl\u00e1sico.<\/b> Precisamente en el espacio de Jimmy Kimmel, del que tanto se est\u00e1 hablando estos d\u00edas<a href=\"https:\/\/elpais.com\/us\/entretenimiento\/2025-09-19\/los-colegas-de-parrilla-televisiva-se-vuelcan-con-jimmy-kimmel-jon-stewart-hace-un-programa-extra-y-colbert-habla-de-censura-descarada.html\" target=\"_self\" rel=\"nofollow noopener\" title=\"https:\/\/elpais.com\/us\/entretenimiento\/2025-09-19\/los-colegas-de-parrilla-televisiva-se-vuelcan-con-jimmy-kimmel-jon-stewart-hace-un-programa-extra-y-colbert-habla-de-censura-descarada.html\"> por la cancelaci\u00f3n de su programa<\/a>, salieron hace seis a\u00f1os a la calle a hacer el experimento de preguntar a j\u00f3venes si sab\u00edan leer un reloj anal\u00f3gico. Fue un viral que entonces ya gener\u00f3 mucha conversaci\u00f3n y que en Espa\u00f1a <a href=\"https:\/\/www.lasexta.com\/programas\/mas-vale-tarde\/te-explicamos\/comprobado-no-sabemos-leer-la-hora-en-relojes-analogicos-y-este-es-el-video-que-lo-demuestra_201809135b9a9a470cf20aea9959ecc4.html\" target=\"_self\" rel=\"nofollow noopener\" title=\"https:\/\/www.lasexta.com\/programas\/mas-vale-tarde\/te-explicamos\/comprobado-no-sabemos-leer-la-hora-en-relojes-analogicos-y-este-es-el-video-que-lo-demuestra_201809135b9a9a470cf20aea9959ecc4.html\">replic\u00f3 La Sexta con id\u00e9ntico resultado<\/a>: la mayor\u00eda, no.<\/p>\n<p class=\"\"><b>Humor y tutoriales en TikTok<\/b>. Esta situaci\u00f3n da para lamentos y da para humor, ironizando con la situaci\u00f3n \u201ccuando te pones un reloj de aguja y no sabes leer la hora\u201d. <\/p>\n<p class=\"\">Y quien necesite un repaso de lo olvidado en el colegio tiene incontables tutoriales, en los que los comentarios evidencian que hay m\u00e1s j\u00f3venes como los de Operaci\u00f3n Triunfo.<\/p>\n","protected":false},"excerpt":{"rendered":"\u201c\u00bfSab\u00e9is d\u00f3nde est\u00e1 el reloj que ha dicho Noem\u00ed?\u201d. Primero fue encontrarlo, despu\u00e9s debatir su funcionamiento. El resultado&hellip;\n","protected":false},"author":2,"featured_media":125166,"comment_status":"","ping_status":"","sticky":false,"template":"","format":"standard","meta":{"footnotes":""},"categories":[171],"tags":[6826,2026,146,147,25,24,433,39037,222,18070,12056,23,807,214],"class_list":{"0":"post-125165","1":"post","2":"type-post","3":"status-publish","4":"format-standard","5":"has-post-thumbnail","7":"category-tv","8":"tag-amazon-prime-video","9":"tag-educacion","10":"tag-entertainment","11":"tag-entretenimiento","12":"tag-es","13":"tag-espana","14":"tag-jovenes","15":"tag-noemi-galera","16":"tag-operacion-triunfo","17":"tag-reality-show","18":"tag-relojes","19":"tag-spain","20":"tag-television","21":"tag-tv"},"share_on_mastodon":{"url":"","error":""},"_links":{"self":[{"href":"https:\/\/www.europesays.com\/es\/wp-json\/wp\/v2\/posts\/125165","targetHints":{"allow":["GET"]}}],"collection":[{"href":"https:\/\/www.europesays.com\/es\/wp-json\/wp\/v2\/posts"}],"about":[{"href":"https:\/\/www.europesays.com\/es\/wp-json\/wp\/v2\/types\/post"}],"author":[{"embeddable":true,"href":"https:\/\/www.europesays.com\/es\/wp-json\/wp\/v2\/users\/2"}],"replies":[{"embeddable":true,"href":"https:\/\/www.europesays.com\/es\/wp-json\/wp\/v2\/comments?post=125165"}],"version-history":[{"count":0,"href":"https:\/\/www.europesays.com\/es\/wp-json\/wp\/v2\/posts\/125165\/revisions"}],"wp:featuredmedia":[{"embeddable":true,"href":"https:\/\/www.europesays.com\/es\/wp-json\/wp\/v2\/media\/125166"}],"wp:attachment":[{"href":"https:\/\/www.europesays.com\/es\/wp-json\/wp\/v2\/media?parent=125165"}],"wp:term":[{"taxonomy":"category","embeddable":true,"href":"https:\/\/www.europesays.com\/es\/wp-json\/wp\/v2\/categories?post=125165"},{"taxonomy":"post_tag","embeddable":true,"href":"https:\/\/www.europesays.com\/es\/wp-json\/wp\/v2\/tags?post=125165"}],"curies":[{"name":"wp","href":"https:\/\/api.w.org\/{rel}","templated":true}]}}