{"id":125167,"date":"2025-09-19T12:33:09","date_gmt":"2025-09-19T12:33:09","guid":{"rendered":"https:\/\/www.europesays.com\/es\/125167\/"},"modified":"2025-09-19T12:33:09","modified_gmt":"2025-09-19T12:33:09","slug":"el-joven-prodigio-valenciano-de-la-guitarra-que-opta-al-reconocimento","status":"publish","type":"post","link":"https:\/\/www.europesays.com\/es\/125167\/","title":{"rendered":"El joven prodigio valenciano de la guitarra que opta al reconocimento"},"content":{"rendered":"<p class=\"ft-text ft-helper-closenews\">Con s\u00f3lo 19 a\u00f1os, <a class=\"ft-link ft-link--decoration\" href=\"https:\/\/www.levante-emv.com\/costera\/2024\/12\/09\/castello-rugat-olimpo-guitarra-ausias-112450521.html\" rel=\"nofollow noopener\" target=\"_blank\">el joven guitarrista valenciano Ausi\u00e0s Parejo<\/a> se ha situado entre los nombres m\u00e1s prometedores de la guitarra cl\u00e1sica<strong> tras ser nominado al Latin Grammy 2025<\/strong> en la categor\u00eda de Mejor \u00c1lbum de M\u00fasica Cl\u00e1sica.<\/p>\n<p class=\"ft-text\">Este prodigio de la guitarra oriundo <strong>de Castell\u00f3 de Rugat (la Vall d&#8217;Albaida)<\/strong>, que ha ido coleccionando todo tipo de reconocimientos y cert\u00e1menes internacionales en los \u00faltimos a\u00f1os, aspira a conquistar uno de los galardones que otorgar\u00e1 el 13 de noviembre la <strong>Academia Latina de Artes y Ciencias de la Grabaci\u00f3n con sede en Miami<\/strong>, en la categor\u00eda de Mejor \u00c1lbum de M\u00fasica Cl\u00e1sica, gracias a su primer disco en solitario: <strong>\u00abBrouwer, Erena &amp; Others: Guitar Works<\/strong> &#8211;<strong> Spanish and Latin American Music for Guitar\u00bb<\/strong>, que ha conquistado a la cr\u00edtica.<\/p>\n<p class=\"ft-text\">Esta nominaci\u00f3n no solo confirma la <strong>excelente acogida de su debut por parte del p\u00fablico especializado<\/strong>, sino que tambi\u00e9n avala su<strong> reconocimiento dentro de los circuitos m\u00e1s destacados de la industria musical latina.<\/strong><\/p>\n<p class=\"ft-text\">El \u00e1lbum, editado por el sello Naxos dentro de su prestigiosa serie Guitar Laureate, marca el<strong> debut discogr\u00e1fico en solitario del joven guitarrista valenciano Ausi\u00e0s Parejo<\/strong> (2006), tras alzarse con el primer premio en el Concurso Internacional Alhambra en su edici\u00f3n de 2022. La grabaci\u00f3n ofrece un panorama sonoro de compositores iberoamericanos de los siglos XX y XXI, combinando obras consagradas con otras menos exploradas y algunas de reciente creaci\u00f3n.<\/p>\n<p>Trayectoria llena de reconocimientos<\/p>\n<p class=\"ft-text\">La trayectoria art\u00edstica de Ausi\u00e0s Parejo est\u00e1 <a class=\"ft-link ft-link--decoration\" href=\"https:\/\/www.levante-emv.com\/costera\/2024\/07\/15\/ausias-parejo-triunfa-certamen-internacional-105653172.html\" rel=\"nofollow noopener\" target=\"_blank\">jalonada de \u00e9xitos, con giras internacionales y m\u00e1s de 39 primeros premios en cert\u00e1menes nacionales e internacionales<\/a>. Hace apenas dos semanas fue galardonado con e<a class=\"ft-link ft-link--decoration\" href=\"https:\/\/www.levante-emv.com\/costera\/2025\/09\/10\/ausias-parejo-tres-distinciones-lviii-121426572.html\" rel=\"nofollow noopener\" target=\"_blank\">l Segundo Premio en el prestigioso Certamen Internacional de Guitarra Francisco T\u00e1rrega de Benic\u00e0ssim, <\/a>donde tambi\u00e9n obtuvo el premio a la mejor interpretaci\u00f3n de una obra de T\u00e0rrega.<\/p>\n<p class=\"ft-text\">En los pr\u00f3ximos d\u00edas viajar\u00e1 a Italia para participar en el Concorso Michele Pittaluga, y<strong> posteriormente se trasladar\u00e1 a Alemania, donde fijar\u00e1 su residencia durante el pr\u00f3ximo a\u00f1o para completar su formaci\u00f3n musical.<\/strong> Parejo <strong>cogi\u00f3 por primera vez la guitarra a los 4 a\u00f1<\/strong>os y ya es un reconocido int\u00e9rprete apreciado especialmente en <strong>Jap\u00f3n, pa\u00eds al que viajar\u00e1 por cuarta vez este diciembre para dar una gira de 10 conciertos por toda la geograf\u00eda nipona.<\/strong><\/p>\n<p><img decoding=\"async\" src=\"https:\/\/www.europesays.com\/es\/wp-content\/uploads\/2025\/09\/48d97fb7-633c-4de4-9feb-8bc509afe76b_alta-libre-aspect-ratio_default_0.jpg\" width=\"1200\" height=\"809\" alt=\"El guitarrista Ausi\u00e0s Parejo.\" class=\"ft-helper-img-rd\" loading=\"lazy\" hasdataaida=\"true\"\/><\/p>\n<p class=\"ft-helper-fontColor-quaternary ft-helper-fontSize-body-S ft-helper-spacer-t-xxs\">El guitarrista Ausi\u00e0s Parejo.  \/ Levante-EMV<\/p>\n<p class=\"ft-text\">Bajo la batuta del maestro alem\u00e1n Alexander Liebreich, Ausi\u00e0s Parejo interpretar\u00e1 el Concierto Levantino de Manuel Palau junto a la Orquestra de Val\u00e8ncia, en un <strong>homenaje a la m\u00fasica valenciana. <\/strong>El joven guitarrista siempre incorpora repertorio de compositores valencianos en sus actuaciones internacionales, contribuyendo as\u00ed a la difusi\u00f3n y reconocimiento de la riqueza cultural de su tierra en los principales escenarios del mundo.<\/p>\n<p class=\"ft-text\">La nominaci\u00f3n al Latin Grammy supone un h<strong>ito relevante en la carrera de Ausi\u00e0s Parejo,<\/strong> ya que lo sit\u00faa con legitimidad entre los artistas emergentes m\u00e1s relevantes del panorama cl\u00e1sico, tanto nacional como internacional. Con una combinaci\u00f3n de virtuosismo, sensibilidad musical y repertorio variado que mezcla tradici\u00f3n y contemporaneidad, Parejo podr\u00eda conseguir un reconocimiento que abrir\u00e1 a\u00fan m\u00e1s puertas para su trayectoria.<\/p>\n<p class=\"ft-text\">Sea cual sea el resultado en la gala del pr\u00f3ximo 13 de noviembre, esta nominaci\u00f3n lo sit\u00faa, con legitimidad, entre los nombres a seguir en el panorama de la guitarra cl\u00e1sica actual.<\/p>\n<p data-close=\"closedContent\" class=\"subscribeHideForDisplay\">Suscr\u00edbete para seguir leyendo<\/p>\n","protected":false},"excerpt":{"rendered":"Con s\u00f3lo 19 a\u00f1os, el joven guitarrista valenciano Ausi\u00e0s Parejo se ha situado entre los nombres m\u00e1s prometedores&hellip;\n","protected":false},"author":2,"featured_media":125168,"comment_status":"","ping_status":"","sticky":false,"template":"","format":"standard","meta":{"footnotes":""},"categories":[170],"tags":[8590,146,147,25,24,2791,33221,1928,184,185,27487,20525,40835,23,706,8589],"class_list":{"0":"post-125167","1":"post","2":"type-post","3":"status-publish","4":"format-standard","5":"has-post-thumbnail","7":"category-musica","8":"tag-costera","9":"tag-entertainment","10":"tag-entretenimiento","11":"tag-es","12":"tag-espana","13":"tag-grammy","14":"tag-guitarra","15":"tag-joven","16":"tag-music","17":"tag-musica","18":"tag-musica-clasica","19":"tag-opta","20":"tag-prodigio","21":"tag-spain","22":"tag-valenciano","23":"tag-vall"},"share_on_mastodon":{"url":"","error":""},"_links":{"self":[{"href":"https:\/\/www.europesays.com\/es\/wp-json\/wp\/v2\/posts\/125167","targetHints":{"allow":["GET"]}}],"collection":[{"href":"https:\/\/www.europesays.com\/es\/wp-json\/wp\/v2\/posts"}],"about":[{"href":"https:\/\/www.europesays.com\/es\/wp-json\/wp\/v2\/types\/post"}],"author":[{"embeddable":true,"href":"https:\/\/www.europesays.com\/es\/wp-json\/wp\/v2\/users\/2"}],"replies":[{"embeddable":true,"href":"https:\/\/www.europesays.com\/es\/wp-json\/wp\/v2\/comments?post=125167"}],"version-history":[{"count":0,"href":"https:\/\/www.europesays.com\/es\/wp-json\/wp\/v2\/posts\/125167\/revisions"}],"wp:featuredmedia":[{"embeddable":true,"href":"https:\/\/www.europesays.com\/es\/wp-json\/wp\/v2\/media\/125168"}],"wp:attachment":[{"href":"https:\/\/www.europesays.com\/es\/wp-json\/wp\/v2\/media?parent=125167"}],"wp:term":[{"taxonomy":"category","embeddable":true,"href":"https:\/\/www.europesays.com\/es\/wp-json\/wp\/v2\/categories?post=125167"},{"taxonomy":"post_tag","embeddable":true,"href":"https:\/\/www.europesays.com\/es\/wp-json\/wp\/v2\/tags?post=125167"}],"curies":[{"name":"wp","href":"https:\/\/api.w.org\/{rel}","templated":true}]}}