{"id":125169,"date":"2025-09-19T12:34:08","date_gmt":"2025-09-19T12:34:08","guid":{"rendered":"https:\/\/www.europesays.com\/es\/125169\/"},"modified":"2025-09-19T12:34:08","modified_gmt":"2025-09-19T12:34:08","slug":"meses-despues-de-triunfar-en-cines-acaba-de-estrenarse-en-hbo-max-una-de-las-mejores-peliculas-de-espinof","status":"publish","type":"post","link":"https:\/\/www.europesays.com\/es\/125169\/","title":{"rendered":"Meses despu\u00e9s de triunfar en cines, acaba de estrenarse en HBO Max una de las mejores pel\u00edculas de&#8230; &#8211; Espinof"},"content":{"rendered":"<ol>\n<li><a href=\"https:\/\/news.google.com\/rss\/articles\/CBMiwgFBVV95cUxQTEZXa3dwSmxBRWFPMzcwNFdFX2tPbUFmMzc5U2p4TXduSkl1dmJHSm1vcGxFOTZ1MGVVbTZYS0NzMjdoRXZlSDhTUHdCRW1HbGhROWRHc3kwaGxrVnZYNnpiMDFybHlrZVpELWdwbWtzaWMzbElMbTMyOGdKdkZaaVNvNVo2b3AtSWgyVWh1MlFJMENCckFDaFN2aEVoRG5odkowai12SHJNQk45bl9udFVIODZDMndwV0tQQ0k1LUFRQdIBxwFBVV95cUxQWDBpRjBqdlByS3NHUmcxYk1mSlM0dzV3Nm5xYnU5bTVvNUd2cnpnblQ4aDY4c0hWeGZSbk9xTnk5eGQ0ZkRsaFpjWnFxbU1yVlZFV1JXemhqX2Q2VlVjTVZpaTRuejFPM2t4UC1aRVkxY1FqRTVpVXltNUdpektnZmtWYzBOOXpsQUNXdFF5SEd6OHB1UFl2Zmw1QlNsWC16NFJPNk02U05PamhvUG9reVAtUUFja0JGSkRTTS15N2N1SWhsNzVR?oc=5\" target=\"_blank\" rel=\"nofollow noopener\">Meses despu\u00e9s de triunfar en cines, acaba de estrenarse en HBO Max una de las mejores pel\u00edculas de&#8230;<\/a>&nbsp;&nbsp;Espinof<\/li>\n<li><a href=\"https:\/\/news.google.com\/rss\/articles\/CBMia0FVX3lxTE9KU2xINGhCYkw5OExIY185R0gxUHhFM3pvS1FVMTd6NjAwVGNJcmhkTFZoYUpYLUQ4WU82Z3hHMmpLUHp5ZHU4SmpKT2k3WFFqVWptV29jbG90WElUZ0ZtRmNWZ0hicWZ1OGZn0gFwQVVfeXFMUHlFSWd0emZ6ZTIyZEdYZUEzTDBJWldUV0ZTZGpNS1VWdFR4eUNQVUtYT18tdWozLXdEN29tQnMzTW5tbmtfbnZQc0VKSFZyenY0TFNObHpKcThwaXh5MndxYkY2VUxnZDhXbWRpcEpOSg?oc=5\" target=\"_blank\" rel=\"nofollow noopener\">Es la pel\u00edcula de superh\u00e9roes m\u00e1s taquillera de 2025 y llega a &#8216;streaming&#8217;: Solo dos meses despu\u00e9s de su estreno en cines<\/a>&nbsp;&nbsp;SensaCine<\/li>\n<li><a href=\"https:\/\/news.google.com\/rss\/articles\/CBMisgFBVV95cUxOd3IydzFkOHZOb0NZNXliekFZSUEtUXhJRWhKellCMW1pcXBtUDJRaHlkcmtRZVJIbldvZklhdnBta3VVMWp3VFJQSnoxcXRXdGZOTDVpVEJSYlI3YTNmdERFeWplOThHVHI0SWlsZUtYOEZLWll1UHotYlJkZ2FIVGFwcU5vXzBGbGcyaTVqTE5zLXpnNzkyc2ZHSGhEOVVLa2wyd25yVDcta0tGWjNNZWxB0gHMAUFVX3lxTFBYQktzUWFXaEd2T0FMX0JCM0JZTjJCeDhxbXA5UEJzVG9CQzczejZpdW1LdUxiXzRIenM2a3FJOWFkYm11NWg4Mk14M2dLUzRqVXYxdlZ1RGFOOGJVQ1pieVVYSHRSa3JNcVBZNUFnVkFrRl8xVjcyS2QxS3BKUVZ4X1R3VGhiQjk1NUhNQWVfa1Bkc2FwN0hUaGVrQWk3OWRRRVh2RkJtQWVfaFFuRkh4d3hmMzhHaDVvdUVFa2lfczVESGNXMnhlWUkwSQ?oc=5\" target=\"_blank\" rel=\"nofollow noopener\">Superman regresa a HBO Max junto a estos estrenos de todos los g\u00e9neros<\/a>&nbsp;&nbsp;Infobae<\/li>\n<li><a href=\"https:\/\/news.google.com\/rss\/articles\/CBMinAFBVV95cUxPMy1TRHowUWN2eFVOcDhsVXVXbDdHY1d3R29SckxBYzFYSG5UX251a1MtVldJM0RfYXhwdzBDMFFYZWxpZ29wSS12UUtfTnp4RDdDRkEyWUVkN2dCU2sxYzZlMGgyQ0J1S0pYa21YZERCdlZLd0VjVElva1RmeGJzeUROcWJrOHpNSGxmYkJpdEJIZ3dxZmROaDJWWFk?oc=5\" target=\"_blank\" rel=\"nofollow noopener\">HBO Max ya tiene fecha para el estreno m\u00e1s esperado del a\u00f1o: llegar\u00e1 el 19 de septiembre<\/a>&nbsp;&nbsp;ADSLZone<\/li>\n<li><a href=\"https:\/\/news.google.com\/rss\/articles\/CBMiggFBVV95cUxQeVpmTVZaTHYwekdVOHpCVmVJOFMtZmktSnJtOFhDcDZyeTlLc3h6d3YxWVcwUklwLTFQOTBIMHBIbGJUcmNXLWdYMk9GejJmSHJkc3F2Qnp2cmtwX1FZdHRqZnUtV2tNZVkwNjVUWHJELThnVXdNeG51ZV9mRzJJTlF3?oc=5\" target=\"_blank\" rel=\"nofollow noopener\">Superman en formato f\u00edsico y cuales son los extras<\/a>&nbsp;&nbsp;AccionCine<\/li>\n<\/ol>\n","protected":false},"excerpt":{"rendered":"Meses despu\u00e9s de triunfar en cines, acaba de estrenarse en HBO Max una de las mejores pel\u00edculas de&#8230;&nbsp;&nbsp;Espinof&hellip;\n","protected":false},"author":2,"featured_media":125170,"comment_status":"","ping_status":"","sticky":false,"template":"","format":"standard","meta":{"footnotes":""},"categories":[169],"tags":[177,146,147,25,24,176,175,23],"class_list":{"0":"post-125169","1":"post","2":"type-post","3":"status-publish","4":"format-standard","5":"has-post-thumbnail","7":"category-cine","8":"tag-cine","9":"tag-entertainment","10":"tag-entretenimiento","11":"tag-es","12":"tag-espana","13":"tag-film","14":"tag-movies","15":"tag-spain"},"share_on_mastodon":{"url":"","error":""},"_links":{"self":[{"href":"https:\/\/www.europesays.com\/es\/wp-json\/wp\/v2\/posts\/125169","targetHints":{"allow":["GET"]}}],"collection":[{"href":"https:\/\/www.europesays.com\/es\/wp-json\/wp\/v2\/posts"}],"about":[{"href":"https:\/\/www.europesays.com\/es\/wp-json\/wp\/v2\/types\/post"}],"author":[{"embeddable":true,"href":"https:\/\/www.europesays.com\/es\/wp-json\/wp\/v2\/users\/2"}],"replies":[{"embeddable":true,"href":"https:\/\/www.europesays.com\/es\/wp-json\/wp\/v2\/comments?post=125169"}],"version-history":[{"count":0,"href":"https:\/\/www.europesays.com\/es\/wp-json\/wp\/v2\/posts\/125169\/revisions"}],"wp:featuredmedia":[{"embeddable":true,"href":"https:\/\/www.europesays.com\/es\/wp-json\/wp\/v2\/media\/125170"}],"wp:attachment":[{"href":"https:\/\/www.europesays.com\/es\/wp-json\/wp\/v2\/media?parent=125169"}],"wp:term":[{"taxonomy":"category","embeddable":true,"href":"https:\/\/www.europesays.com\/es\/wp-json\/wp\/v2\/categories?post=125169"},{"taxonomy":"post_tag","embeddable":true,"href":"https:\/\/www.europesays.com\/es\/wp-json\/wp\/v2\/tags?post=125169"}],"curies":[{"name":"wp","href":"https:\/\/api.w.org\/{rel}","templated":true}]}}