{"id":125173,"date":"2025-09-19T12:36:20","date_gmt":"2025-09-19T12:36:20","guid":{"rendered":"https:\/\/www.europesays.com\/es\/125173\/"},"modified":"2025-09-19T12:36:20","modified_gmt":"2025-09-19T12:36:20","slug":"fotografia-de-la-obesidad-en-espana-se-ha-descrito-como-la-epidemia-del-siglo-xxi-la-voz-de-galicia","status":"publish","type":"post","link":"https:\/\/www.europesays.com\/es\/125173\/","title":{"rendered":"Fotograf\u00eda de la obesidad en Espa\u00f1a: \u00abSe ha descrito como la epidemia del siglo XXI\u00bb &#8211; La Voz de Galicia"},"content":{"rendered":"<ol>\n<li><a href=\"https:\/\/news.google.com\/rss\/articles\/CBMi5wFBVV95cUxQaklHbGFsT1VHR2NLMHZTMm1pZm96c0h2T0t6Rk9PN0h3T1QwMXdBMXRSbjhiWmxrdUxYaS1vMkp3Vmh5RjczNk9nd2NrRFpBQVZoVWFaenY5TXM4WHp3MXd1M3RnMzFkajFuVjRhUno3dDk2MkVmcUNWYVF3VF9ENy1sM1JWQ0thWTdmRW15cldFWERQNm1WQ3hWQ1VwMGJXR29zd19ENk1YUUlHSldsWG9Ra3hwb2Q2NUpTVUpRRFphOURTYVZyQkNmdU5pZDBLV0RUUmdTUGx1eXFtclpnZ2lhZFB1SnfSAewBQVVfeXFMTUNKckgzVVpWZ3VCTkFOd2dqZ2N5d1ZlZlFER08tY09vSVlJU3lmYzVyZURJd3BtRU9HZ2FXUVFtd3JwNHFjWXpZSFpIdE4xWVV0WGVYSDh0T3o0TnMxWjFRZm9xbDdDT182N210aW82Y2d3TGk0R2JPckdTeWN3aHQxRlN0ZkI5dVhJN0FVRWswcUh6LWM0Zl9DQUtJc3BBbWN3OFlGekJWV2RJbVdwNmlaazJVb0ZrUTlKempiYTNyU3p1WXVOZTdjbTJDdmtEUS10clFQTU1laGltUF8zWE5NUFhCc0c5MjVuV0M?oc=5\" target=\"_blank\" rel=\"nofollow noopener\">Fotograf\u00eda de la obesidad en Espa\u00f1a: \u00abSe ha descrito como la epidemia del siglo XXI\u00bb<\/a>&nbsp;&nbsp;La Voz de Galicia<\/li>\n<li><a href=\"https:\/\/news.google.com\/rss\/articles\/CBMinwJBVV95cUxNeHFKVDJ4T0VmQmVWSXVfMUVfa1dWRGowWnpVVUZGT3lzQjdMTC1aY05GODJfQUZ0TURnTjR6dl90b19RQ0dDVUgzNllJczlsN1hzaTNaWl9PRXRjd0lpTGNueHRiSmlSbGMtQ3c2MDAwY0tGcWhGMTM4TV92V3VZY0J0Y08wWnRjV3E0c0EzaEtVd3F3NXpSY0dUamc5SzdUVVZ4SUdhaURjLU5oLUZYei1fYWFjWl9rVWk1UHR1SHYwcndfUEc2ck5UMmdoVEdaZzhfVnVCLU0xRDBpTlU4bkswbDNUQXJHQUFabzZZRmRUQ2JWaWg5NjJnRF9OUVhpSndqOVV2OUlvNXp2NWdOdGpqaExRUl9ady1WOGVWZ9IBpAJBVV95cUxNNEZaMVI2MllQZzJ6UC02SmUwc2o4WEhDeW04Yi1nRnVKcExEUmg1UTJzczVnQU91Qlhhdkt1YlFXTC1ROWhEd0xqRWlLZVFpVk4tZUpvWUR1bzBsZE0xV2N4YUtxVjVXQTNDbi12MWY2aU15S2NjQ0pZVEdfblhPbjZtcXNLVlpsaEEzVlBkeEtidXJicGlRc00yTFFUaVI0RnZMM29NQkJMVGpLVmE2c0tsMzR2WkFkdHNVTkdtaTJnLS1LSnVqSzJSdS0wV1B5czhwc1Rwbi1icnBLMnNBdm1TSXl1bTVvTlFISFBKUHhheDdYczlmQ0dPNGRpYzZMd2dwREo4eTl4Tk43c3lhdlNUZG02YjBweGZJc25laW5IbjND?oc=5\" target=\"_blank\" rel=\"nofollow noopener\">Gabriela Uriarte, nutricionista: \u201cLo que me preocupa de los medicamentos anti obesidad es que est\u00e1s dando por hecho que las personas que se pinchan no tienen buenos h\u00e1bitos\u201d<\/a>&nbsp;&nbsp;La Vanguardia<\/li>\n<li><a href=\"https:\/\/news.google.com\/rss\/articles\/CBMi8AFBVV95cUxOTmtiWGczRy1TUzg4dFd5Z3ZfT0xjLVpSeUxWSHlZVmNnYWhVNnZEVFVWUGdiLXp1UThzbWF4SWtmdGFIQm5aOHJHQ05NZGZCOHBhRlBHYnNzTTh6MnpsTjZPZlM4T21YVlNTM1prSlRXazlsekpmSEg1OGYyemllS1hGakdxZHc0RUR0b0ZIeFd5LTNiVzN5MmhvSEprNEp0bTJYQnI3WkFsVHlsaEszVU1pZ2RWN3NicTl1dlJtWFhuQ0VJU0JSQnh6MG0wREdvallTR3FqT0RjMG84QlVpdHdDWGVXVGVkVThINkpLaVjSAYQCQVVfeXFMT0xnYXVRd2pqc2phVmVfMFBHTmdxWklKUGZfQWRqblVHWnd2d3ZDX0ZadnNDOVlwTjc5TVpwQy1tNzFMR01aQzAyOUw1OGkxYmpUWTFseFhWck1pV1RnMkxsc2dOcmpHdVZNWUZIRl9vQ3BsYTdLY1NyZURaazRMb1RoM1FIc1BBNWxKQWZ0R1NfV3lYV0FZb2dLNUlrdVZXRWgxOVdxaEd6dm5sYllIS3RvT1c4T1R2dkdvaVB4TkJSQVNYdVJBXzBGRmFNUXFqa294OE5RbDQzQUNJdUpIaUxRTlplNVpMMThZQ2ZXQ2lscXhTTnZWTXY0aE12YWNHOU5IYk0?oc=5\" target=\"_blank\" rel=\"nofollow noopener\">Ni la salud tiene talla ni Ozempic para todos: la nutricionista que critica el \u00absesgo de gordofobia movido por el dinero\u00bb<\/a>&nbsp;&nbsp;Cadena SER<\/li>\n<li><a href=\"https:\/\/news.google.com\/rss\/articles\/CBMizgFBVV95cUxOeGtVYm4yRVZGZXlOdTY4S0RodmJIR3Z6ekg5UzVRZGZyMzFjQ0N4eWp6VnJBRVY4X2t1S2JCZnQ5UzlXQTg3eXZuZXJJcFFCd0tqcTlqOEwtdF9KR3dEcmRqRE13aUFoSVRNN1ZaMU1FcnJGbEVwa1pKeDNteWozT19DeG9CUHlnWGMzd21nSUp6ZHNGUDhiTW9JbnZUTDRZS0xyXzRtMGdyeEQwTExzRTB3WDhGVEJKNUJZdTNNSTZFOVB6blJQaTZDc0tvUQ?oc=5\" target=\"_blank\" rel=\"nofollow noopener\">\u00bfEs siempre una enfermedad la obesidad? Cient\u00edficos plantean una visi\u00f3n m\u00e1s matizada<\/a>&nbsp;&nbsp;debate.com.mx<\/li>\n<\/ol>\n","protected":false},"excerpt":{"rendered":"Fotograf\u00eda de la obesidad en Espa\u00f1a: \u00abSe ha descrito como la epidemia del siglo XXI\u00bb&nbsp;&nbsp;La Voz de Galicia&hellip;\n","protected":false},"author":2,"featured_media":125174,"comment_status":"","ping_status":"","sticky":false,"template":"","format":"standard","meta":{"footnotes":""},"categories":[92],"tags":[25,24,165,5693,166,23],"class_list":{"0":"post-125173","1":"post","2":"type-post","3":"status-publish","4":"format-standard","5":"has-post-thumbnail","7":"category-salud","8":"tag-es","9":"tag-espana","10":"tag-health","11":"tag-obesidad","12":"tag-salud","13":"tag-spain"},"share_on_mastodon":{"url":"","error":""},"_links":{"self":[{"href":"https:\/\/www.europesays.com\/es\/wp-json\/wp\/v2\/posts\/125173","targetHints":{"allow":["GET"]}}],"collection":[{"href":"https:\/\/www.europesays.com\/es\/wp-json\/wp\/v2\/posts"}],"about":[{"href":"https:\/\/www.europesays.com\/es\/wp-json\/wp\/v2\/types\/post"}],"author":[{"embeddable":true,"href":"https:\/\/www.europesays.com\/es\/wp-json\/wp\/v2\/users\/2"}],"replies":[{"embeddable":true,"href":"https:\/\/www.europesays.com\/es\/wp-json\/wp\/v2\/comments?post=125173"}],"version-history":[{"count":0,"href":"https:\/\/www.europesays.com\/es\/wp-json\/wp\/v2\/posts\/125173\/revisions"}],"wp:featuredmedia":[{"embeddable":true,"href":"https:\/\/www.europesays.com\/es\/wp-json\/wp\/v2\/media\/125174"}],"wp:attachment":[{"href":"https:\/\/www.europesays.com\/es\/wp-json\/wp\/v2\/media?parent=125173"}],"wp:term":[{"taxonomy":"category","embeddable":true,"href":"https:\/\/www.europesays.com\/es\/wp-json\/wp\/v2\/categories?post=125173"},{"taxonomy":"post_tag","embeddable":true,"href":"https:\/\/www.europesays.com\/es\/wp-json\/wp\/v2\/tags?post=125173"}],"curies":[{"name":"wp","href":"https:\/\/api.w.org\/{rel}","templated":true}]}}