{"id":125177,"date":"2025-09-19T12:38:13","date_gmt":"2025-09-19T12:38:13","guid":{"rendered":"https:\/\/www.europesays.com\/es\/125177\/"},"modified":"2025-09-19T12:38:13","modified_gmt":"2025-09-19T12:38:13","slug":"tecnologia-y-turismo-se-dan-cita-en-orihuela-costa-con-el-congreso-palmeratech-2025","status":"publish","type":"post","link":"https:\/\/www.europesays.com\/es\/125177\/","title":{"rendered":"Tecnolog\u00eda y turismo se dan cita en Orihuela Costa con el congreso PalmeraTech 2025"},"content":{"rendered":"<p>\t\t\t\t<img decoding=\"async\" src=\"https:\/\/www.europesays.com\/es\/wp-content\/uploads\/2025\/09\/cartelPalmeraTechOrihuelaCosta.png\" alt=\"cartelPalmeraTechOrihuelaCosta\"\/>\t\t    \t<\/p>\n<p>&#13;<br \/>\n\t\t\t\t\t&#13;<br \/>\n\t\t\t\t\t\t\t\t\t\t\t19 de septiembre de 2025&#13;<br \/>\n\t\t\t\t\t\t\t\t\t\t&#13;<br \/>\n\t\t\t\t\t&#13;\n\t\t\t\t<\/p>\n<p>Orihuela Costa acoger\u00e1 por primera vez el congreso tecnol\u00f3gico PalmeraTech 2025, que se celebrar\u00e1 el pr\u00f3ximo mi\u00e9rcoles 24 de septiembre en el <a href=\"https:\/\/share.google\/kjJ5IOhW4qDjMTlcU\" rel=\"nofollow noopener\" target=\"_blank\">Club N\u00e1utico Dehesa de Campoamor<\/a>. Un encuentro que reunir\u00e1 a expertos, empresas l\u00edderes y startups emergentes en torno a los avances tecnol\u00f3gicos aplicados al turismo, la gesti\u00f3n de costas y la sostenibilidad.<\/p>\n<p><strong>Orihuela Costa, protagonista en turismo y playas inteligentes<\/strong><\/p>\n<p>El concejal de Costa, Manuel Mestre, ha destacado que \u201cel congreso tecnol\u00f3gico m\u00e1s relevante de la provincia de Alicante se celebra en Orihuela Costa, consolidando nuestro litoral como un espacio estrat\u00e9gico para la innovaci\u00f3n y el conocimiento aplicado al turismo y a la gesti\u00f3n sostenible de las playas\u201d.<\/p>\n<p>El congreso llega a Orihuela Costa de la mano de la Concejal\u00eda de Costa de Orihuela y PalmeraTech, con la colaboraci\u00f3n de la Asociaci\u00f3n Nacional de Big Data y Analytics (ANBAN) y el Centro de Investigaciones Operativas (CIO) de la Universidad Miguel Hern\u00e1ndez (UMH). Este congreso tecnol\u00f3gico, tambi\u00e9n se celebra en lugares como Elche y San Vicente del Raspeig.<\/p>\n<p>La jornada dar\u00e1 comienzo a las 9:30 horas con ponencias de primer nivel. Entre los ponentes estar\u00e1n Mario Quesada, CEO y fundador de Weitec, quien abordar\u00e1 el uso de drones para la vigilancia de playas; Antonio S\u00e1nchez, presidente de AlicanTEC, que hablar\u00e1 sobre inteligencia artificial en la gesti\u00f3n tur\u00edstica; y Olivia Estrella, directora de innovaci\u00f3n tur\u00edstica de INVATTUR, que presentar\u00e1 c\u00f3mo la innovaci\u00f3n puede ponerse al servicio de la sostenibilidad del turismo en la Comunidad Valenciana.<\/p>\n<p>El codirector del congreso, Juan Aparicio, ha se\u00f1alado que se trata de \u201cun evento \u00fanico que conecta innovaci\u00f3n, conocimiento y futuro\u201d. Adem\u00e1s, ha remarcado que \u201cOrihuela Costa tendr\u00e1 un papel destacado con un programa centrado en la tecnolog\u00eda aplicada a playas inteligentes y turismo, un sector clave para nuestro territorio\u201d.<\/p>\n<p>La jornada incluir\u00e1 tambi\u00e9n una mesa redonda moderada por el propio Aparicio, en la que participar\u00e1n expertos como Alejandro Rabasa, David Ivorra y Joaqu\u00edn Pedre\u00f1o para debatir sobre el papel de la tecnolog\u00eda en turismo, playas y ocio.<\/p>\n<p>En palabras de Aparicio, \u201ceste congreso est\u00e1 dise\u00f1ado para todos los p\u00fablicos porque la transformaci\u00f3n digital no es solo cosa de especialistas, es una oportunidad real para Orihuela, para nuestras empresas y para todos nosotros\u201d.<\/p>\n<p>El evento concluir\u00e1 alrededor de las 14 horas, tras un espacio de caf\u00e9 networking, que permitir\u00e1 a los participantes intercambiar ideas, establecer colaboraciones y conocer de cerca las \u00faltimas tendencias del sector. La inscripci\u00f3n a PalmeraTech 2025 es totalmente gratuita y se puede realizar a trav\u00e9s de la web oficial:<a href=\"http:\/\/www.palmera.tech\" rel=\"nofollow noopener\" target=\"_blank\"> www.palmera.tech<\/a>.<\/p>\n<p>\u00a0<\/p>\n<p>\u00a0<\/p>\n","protected":false},"excerpt":{"rendered":"&#13; &#13; 19 de septiembre de 2025&#13; &#13; &#13; Orihuela Costa acoger\u00e1 por primera vez el congreso tecnol\u00f3gico&hellip;\n","protected":false},"author":2,"featured_media":125178,"comment_status":"","ping_status":"","sticky":false,"template":"","format":"standard","meta":{"footnotes":""},"categories":[81],"tags":[119,123,124,25,24,117,121,122,23,118,120],"class_list":{"0":"post-125177","1":"post","2":"type-post","3":"status-publish","4":"format-standard","5":"has-post-thumbnail","7":"category-ciencia-y-tecnologia","8":"tag-ciencia","9":"tag-ciencia-y-tecnologia","10":"tag-cienciaytecnologia","11":"tag-es","12":"tag-espana","13":"tag-science","14":"tag-science-and-technology","15":"tag-scienceandtechnology","16":"tag-spain","17":"tag-technology","18":"tag-tecnologia"},"share_on_mastodon":{"url":"","error":""},"_links":{"self":[{"href":"https:\/\/www.europesays.com\/es\/wp-json\/wp\/v2\/posts\/125177","targetHints":{"allow":["GET"]}}],"collection":[{"href":"https:\/\/www.europesays.com\/es\/wp-json\/wp\/v2\/posts"}],"about":[{"href":"https:\/\/www.europesays.com\/es\/wp-json\/wp\/v2\/types\/post"}],"author":[{"embeddable":true,"href":"https:\/\/www.europesays.com\/es\/wp-json\/wp\/v2\/users\/2"}],"replies":[{"embeddable":true,"href":"https:\/\/www.europesays.com\/es\/wp-json\/wp\/v2\/comments?post=125177"}],"version-history":[{"count":0,"href":"https:\/\/www.europesays.com\/es\/wp-json\/wp\/v2\/posts\/125177\/revisions"}],"wp:featuredmedia":[{"embeddable":true,"href":"https:\/\/www.europesays.com\/es\/wp-json\/wp\/v2\/media\/125178"}],"wp:attachment":[{"href":"https:\/\/www.europesays.com\/es\/wp-json\/wp\/v2\/media?parent=125177"}],"wp:term":[{"taxonomy":"category","embeddable":true,"href":"https:\/\/www.europesays.com\/es\/wp-json\/wp\/v2\/categories?post=125177"},{"taxonomy":"post_tag","embeddable":true,"href":"https:\/\/www.europesays.com\/es\/wp-json\/wp\/v2\/tags?post=125177"}],"curies":[{"name":"wp","href":"https:\/\/api.w.org\/{rel}","templated":true}]}}