{"id":125186,"date":"2025-09-19T12:43:13","date_gmt":"2025-09-19T12:43:13","guid":{"rendered":"https:\/\/www.europesays.com\/es\/125186\/"},"modified":"2025-09-19T12:43:13","modified_gmt":"2025-09-19T12:43:13","slug":"sergey-hernandez-hace-historia-con-el-magdeburgo","status":"publish","type":"post","link":"https:\/\/www.europesays.com\/es\/125186\/","title":{"rendered":"Sergey Hern\u00e1ndez hace historia con el Magdeburgo"},"content":{"rendered":"<p>El portero espa\u00f1ol del Magdeburgo,<strong> Sergey Hern\u00e1ndez<\/strong>, destac\u00f3 este jueves, tras la primera victoria del equipo alem\u00e1n en su historia en el Palau Blaugrana (21-22), que su <strong>parada decisiva<\/strong> al penalti lanzado por el extremo Ian Barrufet con el tiempo cumplido se debi\u00f3 tanto a su conocimiento del rival por el tiempo que comparten en la selecci\u00f3n espa\u00f1ola como a \u00abalgo de suerte\u00bb.<\/p>\n<p>\u00ab<strong>Ya sab\u00eda que me iba a amagar<\/strong>. Tir\u00e9 un poco a la izquierda y un poco a la derecha. Tambi\u00e9n hubo algo de suerte: me peg\u00f3 el m\u00ednimo roce en la mano, pero fue exactamente el tiro que esperaba\u00bb, explic\u00f3 el guardameta navarro.<\/p>\n<p>Sobre la elecci\u00f3n de <strong>Barrufet <\/strong>como lanzador frente a <strong>Aleix G\u00f3mez<\/strong>, habitual especialista del Bar\u00e7a, Hern\u00e1ndez asegur\u00f3 que no le sorprendi\u00f3, ya que ambos son \u00abmuy buenos\u00bb y se mostr\u00f3 \u00absatisfecho\u00bb de haber logrado detenerlo para ganar.<\/p>\n<p>\n<strong>\u00abEstoy muy contento de formar parte de la historia del Magdeburgo\u00bb<\/strong>, indic\u00f3.<\/p>\n<p>Hern\u00e1ndez tambi\u00e9n destac\u00f3 que el equilibrio en el marcador durante todo el partido se debi\u00f3 a que tanto \u00e9l como Emil Nielsen, por parte del Bar\u00e7a, pudieron defender \u00abbastante bien gracias al trabajo defensivo previo\u00bb.<\/p>\n<p>En cuanto a su actuaci\u00f3n personal, con 15 paradas que se suman a su papel decisivo en la Final a Cuatro de Colonia que supuso la quinta &#8216;Champions&#8217; del Magdeburgo, el navarro se mostr\u00f3 \u00abcontento\u00bb con su rendimiento en el club, aunque confes\u00f3 que le gustar\u00eda poder replicarlo con la selecci\u00f3n espa\u00f1ola, un rendimiento que a\u00fan le falta.<\/p>\n<p>Finalmente, preguntado sobre un posible futuro vinculado al Barcelona a partir del pr\u00f3ximo verano como sustituto de Emil Nielsen, Hern\u00e1ndez se mostr\u00f3 cauto: \u00abNo respondo a eso ahora, preg\u00fantame otra cosa\u00bb, cerr\u00f3.\u00a0<\/p>\n","protected":false},"excerpt":{"rendered":"El portero espa\u00f1ol del Magdeburgo, Sergey Hern\u00e1ndez, destac\u00f3 este jueves, tras la primera victoria del equipo alem\u00e1n en&hellip;\n","protected":false},"author":2,"featured_media":125187,"comment_status":"","ping_status":"","sticky":false,"template":"","format":"standard","meta":{"footnotes":""},"categories":[278],"tags":[376,168,158,25,24,375,4504,448,11408,21132,23,167],"class_list":{"0":"post-125186","1":"post","2":"type-post","3":"status-publish","4":"format-standard","5":"has-post-thumbnail","7":"category-balonmano","8":"tag-balonmano","9":"tag-deportes","10":"tag-el","11":"tag-es","12":"tag-espana","13":"tag-handball","14":"tag-hernandez","15":"tag-historia","16":"tag-magdeburgo","17":"tag-sergey","18":"tag-spain","19":"tag-sports"},"share_on_mastodon":{"url":"","error":""},"_links":{"self":[{"href":"https:\/\/www.europesays.com\/es\/wp-json\/wp\/v2\/posts\/125186","targetHints":{"allow":["GET"]}}],"collection":[{"href":"https:\/\/www.europesays.com\/es\/wp-json\/wp\/v2\/posts"}],"about":[{"href":"https:\/\/www.europesays.com\/es\/wp-json\/wp\/v2\/types\/post"}],"author":[{"embeddable":true,"href":"https:\/\/www.europesays.com\/es\/wp-json\/wp\/v2\/users\/2"}],"replies":[{"embeddable":true,"href":"https:\/\/www.europesays.com\/es\/wp-json\/wp\/v2\/comments?post=125186"}],"version-history":[{"count":0,"href":"https:\/\/www.europesays.com\/es\/wp-json\/wp\/v2\/posts\/125186\/revisions"}],"wp:featuredmedia":[{"embeddable":true,"href":"https:\/\/www.europesays.com\/es\/wp-json\/wp\/v2\/media\/125187"}],"wp:attachment":[{"href":"https:\/\/www.europesays.com\/es\/wp-json\/wp\/v2\/media?parent=125186"}],"wp:term":[{"taxonomy":"category","embeddable":true,"href":"https:\/\/www.europesays.com\/es\/wp-json\/wp\/v2\/categories?post=125186"},{"taxonomy":"post_tag","embeddable":true,"href":"https:\/\/www.europesays.com\/es\/wp-json\/wp\/v2\/tags?post=125186"}],"curies":[{"name":"wp","href":"https:\/\/api.w.org\/{rel}","templated":true}]}}