{"id":125200,"date":"2025-09-19T12:52:09","date_gmt":"2025-09-19T12:52:09","guid":{"rendered":"https:\/\/www.europesays.com\/es\/125200\/"},"modified":"2025-09-19T12:52:09","modified_gmt":"2025-09-19T12:52:09","slug":"la-falta-de-respeto-de-buenafuente-con-el-rey-juan-carlos-en-tve","status":"publish","type":"post","link":"https:\/\/www.europesays.com\/es\/125200\/","title":{"rendered":"La falta de respeto de Buenafuente con el Rey Juan Carlos en TVE"},"content":{"rendered":"<p class=\"paragraph\"><b>Andreu Buenafuente <\/b>regres\u00f3 el jueves 18 de septiembre a <b>Televisi\u00f3n Espa\u00f1ola<\/b> con <b>Futuro imperfecto<\/b>, un formato que ya en su primera temporada intent\u00f3 hacerse con el prime time del d\u00eda ante <b>Supervivientes <\/b>con mon\u00f3logos, investigaciones y el humor de su mujer,<b> Silvia Abril<\/b>, y otros colaboradores como <b>Tamara Garc\u00eda Romero<\/b>, <b>Sergi Estella<\/b> y <b>Ra\u00fal Cimas<\/b>.<\/p>\n<p class=\"paragraph\">El c\u00f3mico catal\u00e1n volvi\u00f3 a<b> La 1 de TVE <\/b>haciendo un repaso a las noticias m\u00e1s relevantes del verano en el que el humor brill\u00f3 por su ausencia. \u00abLo que veo no me gusta nada, me ofende como ciudadano, y me ha hecho pensar qu\u00e9 papel jugamos nosotros, quienes comentamos cada semana lo que pasa\u00bb. As\u00ed comenzaba un alegato pol\u00edtico \u2013m\u00e1s que mon\u00f3logo\u2013 de m\u00e1s de ocho minutos.<\/p>\n<p>            <a href=\"#\" title=\"\"><br \/>\n                <img decoding=\"async\" loading=\"lazy\" width=\"120px\" height=\"90px\" alt=\"Sergio Ramos presenta su single 'Cibeles'\" src=\"https:\/\/imagenes.eldebate.com\/files\/related_image\/uploads\/2025\/08\/30\/68b30eb526fe5.png\" data-full-src=\"https:\/\/www.europesays.com\/es\/wp-content\/uploads\/2025\/09\/68b30eb526fe5.png\"\/><br \/>\n            <\/a><\/p>\n<p class=\"paragraph\">\u00abCuando un responsable pol\u00edtico de primer nivel compara las protestas de Madrid en <b>La Vuelta a Espa\u00f1a<\/b> con el cerco de Sarajevo, donde murieron miles de personas, se convierte autom\u00e1ticamente en un irresponsable pol\u00edtico. Y no veo humor ah\u00ed\u00bb, dijo cargando contra <b>Isabel D\u00edaz Ayuso, <\/b>aunque tambi\u00e9n tuvo tiempo para intentar amonestar a <b>Miguel Tellado<\/b>, tras sus declaraciones en contra del Gobierno en un acto del PP en Pamplona hace unas semanas. \u00abCuando otro habla de enterrar un partido en una fosa, a m\u00ed me agrede personalmente. Tampoco hay humor ah\u00ed. No hay humor\u00bb.<\/p>\n<p class=\"paragraph\">A continuaci\u00f3n, se atrevi\u00f3 a dar un diagn\u00f3stico de la pol\u00edtica espa\u00f1ola actual. \u00abLa banalizaci\u00f3n de la ignorancia nos hace peores. No tenemos valores, no tenemos pasado y, por lo tanto, no tenemos presente. O el presente que tenemos es una mierda\u00bb, explic\u00f3 y no se olvid\u00f3 de las <b>cat\u00e1strofes naturales espa\u00f1olas<\/b>.<\/p>\n<p class=\"paragraph\">\u00abLos<b> peores incendios<\/b> de nuestra historia han dejado un reguero de escaqueos. Aqu\u00ed siempre la culpa es del otro, como la DANA. Esto es una <b>doctrina trumpista<\/b>: no admitas un error, no debatas, simplemente ataca, ataca, ataca, muerde y destroza. Ha conseguido que no haya rivales, solo enemigos\u00bb, apunt\u00f3 antes de reconocer que no quiere enemigos.<\/p>\n<p class=\"paragraph\">\u00abYo solo quiero que mi pa\u00eds sea un sitio justo y razonable. A m\u00ed no me gusta un pa\u00eds donde<b> se normaliza y se celebra llamar hijo de puta a tu presidente<\/b>. No estoy a gusto, me agrede. Que responda por sus actos en las urnas o en los tribunales. \u00bfQu\u00e9 hay corrupci\u00f3n? Que se investigue, se juzgue, venga de donde venga. Igual eso es lo \u00fanico en lo que estamos de acuerdo (&#8230;) Esto no va de partidos, va de no sentir verg\u00fcenza ajena\u00bb.<\/p>\n<p class=\"paragraph\">Despu\u00e9s de tratar temas internacionales como el conflicto en Gaza, el c\u00f3mico dio por concluido su mon\u00f3logo y pas\u00f3 relatar lo \u00fanico bueno que, a su parecer, hab\u00eda ocurrido en verano: la canci\u00f3n de Sergio Ramos. Buenafuente se atrevi\u00f3 a cantarla con el autotune encendido antes de reconocer: <b>\u00abA nosotros nos ha parecido que la letra de la canci\u00f3n de Sergio podr\u00eda encajar con otro protagonista\u00bb.<\/b><\/p>\n<p class=\"paragraph\">El programa decidi\u00f3 burlarse del <b>Rey Juan Carlos<\/b> utilizando la Inteligencia Artificial para simular que era el cantante del tema de Ramos. <b>Buenafuente <\/b>dio paso a una especie de videoclip en la que se ve\u00eda al monarca ataviado con una camiseta blanca de tirantes, pantalones vaqueros, un rosario en sus manos y tatuajes. \u00abHay cosas que no te dije. Que todav\u00eda me duelen. Yo nunca quise irme. T\u00fa me pediste que vuele\u00bb, reza la canci\u00f3n.<\/p>\n<p class=\"paragraph\">Con el tema de fondo, las im\u00e1genes del Rey cantando se intercalaban con otras de archivo en las que se le ve\u00eda con su hijo, el <b>Rey Felipe<\/b>, o la<b> Reina Sof\u00eda<\/b>. Aunque las que m\u00e1s asperezas han levantado son las de momentos m\u00e1s pol\u00e9micos como sus viajes a <b>Botsuana <\/b>o el enfrentamiento con <b>Hugo Ch\u00e1vez<\/b>. \u00abYo mataba por ti. Te am\u00e9 y te defend\u00ed. Pero no estaba en m\u00ed. T\u00fa me pediste que vuele\u00bb.<\/p>\n<p class=\"paragraph\">\u00abTe puse corona, me pusiste alas. No sab\u00eda que era solo para que me alejara. Y te miro ahora, sigues igual de bella. Que nadie es imprescindible, la vida te ense\u00f1a\u00bb, segu\u00eda diciendo la canci\u00f3n, que aunque repet\u00eda las mismas palabras que la de Sergio Ramos, no llevaba el mismo t\u00edtulo que esta. El programa decidi\u00f3 que en lugar de llamarse <b>Cibeles<\/b>, deb\u00eda llamarse <b>Zarzuela<\/b>.<\/p>\n","protected":false},"excerpt":{"rendered":"Andreu Buenafuente regres\u00f3 el jueves 18 de septiembre a Televisi\u00f3n Espa\u00f1ola con Futuro imperfecto, un formato que ya&hellip;\n","protected":false},"author":2,"featured_media":125201,"comment_status":"","ping_status":"","sticky":false,"template":"","format":"standard","meta":{"footnotes":""},"categories":[174],"tags":[255,146,147,25,24,256,23],"class_list":{"0":"post-125200","1":"post","2":"type-post","3":"status-publish","4":"format-standard","5":"has-post-thumbnail","7":"category-famosos","8":"tag-celebrities","9":"tag-entertainment","10":"tag-entretenimiento","11":"tag-es","12":"tag-espana","13":"tag-famosos","14":"tag-spain"},"share_on_mastodon":{"url":"","error":""},"_links":{"self":[{"href":"https:\/\/www.europesays.com\/es\/wp-json\/wp\/v2\/posts\/125200","targetHints":{"allow":["GET"]}}],"collection":[{"href":"https:\/\/www.europesays.com\/es\/wp-json\/wp\/v2\/posts"}],"about":[{"href":"https:\/\/www.europesays.com\/es\/wp-json\/wp\/v2\/types\/post"}],"author":[{"embeddable":true,"href":"https:\/\/www.europesays.com\/es\/wp-json\/wp\/v2\/users\/2"}],"replies":[{"embeddable":true,"href":"https:\/\/www.europesays.com\/es\/wp-json\/wp\/v2\/comments?post=125200"}],"version-history":[{"count":0,"href":"https:\/\/www.europesays.com\/es\/wp-json\/wp\/v2\/posts\/125200\/revisions"}],"wp:featuredmedia":[{"embeddable":true,"href":"https:\/\/www.europesays.com\/es\/wp-json\/wp\/v2\/media\/125201"}],"wp:attachment":[{"href":"https:\/\/www.europesays.com\/es\/wp-json\/wp\/v2\/media?parent=125200"}],"wp:term":[{"taxonomy":"category","embeddable":true,"href":"https:\/\/www.europesays.com\/es\/wp-json\/wp\/v2\/categories?post=125200"},{"taxonomy":"post_tag","embeddable":true,"href":"https:\/\/www.europesays.com\/es\/wp-json\/wp\/v2\/tags?post=125200"}],"curies":[{"name":"wp","href":"https:\/\/api.w.org\/{rel}","templated":true}]}}