{"id":125202,"date":"2025-09-19T12:53:08","date_gmt":"2025-09-19T12:53:08","guid":{"rendered":"https:\/\/www.europesays.com\/es\/125202\/"},"modified":"2025-09-19T12:53:08","modified_gmt":"2025-09-19T12:53:08","slug":"el-hotel-de-madrid-que-es-un-icono-mundial-de-la-arquitectura","status":"publish","type":"post","link":"https:\/\/www.europesays.com\/es\/125202\/","title":{"rendered":"El hotel de Madrid que es un icono mundial de la arquitectura"},"content":{"rendered":"<p>Este mes de septiembre, <b>el Hotel Puerta Am\u00e9rica cumple 20 a\u00f1os <\/b>y celebra dos d\u00e9cadas siendo un referente internacional donde dise\u00f1o, arte y hospitalidad convergen en una experiencia \u00fanica. Desde su inauguraci\u00f3n en 2005 bajo el paraguas del grupo Hoteles Silken -siendo su buque insignia-, el hotel marc\u00f3 un antes y un despu\u00e9s en la arquitectura contempor\u00e1nea, reuniendo el talento de 19 de los m\u00e1s reconocidos arquitectos y dise\u00f1adores del mundo, entre los que destacan el trabajo de cinco premios Pritzker, el m\u00e1ximo galard\u00f3n de la arquitectura: Jean Nouvel, Norman Foster, Zaha Hadid, Arata Isozaki y David Chipperfield.<\/p>\n<p><img decoding=\"async\" loading=\"lazy\" src=\"https:\/\/www.europesays.com\/es\/wp-content\/uploads\/2025\/09\/interior_123.jpg\" alt=\"Interior\" width=\"250\" height=\"334\"\/><b>Interior<\/b>HPA<\/p>\n<p>La construcci\u00f3n del Hotel Puerta Am\u00e9rica fue una idea de libertad hecha realidad, un espacio de encuentro donde se un\u00edan distintas culturas y formas de entender la arquitectura y el dise\u00f1o. Desde su apertura en 2005, el hotel ha destacado por su concepto \u00fanico: cada una de sus doce plantas es diferente. Todas juegan con diversos materiales, colores y formas, para crear espacios que re\u00fanen lo mejor del dise\u00f1o y la arquitectura de vanguardia, donde la creatividad y la libertad en desarrollo de cada uno de los espacios, han marcado la obra. Unido a la pasi\u00f3n por el lujo, la gastronom\u00eda y el lifestyle, Puerta Am\u00e9rica es, en definitiva, y ser\u00e1, un hotel \u00fanico en el mundo que invita a so\u00f1ar.<\/p>\n","protected":false},"excerpt":{"rendered":"Este mes de septiembre, el Hotel Puerta Am\u00e9rica cumple 20 a\u00f1os y celebra dos d\u00e9cadas siendo un referente&hellip;\n","protected":false},"author":2,"featured_media":125203,"comment_status":"","ping_status":"","sticky":false,"template":"","format":"standard","meta":{"footnotes":""},"categories":[173],"tags":[229,233,231,230,232,234,146,147,25,24,23],"class_list":{"0":"post-125202","1":"post","2":"type-post","3":"status-publish","4":"format-standard","5":"has-post-thumbnail","7":"category-arte-y-diseno","8":"tag-arte","9":"tag-arte-y-diseno","10":"tag-arts","11":"tag-arts-and-design","12":"tag-design","13":"tag-diseno","14":"tag-entertainment","15":"tag-entretenimiento","16":"tag-es","17":"tag-espana","18":"tag-spain"},"share_on_mastodon":{"url":"","error":""},"_links":{"self":[{"href":"https:\/\/www.europesays.com\/es\/wp-json\/wp\/v2\/posts\/125202","targetHints":{"allow":["GET"]}}],"collection":[{"href":"https:\/\/www.europesays.com\/es\/wp-json\/wp\/v2\/posts"}],"about":[{"href":"https:\/\/www.europesays.com\/es\/wp-json\/wp\/v2\/types\/post"}],"author":[{"embeddable":true,"href":"https:\/\/www.europesays.com\/es\/wp-json\/wp\/v2\/users\/2"}],"replies":[{"embeddable":true,"href":"https:\/\/www.europesays.com\/es\/wp-json\/wp\/v2\/comments?post=125202"}],"version-history":[{"count":0,"href":"https:\/\/www.europesays.com\/es\/wp-json\/wp\/v2\/posts\/125202\/revisions"}],"wp:featuredmedia":[{"embeddable":true,"href":"https:\/\/www.europesays.com\/es\/wp-json\/wp\/v2\/media\/125203"}],"wp:attachment":[{"href":"https:\/\/www.europesays.com\/es\/wp-json\/wp\/v2\/media?parent=125202"}],"wp:term":[{"taxonomy":"category","embeddable":true,"href":"https:\/\/www.europesays.com\/es\/wp-json\/wp\/v2\/categories?post=125202"},{"taxonomy":"post_tag","embeddable":true,"href":"https:\/\/www.europesays.com\/es\/wp-json\/wp\/v2\/tags?post=125202"}],"curies":[{"name":"wp","href":"https:\/\/api.w.org\/{rel}","templated":true}]}}