{"id":125204,"date":"2025-09-19T12:54:10","date_gmt":"2025-09-19T12:54:10","guid":{"rendered":"https:\/\/www.europesays.com\/es\/125204\/"},"modified":"2025-09-19T12:54:10","modified_gmt":"2025-09-19T12:54:10","slug":"la-historia-de-el-principito-continua-ocho-decadas-despues-con-un-nuevo-libro-que-habla-de-los-desafios-sociales-actuales","status":"publish","type":"post","link":"https:\/\/www.europesays.com\/es\/125204\/","title":{"rendered":"La historia de &#8216;El Principito&#8217; contin\u00faa ocho d\u00e9cadas despu\u00e9s con un nuevo libro que habla de los desaf\u00edos sociales actuales"},"content":{"rendered":"<p>Tras m\u00e1s de ocho d\u00e9cadas, El Principito emprende un nuevo viaje: <b>el escritor espa\u00f1ol Eloy Moreno,<\/b> autor de \u00e9xitos como Invisible y Redes, ha sido elegido por la Fundaci\u00f3n Saint-Exup\u00e9ry para hacer la primera continuaci\u00f3n oficial del cl\u00e1sico de Antoine de Saint-Exup\u00e9ry. La obra, titulada<b> El nuevo viaje de El Principito<\/b>, saldr\u00e1 a la luz el 25 de septiembre, con ilustraciones a todo color de David Sierra. Adem\u00e1s, <b>el mismo d\u00eda 28, Moreno junto a Sierra presentar\u00e1n el libro en un evento en un teatro de Madrid.<\/b> Adem\u00e1s all\u00ed se encontrar\u00e1 D\u00b4Argay, sobrino nieto de Saint Exup\u00e9ry y presidente de la Fondation Antoine De Saint-Exup\u00e9ry Pour la Jeunesse.<\/p>\n<p>En esta nueva traves\u00eda, el peque\u00f1o pr\u00edncipe, viajero del asteroide B-612, no s\u00f3lo retomar\u00e1 su mirada inocente sobre el universo, sino que <b>enfrentar\u00e1 los desaf\u00edos que nos ata\u00f1en a d\u00eda de hoy<\/b>. Si en el siglo XX Saint-Exup\u00e9ry denunciaba la vanidad, la codicia o la obsesi\u00f3n con el poder, ahora Eloy Moreno lo pone frente a desaf\u00edos tan urgentes como<b> la crisis medioambiental, las distancias humanas debido a las redes sociales y la p\u00e9rdida de la mirada curiosa en medio de la prisa tecnol\u00f3gica.<\/b><\/p>\n<p><b>\u00abCon la misma ternura y sabidur\u00eda que enamor\u00f3 al mundo<\/b>\u00ab, se enfrenta a las preguntas filos\u00f3ficas profundas que hicieron del original un espejo del alma. Moreno promete abrir ventanas hacia las preocupaciones del siglo XXI. \u00abEste ha sido uno de los proyectos m\u00e1s importantes de mi carrera, <b>es algo tan grande como delicado, tan bonito como intenso, tan emocionante como el universo entero\u00bb<\/b>, dice el escritor al presentar este nuevo cap\u00edtulo.<\/p>\n<p>El segundo libro m\u00e1s traducido del mundo<\/p>\n<p>Desde su publicaci\u00f3n en 1943, El Principito <b>se convirti\u00f3 en el libro m\u00e1s traducido del mundo<\/b> a excepci\u00f3n de la Biblia. Su primera versi\u00f3n fue publicada en ingl\u00e9s. Aunque Saint-Exup\u00e9ry es de origen franc\u00e9s, fue exiliado con la ocupaci\u00f3n nazi en Francia y se mud\u00f3 a Nueva York. <b>Con sus 640 versiones diferentes<\/b>, se convirti\u00f3 en un cl\u00e1sico universal de reflexi\u00f3n sobre lo esencial, lo invisible a los ojos, la amistad, la soledad, el amor y la responsabilidad.<\/p>\n<p>Ahora, con El nuevo viaje de El Principito, se abre un cap\u00edtulo in\u00e9dito en la historia de la literatura contempor\u00e1nea. Como en 1943, cuando Saint-Exup\u00e9ry nos mostr\u00f3 que <b>\u00ablo esencial es invisible a los ojos\u00bb<\/b>, esta nueva obra aspira a recordarnos que a\u00fan es posible mirar al cielo y descubrir un espejo que refleja qui\u00e9nes somos y hacia d\u00f3nde vamos.<\/p>\n<p>WhatsApp<a href=\"https:\/\/api.whatsapp.com\/send?text=https:\/\/www.eleconomista.es\/evasion\/noticias\/13553337\/09\/25\/la-historia-de-el-principito-continua-ocho-decadas-despues-con-un-nuevo-libro-abarca-los-desafios-sociales-actuales.html?utm_source%3Dwhatsapp%26utm_medium%3Dshare_button&amp;id=1648118629957_whatsapp\" target=\"_blank\" data-action=\"share\/whatsapp\/share\" aria-label=\"Compartir en Whatsapp\" rel=\"nofollow noopener\"><\/a>Facebook<a id=\"fb-share\" href=\"#\" target=\"_blank\" rel=\"noopener noreferrer\" aria-label=\"Compartir en Facebook\"><\/a>Twitter<a href=\"https:\/\/twitter.com\/share?text=La+historia+de+%27El+Principito%27+contin%C3%BAa+ocho+d%C3%A9cadas+despu%C3%A9s+con+un+nuevo+libro+que+habla+de+los+desaf%C3%ADos+sociales+actuales&amp;url=https:\/\/www.eleconomista.es\/evasion\/noticias\/13553337\/09\/25\/la-historia-de-el-principito-continua-ocho-decadas-despues-con-un-nuevo-libro-abarca-los-desafios-sociales-actuales.html&amp;via=elEconomistaes&amp;id=1648118839245_twitter\" target=\"_blank\" aria-label=\"Compartir en Twitter\" rel=\"nofollow noopener\"><\/a>Linkedin<a href=\"https:\/\/linkedin.com\/share?text=https:\/\/www.eleconomista.es\/evasion\/noticias\/13553337\/09\/25\/la-historia-de-el-principito-continua-ocho-decadas-despues-con-un-nuevo-libro-abarca-los-desafios-sociales-actuales.html&amp;via=elEconomistaes\" target=\"_blank\" aria-label=\"Compartir en linkedin\" rel=\"nofollow noopener\"><\/a>Beloud<a href=\"https:\/\/beloud.com\/share?text=La+historia+de+%27El+Principito%27+contin%C3%BAa+ocho+d%C3%A9cadas+despu%C3%A9s+con+un+nuevo+libro+que+habla+de+los+desaf%C3%ADos+sociales+actuales&amp;url=https:\/\/www.eleconomista.es\/evasion\/noticias\/13553337\/09\/25\/la-historia-de-el-principito-continua-ocho-decadas-despues-con-un-nuevo-libro-abarca-los-desafios-sociales-actuales.html&amp;via=elEconomistaes&amp;id=1648118839245_beloud\" target=\"_blank\" aria-label=\"Compartir en beloud\" rel=\"nofollow noopener\"><\/a>Bluesky<a href=\"https:\/\/bsky.app\/intent\/compose?text=https:\/\/bsky.app\/intent\/compose?text=https:\/\/www.eleconomista.es\/evasion\/noticias\/13553337\/09\/25\/la-historia-de-el-principito-continua-ocho-decadas-despues-con-un-nuevo-libro-abarca-los-desafios-sociales-actuales.html&amp;url=https:\/\/www.eleconomista.es\/evasion\/noticias\/13553337\/09\/25\/la-historia-de-el-principito-continua-ocho-decadas-despues-con-un-nuevo-libro-abarca-los-desafios-sociales-actuales.html&amp;via=elEconomistaes&amp;id=1648118839245_bluesky\" target=\"_blank\" aria-label=\"Compartir en bluesky\" rel=\"nofollow noopener\"><\/a><\/p>\n<p><script async src=\"https:\/\/platform.twitter.com\/widgets.js\" charset=\"utf-8\"><\/script><\/p>\n","protected":false},"excerpt":{"rendered":"Tras m\u00e1s de ocho d\u00e9cadas, El Principito emprende un nuevo viaje: el escritor espa\u00f1ol Eloy Moreno, autor de&hellip;\n","protected":false},"author":2,"featured_media":125205,"comment_status":"","ping_status":"","sticky":false,"template":"","format":"standard","meta":{"footnotes":""},"categories":[172],"tags":[224,146,147,25,24,21517,225,23],"class_list":{"0":"post-125204","1":"post","2":"type-post","3":"status-publish","4":"format-standard","5":"has-post-thumbnail","7":"category-libros","8":"tag-books","9":"tag-entertainment","10":"tag-entretenimiento","11":"tag-es","12":"tag-espana","13":"tag-evasian","14":"tag-libros","15":"tag-spain"},"share_on_mastodon":{"url":"","error":""},"_links":{"self":[{"href":"https:\/\/www.europesays.com\/es\/wp-json\/wp\/v2\/posts\/125204","targetHints":{"allow":["GET"]}}],"collection":[{"href":"https:\/\/www.europesays.com\/es\/wp-json\/wp\/v2\/posts"}],"about":[{"href":"https:\/\/www.europesays.com\/es\/wp-json\/wp\/v2\/types\/post"}],"author":[{"embeddable":true,"href":"https:\/\/www.europesays.com\/es\/wp-json\/wp\/v2\/users\/2"}],"replies":[{"embeddable":true,"href":"https:\/\/www.europesays.com\/es\/wp-json\/wp\/v2\/comments?post=125204"}],"version-history":[{"count":0,"href":"https:\/\/www.europesays.com\/es\/wp-json\/wp\/v2\/posts\/125204\/revisions"}],"wp:featuredmedia":[{"embeddable":true,"href":"https:\/\/www.europesays.com\/es\/wp-json\/wp\/v2\/media\/125205"}],"wp:attachment":[{"href":"https:\/\/www.europesays.com\/es\/wp-json\/wp\/v2\/media?parent=125204"}],"wp:term":[{"taxonomy":"category","embeddable":true,"href":"https:\/\/www.europesays.com\/es\/wp-json\/wp\/v2\/categories?post=125204"},{"taxonomy":"post_tag","embeddable":true,"href":"https:\/\/www.europesays.com\/es\/wp-json\/wp\/v2\/tags?post=125204"}],"curies":[{"name":"wp","href":"https:\/\/api.w.org\/{rel}","templated":true}]}}