{"id":125206,"date":"2025-09-19T12:55:10","date_gmt":"2025-09-19T12:55:10","guid":{"rendered":"https:\/\/www.europesays.com\/es\/125206\/"},"modified":"2025-09-19T12:55:10","modified_gmt":"2025-09-19T12:55:10","slug":"padre-no-hay-mas-que-uno-tendra-una-serie-para-atresmedia-y-prime-video-sin-santiago-segura-y-con-otro-protagonista","status":"publish","type":"post","link":"https:\/\/www.europesays.com\/es\/125206\/","title":{"rendered":"&#8216;Padre no hay m\u00e1s que uno&#8217; tendr\u00e1 una serie para Atresmedia y Prime Video, sin Santiago Segura y con otro protagonista"},"content":{"rendered":"<p class=\"article-text\">\n        La exitosa saga cinematogr\u00e1fica <strong>Padre no hay m\u00e1s que uno<\/strong> tendr\u00e1 su propia serie de televisi\u00f3n. <strong>Atresmedia<\/strong> y <strong>Amazon Prime Video<\/strong> han anunciado la producci\u00f3n, el reparto y el final del rodaje de <strong>Padre no hay m\u00e1s que uno, la serie<\/strong>, producci\u00f3n que pr\u00f3ximamente se podr\u00e1 ver en ambas compa\u00f1\u00edas. La versi\u00f3n televisiva no cuenta con la participaci\u00f3n de <strong>Santiago Segura<\/strong>, pero s\u00ed de su productora, <strong>Bowfinger Internacional Pictures<\/strong>, que est\u00e1 aqu\u00ed representada por <strong>M\u00aa Luisa Guti\u00e9rrez<\/strong>, la socia del actor, director, guionista y productor.\n    <\/p>\n<p>    <a href=\"https:\/\/www.eldiario.es\/series\/semana-lunes-15-domingo-21-septiembre-2025-archivos-no-do-refugio-atomico-the-morning-show-netflix-rtve-apple-amazon-prime-video_1_12609207.html\" data-mrf-recirculation=\"saber-mas\" data-dl-event=\"saber-mas\" rel=\"nofollow noopener\" target=\"_blank\"><\/p>\n<p class=\"know-more__title\">Las 11 series de la semana hurgan en el NO-DO, habitan &#8216;El refugio at\u00f3mico&#8217; y siguen &#8216;The Morning Show&#8217;<\/p>\n<p>            <img decoding=\"async\" class=\"lazy\" loading=\"lazy\" data-src=\"https:\/\/static.eldiario.es\/clip\/c711d61d-fcf9-447d-b4c3-347f4497a86d_16-9-aspect-ratio_default_0.jpg\" src=\"data:image\/svg+xml,%3Csvg xmlns=\" http:=\"\" viewbox=\"0 0 880 495\" alt=\"Las 11 series de la semana hurgan en el NO-DO, habitan 'El refugio at\u00f3mico' y siguen 'The Morning Show'\"\/><\/p>\n<p>                        <\/a><\/p>\n<p class=\"article-text\">\n        La serie de Padre no hay m\u00e1s que uno contar\u00e1 con una familia nueva respecto a las pel\u00edculas. Los Garc\u00eda Loyola ser\u00e1n sustituidos por los <strong>Vicho Vaello<\/strong>, un n\u00facleo familiar formado por <strong>Daniel P\u00e9rez Prada<\/strong> en el papel de Mateo, el padre de familia, y por <strong>Mariam Hern\u00e1ndez<\/strong> como Helena, su mujer, que, junto a sus cinco hijos, <strong>Claudio Gallego<\/strong> (Alex), <strong>Amanda C\u00e1rdenas<\/strong> (Teresa), <strong>Alberto Salvador<\/strong> (Luis), <strong>Naia de las Heras<\/strong> (Carola) y <strong>Olivia Guerrero<\/strong> (Bea), vivir\u00e1n una nueva aventura familiar. Eso s\u00ed, el comunicado oficial se\u00f1ala que la versi\u00f3n televisiva recuperar\u00e1 a \u201calguno\u201d de los personajes de las pel\u00edculas.\n    <\/p>\n<p class=\"article-text\">\n        <strong>In\u00e9s de Le\u00f3n<\/strong> es la directora y guionista principal de la serie, que tambi\u00e9n cuenta con <strong>Juan Manuel de Vega<\/strong> como coguionista y con <strong>Ra\u00fal Navarro<\/strong> como coguionista y codirector. La versi\u00f3n televisiva, al igual que la cinematogr\u00e1fica, contar\u00e1 la historia de un padre de familia que, de un d\u00eda para otro, se tiene que poner al frente del cuidado de sus hijos. El resultado es \u201cuna comedia hilarante, repleta de caos familiar, ocurrencias disparatadas y momentos entra\u00f1ables\u201d, dice Atresmedia en su nota.\n    <\/p>\n<p class=\"article-text\">\n        Bowfinger International Pictures, en asociaci\u00f3n Sony Pictures International Productions y con la participaci\u00f3n de Atresmedia y Prime Video, produce esta ampliaci\u00f3n del universo Padre no hay m\u00e1s que uno, que ha llevado a m\u00e1s de 11,3 millones de espectadores a las salas de cine con sus cinco pel\u00edculas, las cuales han hecho de esta saga una de las m\u00e1s taquilleras de la historia del cine espa\u00f1ol. Este movimiento recuerda al que ya hizo Atresmedia con otra comedia cinematogr\u00e1fica, <strong>Se\u00f1or, dame paciencia<\/strong>, que a\u00f1os despu\u00e9s de pasar por las salas de cine dio el salto a la televisi\u00f3n, aunque en este caso, una versi\u00f3n y otra s\u00ed tuvieron al mismo actor protagonista (Jordi S\u00e1nchez).\n    <\/p>\n<p>    <a href=\"https:\/\/www.eldiario.es\/vertele\/analisis\/el-refugio-atomico-netflix-nueva-serie-espanola-culebron-dificil-digerir_1_12613073.html\" data-mrf-recirculation=\"saber-mas-abajo\" data-dl-event=\"saber-mas-abajo\" rel=\"nofollow noopener\" target=\"_blank\"><\/p>\n<p class=\"know-more__title\">&#8216;El refugio at\u00f3mico&#8217;: sorprendentemente, la nueva serie espa\u00f1ola de Netflix es un culebr\u00f3n dist\u00f3pico dif\u00edcil de digerir\n<\/p>\n<p>            <img decoding=\"async\" class=\"lazy\" loading=\"lazy\" data-src=\"https:\/\/static.eldiario.es\/clip\/ebdcbc34-63df-4f5e-a0c8-bf306f892c31_16-9-aspect-ratio_default_0.jpg\" src=\"data:image\/svg+xml,%3Csvg xmlns=\" http:=\"\" viewbox=\"0 0 880 495\" alt=\"'El refugio at\u00f3mico': sorprendentemente, la nueva serie espa\u00f1ola de Netflix es un culebr\u00f3n dist\u00f3pico dif\u00edcil de digerir\"\/><\/p>\n<p>                        <\/a><\/p>\n<p>    Sobre \u2018Padre no hay m\u00e1s que uno, la serie\u2019<\/p>\n<p class=\"article-text\">\n        Helena y Mateo son un matrimonio con cinco hijos. Cuando a Helena le ofrecen el trabajo de su vida en la app Conchy, toda la familia decide mudarse. Mateo, con m\u00e1s confianza que sentido com\u00fan, deja de lado su carrera para encargarse del cuidado de sus hijos, convencido de que \u201cesto no puede ser tan dif\u00edcil\u201d. Sin embargo, pronto descubrir\u00e1 que lo es, y mucho. Mientras Helena intenta brillar en su nueva empresa, sus hijos, descontentos con la mudanza, se organizan para sabotear este cambio de vida y poder volver a su antigua ciudad.\n    <\/p>\n","protected":false},"excerpt":{"rendered":"La exitosa saga cinematogr\u00e1fica Padre no hay m\u00e1s que uno tendr\u00e1 su propia serie de televisi\u00f3n. Atresmedia y&hellip;\n","protected":false},"author":2,"featured_media":125207,"comment_status":"","ping_status":"","sticky":false,"template":"","format":"standard","meta":{"footnotes":""},"categories":[171],"tags":[151,146,147,25,24,40843,13086,1440,19288,156,23,602,214],"class_list":{"0":"post-125206","1":"post","2":"type-post","3":"status-publish","4":"format-standard","5":"has-post-thumbnail","7":"category-tv","8":"tag-atresmedia","9":"tag-entertainment","10":"tag-entretenimiento","11":"tag-es","12":"tag-espana","13":"tag-padre-no-hay-mas-que-uno","14":"tag-prime-video","15":"tag-protagonista","16":"tag-santiago-segura","17":"tag-serie","18":"tag-spain","19":"tag-tendra","20":"tag-tv"},"share_on_mastodon":{"url":"","error":""},"_links":{"self":[{"href":"https:\/\/www.europesays.com\/es\/wp-json\/wp\/v2\/posts\/125206","targetHints":{"allow":["GET"]}}],"collection":[{"href":"https:\/\/www.europesays.com\/es\/wp-json\/wp\/v2\/posts"}],"about":[{"href":"https:\/\/www.europesays.com\/es\/wp-json\/wp\/v2\/types\/post"}],"author":[{"embeddable":true,"href":"https:\/\/www.europesays.com\/es\/wp-json\/wp\/v2\/users\/2"}],"replies":[{"embeddable":true,"href":"https:\/\/www.europesays.com\/es\/wp-json\/wp\/v2\/comments?post=125206"}],"version-history":[{"count":0,"href":"https:\/\/www.europesays.com\/es\/wp-json\/wp\/v2\/posts\/125206\/revisions"}],"wp:featuredmedia":[{"embeddable":true,"href":"https:\/\/www.europesays.com\/es\/wp-json\/wp\/v2\/media\/125207"}],"wp:attachment":[{"href":"https:\/\/www.europesays.com\/es\/wp-json\/wp\/v2\/media?parent=125206"}],"wp:term":[{"taxonomy":"category","embeddable":true,"href":"https:\/\/www.europesays.com\/es\/wp-json\/wp\/v2\/categories?post=125206"},{"taxonomy":"post_tag","embeddable":true,"href":"https:\/\/www.europesays.com\/es\/wp-json\/wp\/v2\/tags?post=125206"}],"curies":[{"name":"wp","href":"https:\/\/api.w.org\/{rel}","templated":true}]}}