{"id":125209,"date":"2025-09-19T12:57:17","date_gmt":"2025-09-19T12:57:17","guid":{"rendered":"https:\/\/www.europesays.com\/es\/125209\/"},"modified":"2025-09-19T12:57:17","modified_gmt":"2025-09-19T12:57:17","slug":"el-documental-mar-menor-mal-mayor-llega-al-cine-centrofama-de-murcia","status":"publish","type":"post","link":"https:\/\/www.europesays.com\/es\/125209\/","title":{"rendered":"El documental &#8216;Mar Menor, mal&#8217; mayor llega al cine Centrofama de Murcia"},"content":{"rendered":"<p class=\"ft-text ft-helper-align-justify\">La pel\u00edcula documental &#8216;Mar Menor, mal mayor&#8217;, un viaje emocional a trav\u00e9s de la historia de la mayor laguna salada de Europa, se estrena el pr\u00f3ximo lunes 22 de septiembre en Murcia en los cines Neocine Centrofama, donde se proyectar\u00e1 hasta el s\u00e1bado 4 de octubre.<\/p>\n<p class=\"ft-text ft-helper-align-justify\">Esta obra, dirigida por <strong>Carlos Velasco<\/strong> y galardonada con el Premio Especial en el Festival de Cine de Alicante el pasado mayo, nos permitir\u00e1 conocer c\u00f3mo conviven en este paraje \u00fanico lo paradisiaco con la preocupaci\u00f3n por el deterioro de su fr\u00e1gil ecosistema.<\/p>\n<p><img decoding=\"async\" src=\"https:\/\/www.europesays.com\/es\/wp-content\/uploads\/2025\/09\/1e0f66a1-e15c-4510-bd49-437a0d3e6a48_alta-libre-aspect-ratio_default_0.jpg\" width=\"1200\" height=\"675\" alt=\"La pel\u00edcula ha sido producida por Lanube Pel\u00edculas (Jos\u00e9 Carmona y Ana Figueroa)\" class=\"ft-helper-img-rd\" loading=\"lazy\" hasdataaida=\"true\"\/><\/p>\n<p class=\"ft-helper-fontColor-quaternary ft-helper-fontSize-body-S ft-helper-spacer-t-xxs\">La pel\u00edcula ha sido producida por Lanube Pel\u00edculas (Jos\u00e9 Carmona y Ana Figueroa)  \/ La Opini\u00f3n<\/p>\n<p class=\"ft-text\">Las entradas para disfrutar de esta pel\u00edcula documental ya est\u00e1n a la venta en el siguiente enlace: <a href=\"https:\/\/www.neocine.es\/a\/4623\/mar-menor--mal-mayor\" class=\"ft-link ft-link--decoration\" rel=\"nofollow noopener\" target=\"_blank\"><strong>https:\/\/www.neocine.es\/a\/4623\/mar-menor&#8211;mal-mayor<\/strong><\/a><strong>.<\/strong><\/p>\n<p>Fechas y horarios para la primera semana de proyecci\u00f3n<\/p>\n<ul class=\"ft-list ft-list--primary\">\n<li class=\"ft-list__item\">Lunes, 22 de septiembre \u2013 20:00<\/li>\n<li class=\"ft-list__item\">Martes, 23 de septiembre \u2013 17:45<\/li>\n<li class=\"ft-list__item\">Jueves, 25 de septiembre \u2013 20:00<\/li>\n<li class=\"ft-list__item\">Viernes, 26 de septiembre \u2013 17:45<\/li>\n<li class=\"ft-list__item\">S\u00e1bado, 27 de septiembre \u2013 20:00<\/li>\n<\/ul>\n<p class=\"ft-text ft-helper-align-justify\">Partiendo de un punto de vista cient\u00edfico, pero accesible y entretenido, &#8216;Mar Menor, mal mayor&#8217; pone el foco en los m\u00faltiples factores que han ocasionado los problemas medioambientales en la laguna y muestra, con total crudeza, las consecuencias sociales, econ\u00f3micas y emocionales que est\u00e1n generando. Para ello, Velasco construye un relato a trav\u00e9s de la voz de expertos, cient\u00edficos y residentes locales que luchan por salvar el Mar Menor.<\/p>\n<p><img decoding=\"async\" src=\"https:\/\/www.europesays.com\/es\/wp-content\/uploads\/2025\/09\/a130cc8d-de9f-4b34-9a5a-7b22cbd4f702_alta-libre-aspect-ratio_default_0.jpg\" width=\"1200\" height=\"675\" alt=\"La obra est\u00e1 dirigida por Carlos Velasco y ha sido galardonada con el Premio Especial en el Festival de Cine de Alicante\" class=\"ft-helper-img-rd\" loading=\"lazy\" hasdataaida=\"true\"\/><\/p>\n<p class=\"ft-helper-fontColor-quaternary ft-helper-fontSize-body-S ft-helper-spacer-t-xxs\">La obra est\u00e1 dirigida por Carlos Velasco y ha sido galardonada con el Premio Especial en el Festival de Cine de Alicante  \/ La Opini\u00f3n<\/p>\n<p class=\"ft-text ft-helper-align-justify\">Sus testimonios, cargados de vivencias y de amor por su tierra, permiten a los espectadores conocer la actual situaci\u00f3n de la laguna y les hace participes de su futuro m\u00e1s pr\u00f3ximo, reforzando la responsabilidad y el compromiso de todos con el medio ambiente. \u201cEl p\u00fablico que vaya a los cines a ver &#8216;Mar Menor, mal mayor&#8217; participar\u00e1 de un viaje lleno de emociones, a veces triste, pero siempre constructivo, sin acusaciones y sin soluciones r\u00e1pidas\u201d, afirma el director del documental.<\/p>\n<p class=\"ft-text ft-helper-align-justify\">Velasco, con 20 a\u00f1os de experiencia a sus espaldas en el mundo audiovisual, cuenta con obras que han sido seleccionadas en varios festivales internacionales de renombre como el Aesthetica Short Film Festival de York o el Barcelona Fashion Film Festival, entre otros.<\/p>\n<p><img decoding=\"async\" src=\"https:\/\/www.europesays.com\/es\/wp-content\/uploads\/2025\/09\/3ceee53c-3522-42d3-99a7-ae70e8bea771_alta-libre-aspect-ratio_default_0.jpg\" width=\"1200\" height=\"1714\" alt=\"Mar Menor, mal mayor\" class=\"ft-helper-img-rd\" loading=\"lazy\" hasdataaida=\"true\"\/><\/p>\n<p class=\"ft-helper-fontColor-quaternary ft-helper-fontSize-body-S ft-helper-spacer-t-xxs\">Mar Menor, mal mayor  \/ La Opini\u00f3n<\/p>\n<p class=\"ft-text ft-helper-align-justify\">La pel\u00edcula ha sido producida por Lanube Pel\u00edculas \u2014<strong>Jos\u00e9 Carmona<\/strong> y <strong>Ana Figueroa<\/strong>\u2014productores de, entre otras, de Elisa y Marcela, de <strong>Isabel Coixet<\/strong>, Tiempo despu\u00e9s, de <strong>Jose Luis Cuerda,<\/strong> o Bajo el mismo techo, de <strong>Juana Mac\u00edas<\/strong>.<\/p>\n<p class=\"ft-text ft-helper-align-justify\">La banda sonora ha sido compuesta por <strong>Willy S\u00e1nchez de Cos<\/strong>, mientras que en la narraci\u00f3n participa la joven actriz <strong>Hada Nieto<\/strong>, que recientemente ha participado en la serie The Walking Dead: Daryl Dixon &#8211; The book of Carol. <\/p>\n<p>Tr\u00e1iler de &#8216;Mar Menor, mal mayor&#8217;<\/p>\n","protected":false},"excerpt":{"rendered":"La pel\u00edcula documental &#8216;Mar Menor, mal mayor&#8217;, un viaje emocional a trav\u00e9s de la historia de la mayor&hellip;\n","protected":false},"author":2,"featured_media":125210,"comment_status":"","ping_status":"","sticky":false,"template":"","format":"standard","meta":{"footnotes":""},"categories":[169],"tags":[40844,177,6084,146,147,25,24,176,4627,195,33862,31,2126,175,23],"class_list":{"0":"post-125209","1":"post","2":"type-post","3":"status-publish","4":"format-standard","5":"has-post-thumbnail","7":"category-cine","8":"tag-centrofama","9":"tag-cine","10":"tag-documental","11":"tag-entertainment","12":"tag-entretenimiento","13":"tag-es","14":"tag-espana","15":"tag-film","16":"tag-mal","17":"tag-mar","18":"tag-mar-menor","19":"tag-mayor","20":"tag-menor","21":"tag-movies","22":"tag-spain"},"share_on_mastodon":{"url":"","error":""},"_links":{"self":[{"href":"https:\/\/www.europesays.com\/es\/wp-json\/wp\/v2\/posts\/125209","targetHints":{"allow":["GET"]}}],"collection":[{"href":"https:\/\/www.europesays.com\/es\/wp-json\/wp\/v2\/posts"}],"about":[{"href":"https:\/\/www.europesays.com\/es\/wp-json\/wp\/v2\/types\/post"}],"author":[{"embeddable":true,"href":"https:\/\/www.europesays.com\/es\/wp-json\/wp\/v2\/users\/2"}],"replies":[{"embeddable":true,"href":"https:\/\/www.europesays.com\/es\/wp-json\/wp\/v2\/comments?post=125209"}],"version-history":[{"count":0,"href":"https:\/\/www.europesays.com\/es\/wp-json\/wp\/v2\/posts\/125209\/revisions"}],"wp:featuredmedia":[{"embeddable":true,"href":"https:\/\/www.europesays.com\/es\/wp-json\/wp\/v2\/media\/125210"}],"wp:attachment":[{"href":"https:\/\/www.europesays.com\/es\/wp-json\/wp\/v2\/media?parent=125209"}],"wp:term":[{"taxonomy":"category","embeddable":true,"href":"https:\/\/www.europesays.com\/es\/wp-json\/wp\/v2\/categories?post=125209"},{"taxonomy":"post_tag","embeddable":true,"href":"https:\/\/www.europesays.com\/es\/wp-json\/wp\/v2\/tags?post=125209"}],"curies":[{"name":"wp","href":"https:\/\/api.w.org\/{rel}","templated":true}]}}