{"id":125223,"date":"2025-09-19T13:04:08","date_gmt":"2025-09-19T13:04:08","guid":{"rendered":"https:\/\/www.europesays.com\/es\/125223\/"},"modified":"2025-09-19T13:04:08","modified_gmt":"2025-09-19T13:04:08","slug":"diaz-ayuso-las-universidades-madrilenas-son-uno-de-los-mejores-escaparates-de-la-region-y-magnificas-embajadoras-en-el-mundo","status":"publish","type":"post","link":"https:\/\/www.europesays.com\/es\/125223\/","title":{"rendered":"D\u00edaz Ayuso: \u201cLas universidades madrile\u00f1as son uno de los mejores escaparates de la regi\u00f3n y magn\u00edficas embajadoras en el mundo\u201d"},"content":{"rendered":"<p>D\u00edaz Ayuso ha destacado la importancia de la colaboraci\u00f3n p\u00fablico-privada y la necesidad de que la universidad tenga una estrecha colaboraci\u00f3n con las empresas. Muestra de ello es el anuncio en el reciente Debate del Estado de la Regi\u00f3n de la creaci\u00f3n de un nuevo campus de la Polit\u00e9cnica enfocado en la Ingenier\u00eda, la Tecnolog\u00eda, las Ciencias y las Matem\u00e1ticas, que se va a construir en San Sebasti\u00e1n de los Reyes, una zona que destaca por la gran cantidad de compa\u00f1\u00edas de estos sectores. \u00a0<\/p>\n<p>Adem\u00e1s, ha se\u00f1alado que su la Comunidad de Madrid contin\u00faa trabajando en el texto definitivo de la nueva Ley de Ense\u00f1anzas Superiores, Universidades y Ciencia (LESUC), con la participaci\u00f3n \u201cde toda la comunidad universitaria\u201d y que pondr\u00e1 las bases para ahondar en este tipo de colaboraciones. En este sentido, ha resaltado su papel de \u201ctender los necesarios puentes\u201d con la Formaci\u00f3n Profesional, que en su opini\u00f3n es un \u201ccamino de ida y vuelta, adem\u00e1s de una magn\u00edfica herramienta para el empleo\u00bb.<\/p>\n<p><strong>Aumento inversi\u00f3n de un 4,25% <\/strong><\/p>\n<p>Para contribuir a la mejora del sistema universitario madrile\u00f1o, D\u00edaz Ayuso ha recordado que el Ejecutivo regional ha aumentado en 2025 la inversi\u00f3n un 4,25% hasta alcanzar los 1.164 millones de euros. Asimismo, este a\u00f1o se ha aprobado la mayor oferta de empleo p\u00fablico con 1.328 nuevos docentes, investigadores y personal de administraci\u00f3n y servicios, y se han destinado un total de 15 millones de euros a becas para que \u201cning\u00fan alumno con aptitudes deje de hacerlo por dificultades econ\u00f3micas\u201d. \u00a0<\/p>\n<p>Asimismo, tal y como ha subrayado la presidenta, contin\u00faa la apuesta por la atracci\u00f3n del talento a trav\u00e9s de las ayudas para contratar investigadores Gabriela Morreale, la convocatoria C\u00e9sar Nombela y el nuevo programa Am\u00e9rico Castro, que permite financiar la contrataci\u00f3n de profesores visitantes, especialmente hispanoamericanos. \u00a0330.000<\/p>\n<p><strong>Aalumnos en 19 centros, el 22,4% de toda Espa\u00f1a<\/strong><\/p>\n<p>Cerca de 330.000 alumnos empiezan estos d\u00edas sus estudios en los 19 centros p\u00fablicos y privados que conforman el sistema universitario madrile\u00f1o. El 22,4% de los alumnos de toda Espa\u00f1a lo hacen en la Comunidad de Madrid, la mayor concentraci\u00f3n de escolares de ense\u00f1anzas superiores de todo el pa\u00eds y una de las mayores de Europa.\u00a0<\/p>\n","protected":false},"excerpt":{"rendered":"D\u00edaz Ayuso ha destacado la importancia de la colaboraci\u00f3n p\u00fablico-privada y la necesidad de que la universidad tenga&hellip;\n","protected":false},"author":2,"featured_media":125224,"comment_status":"","ping_status":"","sticky":false,"template":"","format":"standard","meta":{"footnotes":""},"categories":[8],"tags":[17,18,25,24,13,14,11,19,20,9,10,15,16,23,12,21,22],"class_list":{"0":"post-125223","1":"post","2":"type-post","3":"status-publish","4":"format-standard","5":"has-post-thumbnail","7":"category-espana","8":"tag-breaking-news","9":"tag-breakingnews","10":"tag-es","11":"tag-espana","12":"tag-featured-news","13":"tag-featurednews","14":"tag-headlines","15":"tag-latest-news","16":"tag-latestnews","17":"tag-news","18":"tag-noticias","19":"tag-noticias-destacadas","20":"tag-noticiasdestacadas","21":"tag-spain","22":"tag-titulares","23":"tag-ultimas-noticias","24":"tag-ultimasnoticias"},"share_on_mastodon":{"url":"","error":""},"_links":{"self":[{"href":"https:\/\/www.europesays.com\/es\/wp-json\/wp\/v2\/posts\/125223","targetHints":{"allow":["GET"]}}],"collection":[{"href":"https:\/\/www.europesays.com\/es\/wp-json\/wp\/v2\/posts"}],"about":[{"href":"https:\/\/www.europesays.com\/es\/wp-json\/wp\/v2\/types\/post"}],"author":[{"embeddable":true,"href":"https:\/\/www.europesays.com\/es\/wp-json\/wp\/v2\/users\/2"}],"replies":[{"embeddable":true,"href":"https:\/\/www.europesays.com\/es\/wp-json\/wp\/v2\/comments?post=125223"}],"version-history":[{"count":0,"href":"https:\/\/www.europesays.com\/es\/wp-json\/wp\/v2\/posts\/125223\/revisions"}],"wp:featuredmedia":[{"embeddable":true,"href":"https:\/\/www.europesays.com\/es\/wp-json\/wp\/v2\/media\/125224"}],"wp:attachment":[{"href":"https:\/\/www.europesays.com\/es\/wp-json\/wp\/v2\/media?parent=125223"}],"wp:term":[{"taxonomy":"category","embeddable":true,"href":"https:\/\/www.europesays.com\/es\/wp-json\/wp\/v2\/categories?post=125223"},{"taxonomy":"post_tag","embeddable":true,"href":"https:\/\/www.europesays.com\/es\/wp-json\/wp\/v2\/tags?post=125223"}],"curies":[{"name":"wp","href":"https:\/\/api.w.org\/{rel}","templated":true}]}}