{"id":125225,"date":"2025-09-19T13:05:14","date_gmt":"2025-09-19T13:05:14","guid":{"rendered":"https:\/\/www.europesays.com\/es\/125225\/"},"modified":"2025-09-19T13:05:14","modified_gmt":"2025-09-19T13:05:14","slug":"encuentro-mujer-formacion-y-empleo","status":"publish","type":"post","link":"https:\/\/www.europesays.com\/es\/125225\/","title":{"rendered":"Encuentro \u00abMujer, Formaci\u00f3n y Empleo\u00bb"},"content":{"rendered":"<p style=\"text-align: justify;\">El\u00a0<strong>Ayuntamiento de Dos Hermanas<\/strong>, a trav\u00e9s de la Delegaci\u00f3n de\u00a0<strong>Promoci\u00f3n Econ\u00f3mica e Innovaci\u00f3n<\/strong>\u00a0y en colaboraci\u00f3n con la Delegaci\u00f3n de\u00a0<strong>Igualdad<\/strong>, organiza el pr\u00f3ximo\u00a0<strong>16 de octubre<\/strong>\u00a0el\u00a0<strong>Encuentro: Mujer, Formaci\u00f3n y Empleo<\/strong>, una jornada que reunir\u00e1 a expertas, profesionales y agentes sociales para reflexionar sobre los retos y oportunidades de las mujeres en el \u00e1mbito laboral y formativo.<\/p>\n<p style=\"text-align: justify;\">El evento, que tendr\u00e1 lugar en el\u00a0<strong>Parque de I+D Dehesa de Valme<\/strong>, se enmarca dentro del\u00a0<strong>programa ClaveDH<\/strong>, una iniciativa impulsada por la Delegaci\u00f3n de Promoci\u00f3n Econ\u00f3mica e Innovaci\u00f3n del Ayuntamiento de Dos Hermanas, con la cofinanciaci\u00f3n del\u00a0<strong>Fondo Social Europeo+ a trav\u00e9s del programa \u00c9FESO<\/strong>, que promueve la capacitaci\u00f3n y la empleabilidad con perspectiva de g\u00e9nero, apostando por la innovaci\u00f3n y la igualdad de oportunidades en el mercado de trabajo.<\/p>\n<p style=\"text-align: justify;\">Este encuentro nace con el objetivo de generar un espacio de debate y aprendizaje colectivo que impulse la empleabilidad de las mujeres, fomente el liderazgo femenino y promueva empresas m\u00e1s conscientes y comprometidas con la igualdad. La reflexi\u00f3n sobre c\u00f3mo la digitalizaci\u00f3n, la innovaci\u00f3n y la perspectiva feminista transforman el mercado laboral ser\u00e1 clave en esta cita.<\/p>\n<p style=\"text-align: justify;\">La participaci\u00f3n en el\u00a0<a href=\"https:\/\/drive.google.com\/file\/d\/1hAp9zDKgALPUHBEVEPSjQiLxpP34guFa\/view\" target=\"_blank\" rel=\"noopener noreferrer nofollow\"><strong>Encuentro: Mujer, Formaci\u00f3n y Empleo<\/strong><\/a>\u00a0es\u00a0<strong>gratuita<\/strong>. Las\u00a0<strong>plazas son limitadas<\/strong>, siendo necesaria <a href=\"https:\/\/luma.com\/sls1z1ou\" target=\"_blank\" rel=\"noopener noreferrer nofollow\">inscripci\u00f3n<\/a> previa.<\/p>\n<p>\u00a0<\/p>\n","protected":false},"excerpt":{"rendered":"El\u00a0Ayuntamiento de Dos Hermanas, a trav\u00e9s de la Delegaci\u00f3n de\u00a0Promoci\u00f3n Econ\u00f3mica e Innovaci\u00f3n\u00a0y en colaboraci\u00f3n con la Delegaci\u00f3n&hellip;\n","protected":false},"author":2,"featured_media":125226,"comment_status":"","ping_status":"","sticky":false,"template":"","format":"standard","meta":{"footnotes":""},"categories":[5],"tags":[17,18,25,24,13,14,11,19,20,9,10,15,16,23,12,21,22],"class_list":{"0":"post-125225","1":"post","2":"type-post","3":"status-publish","4":"format-standard","5":"has-post-thumbnail","7":"category-titulares","8":"tag-breaking-news","9":"tag-breakingnews","10":"tag-es","11":"tag-espana","12":"tag-featured-news","13":"tag-featurednews","14":"tag-headlines","15":"tag-latest-news","16":"tag-latestnews","17":"tag-news","18":"tag-noticias","19":"tag-noticias-destacadas","20":"tag-noticiasdestacadas","21":"tag-spain","22":"tag-titulares","23":"tag-ultimas-noticias","24":"tag-ultimasnoticias"},"share_on_mastodon":{"url":"","error":""},"_links":{"self":[{"href":"https:\/\/www.europesays.com\/es\/wp-json\/wp\/v2\/posts\/125225","targetHints":{"allow":["GET"]}}],"collection":[{"href":"https:\/\/www.europesays.com\/es\/wp-json\/wp\/v2\/posts"}],"about":[{"href":"https:\/\/www.europesays.com\/es\/wp-json\/wp\/v2\/types\/post"}],"author":[{"embeddable":true,"href":"https:\/\/www.europesays.com\/es\/wp-json\/wp\/v2\/users\/2"}],"replies":[{"embeddable":true,"href":"https:\/\/www.europesays.com\/es\/wp-json\/wp\/v2\/comments?post=125225"}],"version-history":[{"count":0,"href":"https:\/\/www.europesays.com\/es\/wp-json\/wp\/v2\/posts\/125225\/revisions"}],"wp:featuredmedia":[{"embeddable":true,"href":"https:\/\/www.europesays.com\/es\/wp-json\/wp\/v2\/media\/125226"}],"wp:attachment":[{"href":"https:\/\/www.europesays.com\/es\/wp-json\/wp\/v2\/media?parent=125225"}],"wp:term":[{"taxonomy":"category","embeddable":true,"href":"https:\/\/www.europesays.com\/es\/wp-json\/wp\/v2\/categories?post=125225"},{"taxonomy":"post_tag","embeddable":true,"href":"https:\/\/www.europesays.com\/es\/wp-json\/wp\/v2\/tags?post=125225"}],"curies":[{"name":"wp","href":"https:\/\/api.w.org\/{rel}","templated":true}]}}