{"id":125227,"date":"2025-09-19T13:06:07","date_gmt":"2025-09-19T13:06:07","guid":{"rendered":"https:\/\/www.europesays.com\/es\/125227\/"},"modified":"2025-09-19T13:06:07","modified_gmt":"2025-09-19T13:06:07","slug":"el-c-d-balonmano-triana-pasa-a-denominarse-cajasol-sevilla-proin","status":"publish","type":"post","link":"https:\/\/www.europesays.com\/es\/125227\/","title":{"rendered":"El C.D. Balonmano Triana pasa a denominarse \u201cCajasol Sevilla Proin\u201d"},"content":{"rendered":"<p><b>Antonio Pulido<\/b>, presidente de la Fundaci\u00f3n Cajasol, y Andreu Candau, gerente del C.D. Balonmano Triana, han firmado un acuerdo de colaboraci\u00f3n por el que todos los equipos del club pasar\u00e1n a llamarse \u201cCajasol Sevilla Proin\u201d.<\/p>\n<p>Este convenio corrobora la apuesta decidida por parte de la Fundaci\u00f3n Cajasol a apoyar el deporte como herramienta de transformaci\u00f3n social, integraci\u00f3n y desarrollo, especialmente entre los m\u00e1s j\u00f3venes. El respaldo institucional refuerza el compromiso de la entidad con el talento local y con el impulso de iniciativas que contribuyan al progreso de la comunidad.<\/p>\n<p>La importancia de esta nueva alianza es clave para el futuro desarrollo profesional y competitivo del Club que refuerza su estructura y proyecci\u00f3n y que, adem\u00e1s, pasa a denominarse \u201cCajasol Sevilla Proin\u201d<\/p>\n","protected":false},"excerpt":{"rendered":"Antonio Pulido, presidente de la Fundaci\u00f3n Cajasol, y Andreu Candau, gerente del C.D. Balonmano Triana, han firmado un&hellip;\n","protected":false},"author":2,"featured_media":125228,"comment_status":"","ping_status":"","sticky":false,"template":"","format":"standard","meta":{"footnotes":""},"categories":[278],"tags":[376,168,25,24,375,23,167],"class_list":{"0":"post-125227","1":"post","2":"type-post","3":"status-publish","4":"format-standard","5":"has-post-thumbnail","7":"category-balonmano","8":"tag-balonmano","9":"tag-deportes","10":"tag-es","11":"tag-espana","12":"tag-handball","13":"tag-spain","14":"tag-sports"},"share_on_mastodon":{"url":"","error":""},"_links":{"self":[{"href":"https:\/\/www.europesays.com\/es\/wp-json\/wp\/v2\/posts\/125227","targetHints":{"allow":["GET"]}}],"collection":[{"href":"https:\/\/www.europesays.com\/es\/wp-json\/wp\/v2\/posts"}],"about":[{"href":"https:\/\/www.europesays.com\/es\/wp-json\/wp\/v2\/types\/post"}],"author":[{"embeddable":true,"href":"https:\/\/www.europesays.com\/es\/wp-json\/wp\/v2\/users\/2"}],"replies":[{"embeddable":true,"href":"https:\/\/www.europesays.com\/es\/wp-json\/wp\/v2\/comments?post=125227"}],"version-history":[{"count":0,"href":"https:\/\/www.europesays.com\/es\/wp-json\/wp\/v2\/posts\/125227\/revisions"}],"wp:featuredmedia":[{"embeddable":true,"href":"https:\/\/www.europesays.com\/es\/wp-json\/wp\/v2\/media\/125228"}],"wp:attachment":[{"href":"https:\/\/www.europesays.com\/es\/wp-json\/wp\/v2\/media?parent=125227"}],"wp:term":[{"taxonomy":"category","embeddable":true,"href":"https:\/\/www.europesays.com\/es\/wp-json\/wp\/v2\/categories?post=125227"},{"taxonomy":"post_tag","embeddable":true,"href":"https:\/\/www.europesays.com\/es\/wp-json\/wp\/v2\/tags?post=125227"}],"curies":[{"name":"wp","href":"https:\/\/api.w.org\/{rel}","templated":true}]}}