{"id":125229,"date":"2025-09-19T13:07:08","date_gmt":"2025-09-19T13:07:08","guid":{"rendered":"https:\/\/www.europesays.com\/es\/125229\/"},"modified":"2025-09-19T13:07:08","modified_gmt":"2025-09-19T13:07:08","slug":"encierros-y-corridas-con-guadalajara-como-epicentro","status":"publish","type":"post","link":"https:\/\/www.europesays.com\/es\/125229\/","title":{"rendered":"encierros y corridas con Guadalajara como epicentro"},"content":{"rendered":"<p>Guadalajara se convierte en el gran epicentro taurino televisado en el tramo final de septiembre. Encierros matinales y carteles de figuras ocupar\u00e1n gran parte de la parrilla de <a title=\"Castilla-La Mancha Media\" href=\"https:\/\/www.larazon.es\/cultura\/toros\/castillala-mancha-epicentro-toreo-television_20250507681b224d319ae75da4c41e3a.html\" target=\"_blank\" rel=\"nofollow noopener\">Castilla-La Mancha Media<\/a> y <a title=\"OneToro TV\" href=\"https:\/\/www.larazon.es\/cultura\/toros\/onetoro-suma-docena-festejos-septiembre_2025082768aec216fb354e4b3d21613c.html\" target=\"_blank\" rel=\"nofollow noopener\">OneToro TV<\/a>, mientras otras auton\u00f3micas como <a title=\"Telemadrid\" href=\"https:\/\/www.larazon.es\/tags\/telemadrid\/\" target=\"_blank\" rel=\"nofollow noopener\">Telemadrid<\/a>, <a title=\"Canal Extremadura\" href=\"https:\/\/www.larazon.es\/cultura\/toros\/canal-extremadura-apuesta-futuro-toreo-dos-retransmisiones_20250804689084ad9db33905c4e2a703.html\" target=\"_blank\" rel=\"nofollow noopener\">Canal Extremadura<\/a>, <a title=\"Canal Sur\" href=\"https:\/\/www.larazon.es\/tags\/canal-sur\/\" target=\"_blank\" rel=\"nofollow noopener\">Canal Sur<\/a> o <a title=\"\u00c0 Punt\" href=\"https:\/\/www.larazon.es\/comunidad-valenciana\/punt-retransmite-primera-vez-circuito-valenciano-novilladas_20250722687fb18df4ec026a96b72ca8.html\" target=\"_blank\" rel=\"nofollow noopener\">\u00c0 Punt<\/a> completan una intensa agenda que une tradici\u00f3n, proyecci\u00f3n y diversidad de encastes.<\/p>\n<p>La Feria de La Antigua en Guadalajara centra la atenci\u00f3n con hasta tres grandes carteles en directo: un mano a mano entre Gin\u00e9s Mar\u00edn y V\u00edctor Hern\u00e1ndez, una corrida de figuras con Perera, Luque y Adri\u00e1n, y un festejo de cierre con <b>Castella, Aguado y Tom\u00e1s Rufo<\/b>. A su vez, Talavera vivir\u00e1 una cita singular con<b> Morenito de Aranda en solitario ante toros de Pe\u00f1ajara.<\/b><\/p>\n<p>Por su parte,<b> Riaza, Algemes\u00ed, Olivenza y Arroyomolinos de Le\u00f3n <\/b>ofrecen otras citas destacadas en el circuito de novilladas y clases pr\u00e1cticas, con el seguimiento habitual de <a title=\"Telemadrid\" href=\"https:\/\/www.larazon.es\/tags\/telemadrid\/\" target=\"_blank\" rel=\"nofollow noopener\">Telemadrid<\/a>, \u00c0 Punt, <a title=\"Canal Extremadura\" href=\"https:\/\/www.larazon.es\/cultura\/toros\/canal-extremadura-apuesta-futuro-toreo-dos-retransmisiones_20250804689084ad9db33905c4e2a703.html\" target=\"_blank\" rel=\"nofollow noopener\">Canal Extremadura<\/a> y <a title=\"Canal Sur\" href=\"https:\/\/www.larazon.es\/tags\/canal-sur\/\" target=\"_blank\" rel=\"nofollow noopener\">Canal Sur<\/a>.<\/p>\n<p>Programaci\u00f3n taurina del 19 al 28 de septiembre de 2025 en televisi\u00f3n:<\/p>\n<p><strong data-start=\"1631\" data-end=\"1659\">Viernes 19 de septiembre<\/strong><\/p>\n<ul>\n<li><b>07:45 h \u2013 Castilla-La Mancha Media.<\/b> Guadalajara, Encierro.<\/li>\n<li><b>18:00 h \u2013 OneToro TV.<\/b> Guadalajara, Feria de La Antigua. Toros de Jos\u00e9 V\u00e1zquez para <b>Gin\u00e9s Mar\u00edn y V\u00edctor Hern\u00e1ndez (mano a mano).<\/b><\/li>\n<\/ul>\n<p><strong data-start=\"1861\" data-end=\"1888\">S\u00e1bado 20 de septiembre<\/strong><\/p>\n<ul>\n<li><b>07:45 h \u2013 Castilla-La Mancha Media.<\/b> Guadalajara, Encierro.<\/li>\n<li><b>17:30 h \u2013 Castilla-La Mancha Media.<\/b> Talavera de la Reina (Toledo). Toros de Pe\u00f1ajara para <b>Morenito de Aranda (en solitario).<\/b><\/li>\n<li><b>17:30 h \u2013 Telemadrid. <\/b>Riaza (Segovia). Toros del Conde de la Corte y Raso de Portillo para <b>Dami\u00e1n Casta\u00f1o, G\u00f3mez del Pilar y Juan de Castilla.<\/b><\/li>\n<li><b>17:30 h \u2013 Canal Extremadura.<\/b> Olivenza (Badajoz), Final del XIII Ciclo de Clases Pr\u00e1cticas Trofeo Diputaci\u00f3n de Badajoz. <b>Novillos de Jandilla para los tres novilleros finalistas.<\/b><\/li>\n<li><b>18:00 h \u2013 OneToro TV.<\/b> Guadalajara, Feria de La Antigua. Toros de Alcurruc\u00e9n para<b> Miguel \u00c1ngel Perera, Daniel Luque y Fernando Adri\u00e1n.<\/b><\/li>\n<li><b>18:00 h \u2013 \u00c0 Punt. <\/b>Algemes\u00ed (Valencia), Semifinal del Circuito de Novilladas de la Comunidad Valenciana. Novillos de Osborne para<b> Santiago Espl\u00e1, Nacho Torrej\u00f3n y Mario Vilau.<\/b><\/li>\n<li><b>18:00 h \u2013 Canal Sur. <\/b>Arroyomolinos de Le\u00f3n (Huelva) \u2013 Fomento de la Cultura Taurina en Andaluc\u00eda. Novillada de Triunfadores.<b> Novillos de Toros de El Torero. Cartel por definir.<\/b><\/li>\n<\/ul>\n<p><strong data-start=\"2931\" data-end=\"2959\">Domingo 21 de septiembre<\/strong><\/p>\n<ul>\n<li><b>07:45 h \u2013 Castilla-La Mancha Media. <\/b>Guadalajara, Encierro.<\/li>\n<li><b>18:00 h \u2013 Castilla-La Mancha Media \/ OneToro TV. <\/b>Guadalajara, Feria de La Antigua. Toros de Zalduendo para <b>Sebasti\u00e1n Castella, Pablo Aguado y Tom\u00e1s Rufo.<\/b><\/li>\n<\/ul>\n","protected":false},"excerpt":{"rendered":"Guadalajara se convierte en el gran epicentro taurino televisado en el tramo final de septiembre. Encierros matinales y&hellip;\n","protected":false},"author":2,"featured_media":116811,"comment_status":"","ping_status":"","sticky":false,"template":"","format":"standard","meta":{"footnotes":""},"categories":[277],"tags":[373,168,25,24,23,167,374],"class_list":{"0":"post-125229","1":"post","2":"type-post","3":"status-publish","4":"format-standard","5":"has-post-thumbnail","7":"category-toreo","8":"tag-bullfighting","9":"tag-deportes","10":"tag-es","11":"tag-espana","12":"tag-spain","13":"tag-sports","14":"tag-toreo"},"share_on_mastodon":{"url":"","error":""},"_links":{"self":[{"href":"https:\/\/www.europesays.com\/es\/wp-json\/wp\/v2\/posts\/125229","targetHints":{"allow":["GET"]}}],"collection":[{"href":"https:\/\/www.europesays.com\/es\/wp-json\/wp\/v2\/posts"}],"about":[{"href":"https:\/\/www.europesays.com\/es\/wp-json\/wp\/v2\/types\/post"}],"author":[{"embeddable":true,"href":"https:\/\/www.europesays.com\/es\/wp-json\/wp\/v2\/users\/2"}],"replies":[{"embeddable":true,"href":"https:\/\/www.europesays.com\/es\/wp-json\/wp\/v2\/comments?post=125229"}],"version-history":[{"count":0,"href":"https:\/\/www.europesays.com\/es\/wp-json\/wp\/v2\/posts\/125229\/revisions"}],"wp:featuredmedia":[{"embeddable":true,"href":"https:\/\/www.europesays.com\/es\/wp-json\/wp\/v2\/media\/116811"}],"wp:attachment":[{"href":"https:\/\/www.europesays.com\/es\/wp-json\/wp\/v2\/media?parent=125229"}],"wp:term":[{"taxonomy":"category","embeddable":true,"href":"https:\/\/www.europesays.com\/es\/wp-json\/wp\/v2\/categories?post=125229"},{"taxonomy":"post_tag","embeddable":true,"href":"https:\/\/www.europesays.com\/es\/wp-json\/wp\/v2\/tags?post=125229"}],"curies":[{"name":"wp","href":"https:\/\/api.w.org\/{rel}","templated":true}]}}