{"id":125238,"date":"2025-09-19T13:14:14","date_gmt":"2025-09-19T13:14:14","guid":{"rendered":"https:\/\/www.europesays.com\/es\/125238\/"},"modified":"2025-09-19T13:14:14","modified_gmt":"2025-09-19T13:14:14","slug":"el-vestuario-del-uae-habla-claro-tras-la-salida-de-ayuso","status":"publish","type":"post","link":"https:\/\/www.europesays.com\/es\/125238\/","title":{"rendered":"el vestuario del UAE habla claro tras la salida de Ayuso"},"content":{"rendered":"<p data-mrf-recirculation=\"Links P\u00e1rrafos\" class=\"ue-c-article__paragraph paragraph ue-c-article--first-letter-highlighted\">La salida de Juan Ayuso del UAE Team Emirates sigue dando que hablar dentro del pelot\u00f3n. Dos de sus compa\u00f1eros m\u00e1s cercanos en el equipo, Rafal Majka y Joao Almeida, han dejado opiniones sobre el futuro del joven espa\u00f1ol, que abandonar\u00e1 la escuadra a final de temporada.<\/p>\n<p>El mejor equipo del mundo y c\u00f3mo tener a todos contentos<\/p>\n<p data-mrf-recirculation=\"Links P\u00e1rrafos\" class=\"ue-c-article__paragraph paragraph\">En declaraciones a Bici.Pro, el veterano <strong>Rafal Majka, <\/strong>que colgar\u00e1 la bicicleta a finales de 2025, fue claro con el mensaje hacia Ayuso: \u201c<strong>Debe darlo todo y entrenar al 100%<\/strong>\u201d. El polaco no dud\u00f3 en se\u00f1alar que el talento del alicantino le permitir\u00e1 <strong>\u00abtriunfar en cualquier equipo\u00bb<\/strong>, siempre que se exija al m\u00e1ximo.<\/p>\n<p data-mrf-recirculation=\"Links P\u00e1rrafos\" class=\"ue-c-article__paragraph paragraph\">\u201cConf\u00edo en que Ayuso pueda <strong>alcanzar grandes objetivos<\/strong>, pero tiene que ir con todo\u201d, insisti\u00f3 Majka, que se despide del ciclismo con la tranquilidad de haber acompa\u00f1ado a varias generaciones de estrellas.<\/p>\n<p data-mrf-recirculation=\"Links P\u00e1rrafos\" class=\"ue-c-article__paragraph paragraph\">En paralelo, <strong>Joao Almeida<\/strong> tambi\u00e9n se pronunci\u00f3 sobre la marcha de Ayuso en declaraciones a R\u00e1dio Observador. El portugu\u00e9s, que comparti\u00f3 liderato con el espa\u00f1ol en varias carreras, explic\u00f3 que la decisi\u00f3n de Ayuso<strong> se conoc\u00eda en el equipo antes de La Vuelta y la entendi\u00f3 como un paso l\u00f3gico.<\/strong><\/p>\n<p data-mrf-recirculation=\"Links P\u00e1rrafos\" class=\"ue-c-article__paragraph paragraph\">\u201c<strong>No s\u00e9 por qu\u00e9 se anunci\u00f3 en medio de LaVuelta. Creo que \u00e9l quer\u00eda m\u00e1s oportunidades. <\/strong>En un equipo con Pogacar <strong>no es f\u00e1cil contentar a todos\u201d,<\/strong> confes\u00f3 Almeida, subrayando la dificultad de brillar bajo la sombra del esloveno, al que defini\u00f3 como \u201cel mejor de la historia\u201d.<\/p>\n","protected":false},"excerpt":{"rendered":"La salida de Juan Ayuso del UAE Team Emirates sigue dando que hablar dentro del pelot\u00f3n. Dos de&hellip;\n","protected":false},"author":2,"featured_media":125239,"comment_status":"","ping_status":"","sticky":false,"template":"","format":"standard","meta":{"footnotes":""},"categories":[268],"tags":[168,25,24,280,282,281,23,167],"class_list":{"0":"post-125238","1":"post","2":"type-post","3":"status-publish","4":"format-standard","5":"has-post-thumbnail","7":"category-futbol","8":"tag-deportes","9":"tag-es","10":"tag-espana","11":"tag-football","12":"tag-futbol","13":"tag-soccer","14":"tag-spain","15":"tag-sports"},"share_on_mastodon":{"url":"","error":""},"_links":{"self":[{"href":"https:\/\/www.europesays.com\/es\/wp-json\/wp\/v2\/posts\/125238","targetHints":{"allow":["GET"]}}],"collection":[{"href":"https:\/\/www.europesays.com\/es\/wp-json\/wp\/v2\/posts"}],"about":[{"href":"https:\/\/www.europesays.com\/es\/wp-json\/wp\/v2\/types\/post"}],"author":[{"embeddable":true,"href":"https:\/\/www.europesays.com\/es\/wp-json\/wp\/v2\/users\/2"}],"replies":[{"embeddable":true,"href":"https:\/\/www.europesays.com\/es\/wp-json\/wp\/v2\/comments?post=125238"}],"version-history":[{"count":0,"href":"https:\/\/www.europesays.com\/es\/wp-json\/wp\/v2\/posts\/125238\/revisions"}],"wp:featuredmedia":[{"embeddable":true,"href":"https:\/\/www.europesays.com\/es\/wp-json\/wp\/v2\/media\/125239"}],"wp:attachment":[{"href":"https:\/\/www.europesays.com\/es\/wp-json\/wp\/v2\/media?parent=125238"}],"wp:term":[{"taxonomy":"category","embeddable":true,"href":"https:\/\/www.europesays.com\/es\/wp-json\/wp\/v2\/categories?post=125238"},{"taxonomy":"post_tag","embeddable":true,"href":"https:\/\/www.europesays.com\/es\/wp-json\/wp\/v2\/tags?post=125238"}],"curies":[{"name":"wp","href":"https:\/\/api.w.org\/{rel}","templated":true}]}}