{"id":125242,"date":"2025-09-19T13:16:21","date_gmt":"2025-09-19T13:16:21","guid":{"rendered":"https:\/\/www.europesays.com\/es\/125242\/"},"modified":"2025-09-19T13:16:21","modified_gmt":"2025-09-19T13:16:21","slug":"casa-batten-ben-walker-architects","status":"publish","type":"post","link":"https:\/\/www.europesays.com\/es\/125242\/","title":{"rendered":"Casa Batten \/ Ben Walker Architects"},"content":{"rendered":"<p><a class=\"js-image-size__link \" href=\"https:\/\/www.archdaily.cl\/cl\/1034060\/casa-batten-ben-walker-architects\/68b9c71f3dba9b0001d5c88c-batten-house-ben-walker-architects-photo\" rel=\"attachment nofollow noopener\" style=\"width: 100%; height: 100%;\" target=\"_blank\"><img decoding=\"async\" alt=\"Casa Batten \/ Ben Walker Architects - Fotograf\u00eda exterior, Madera, Puerta, Patio interior\" data-nr-picture-id=\"68b9c71f3dba9b0001d5c88c\" fetchpriority=\"high\" height=\"426\" itemprop=\"image\" loading=\"eager\" longdesc=\"https:\/\/www.archdaily.cl\/cl\/1034060\/casa-batten-ben-walker-architects\/68b9c71f3dba9b0001d5c88c-batten-house-ben-walker-architects-photo\" src=\"https:\/\/www.europesays.com\/es\/wp-content\/uploads\/2025\/09\/37b.jpg\" style=\"min-height: var(--featured-height, auto); aspect-ratio: auto 640 \/ 426\" width=\"640\"\/><\/a>\u00a9 Ben Guthrie<\/p>\n<p class=\"thumbs afd-desktop-e clearfix\"><a class=\"thumbs__link\" data-nr-picture-id=\"68b9c71e3dba9b0001d5c87d\" href=\"https:\/\/www.archdaily.cl\/cl\/1034060\/casa-batten-ben-walker-architects\/68b9c71e3dba9b0001d5c87d-batten-house-ben-walker-architects-photo\" rel=\"attachment nofollow noopener\" target=\"_blank\"><img loading=\"lazy\" decoding=\"async\" alt=\"Casa Batten \/ Ben Walker Architects - Fotograf\u00eda interior, Madera, Puerta, Terraza, Patio\" class=\"thumbs__img b-lazy\" data-nr-picture-id=\"68b9c71e3dba9b0001d5c87d\" data-pin-nopin=\"true\" src=\"https:\/\/www.europesays.com\/es\/wp-content\/uploads\/2025\/09\/1758287773_575_12.jpg\" height=\"125\" longdesc=\"https:\/\/www.archdaily.cl\/cl\/1034060\/casa-batten-ben-walker-architects\/68b9c71e3dba9b0001d5c87d-batten-house-ben-walker-architects-photo\" title=\"\u00a9 Ben Guthrie\" width=\"125\"\/><\/a><a class=\"thumbs__link\" data-nr-picture-id=\"68b9c71e3dba9b0001d5c881\" href=\"https:\/\/www.archdaily.cl\/cl\/1034060\/casa-batten-ben-walker-architects\/68b9c71e3dba9b0001d5c881-batten-house-ben-walker-architects-photo\" rel=\"attachment nofollow noopener\" target=\"_blank\"><img loading=\"lazy\" decoding=\"async\" alt=\"Casa Batten \/ Ben Walker Architects - Imagen 3 de 33\" class=\"thumbs__img b-lazy\" data-nr-picture-id=\"68b9c71e3dba9b0001d5c881\" data-pin-nopin=\"true\" src=\"https:\/\/www.europesays.com\/es\/wp-content\/uploads\/2025\/09\/17.jpg\" height=\"125\" longdesc=\"https:\/\/www.archdaily.cl\/cl\/1034060\/casa-batten-ben-walker-architects\/68b9c71e3dba9b0001d5c881-batten-house-ben-walker-architects-photo\" title=\"\u00a9 Ben Guthrie\" width=\"125\"\/><\/a><a class=\"thumbs__link\" data-nr-picture-id=\"68b9c71e3dba9b0001d5c87f\" href=\"https:\/\/www.archdaily.cl\/cl\/1034060\/casa-batten-ben-walker-architects\/68b9c71e3dba9b0001d5c87f-batten-house-ben-walker-architects-photo\" rel=\"attachment nofollow noopener\" target=\"_blank\"><img loading=\"lazy\" decoding=\"async\" alt=\"Casa Batten \/ Ben Walker Architects - Fotograf\u00eda interior, Madera, Ladrillo, Puerta\" class=\"thumbs__img b-lazy\" data-nr-picture-id=\"68b9c71e3dba9b0001d5c87f\" data-pin-nopin=\"true\" src=\"https:\/\/www.europesays.com\/es\/wp-content\/uploads\/2025\/09\/1758287774_342_15.jpg\" height=\"125\" longdesc=\"https:\/\/www.archdaily.cl\/cl\/1034060\/casa-batten-ben-walker-architects\/68b9c71e3dba9b0001d5c87f-batten-house-ben-walker-architects-photo\" title=\"\u00a9 Ben Guthrie\" width=\"125\"\/><\/a><a class=\"thumbs__link\" data-nr-picture-id=\"68b9c71f3dba9b0001d5c88d\" href=\"https:\/\/www.archdaily.cl\/cl\/1034060\/casa-batten-ben-walker-architects\/68b9c71f3dba9b0001d5c88d-batten-house-ben-walker-architects-photo\" rel=\"attachment nofollow noopener\" target=\"_blank\"><img loading=\"lazy\" decoding=\"async\" alt=\"Casa Batten \/ Ben Walker Architects - Fotograf\u00eda exterior, Madera, Terraza\" class=\"thumbs__img b-lazy\" data-nr-picture-id=\"68b9c71f3dba9b0001d5c88d\" data-pin-nopin=\"true\" src=\"https:\/\/www.europesays.com\/es\/wp-content\/uploads\/2025\/09\/38.jpg\" height=\"125\" longdesc=\"https:\/\/www.archdaily.cl\/cl\/1034060\/casa-batten-ben-walker-architects\/68b9c71f3dba9b0001d5c88d-batten-house-ben-walker-architects-photo\" title=\"\u00a9 Ben Guthrie\" width=\"125\"\/><\/a><a class=\"gallery-link afd-desktop-e\" href=\"https:\/\/www.archdaily.cl\/cl\/1034060\/casa-batten-ben-walker-architects\/68b9c71f3dba9b0001d5c88c-batten-house-ben-walker-architects-photo\" rel=\"nofollow noopener\" target=\"_blank\"><img decoding=\"async\" alt=\"Casa Batten \/ Ben Walker Architects - M\u00e1s Im\u00e1genes\" class=\"thumbs__img b-lazy\" src=\"https:\/\/www.europesays.com\/es\/wp-content\/uploads\/2025\/09\/37b.jpg\" itemprop=\"image\" bad-src=\"data:image\/gif;base64,R0lGODlhAQABAIAAAAUEBAAAACwAAAAAAQABAAACAkQBADs=\"\/>+ 28<\/a><\/p>\n<p>    Compartir<\/p>\n<p>Compartir<\/p>\n<ul class=\"afd-share__networks clearfix\">\n<li class=\"afd-share__social\"><a aria-label=\"Facebook\" class=\"afd-share__button\" data-insights-category=\"share\" data-insights-label=\"facebook_sharing_options\" data-insights-value=\"1034060\" data-social=\"facebook\" href=\"https:\/\/www.facebook.com\/sharer\/sharer.php?u=https:\/\/www.archdaily.cl\/cl\/1034060\/casa-batten-ben-walker-architects\" rel=\"nofollow noopener\" target=\"_blank\"><\/a>\n<p>Facebook<\/p>\n<\/li>\n<li class=\"afd-share__social\"><a aria-label=\"Twitter\" class=\"afd-share__button\" data-insights-category=\"share\" data-insights-label=\"twitter_sharing_options\" data-insights-value=\"1034060\" data-social=\"twitter\" href=\"https:\/\/twitter.com\/intent\/tweet?text=Casa%20Batten%20%2F%20Ben%20Walker%20Architects&amp;url=https:\/\/www.archdaily.cl\/cl\/1034060\/casa-batten-ben-walker-architects&amp;via=parq\" rel=\"nofollow noopener\" target=\"_blank\"><\/a>\n<p>Twitter<\/p>\n<\/li>\n<li class=\"afd-share__social\"><a class=\"afd-share__button\" data-insights-category=\"share\" data-insights-label=\"email_sharing_options\" data-insights-value=\"1034060\" data-social=\"email\" href=\"mailto:?subject=Casa Batten \/ Ben Walker Architects&amp;body=https:\/\/www.archdaily.cl\/cl\/1034060\/casa-batten-ben-walker-architects\"><\/a>\n<p>Mail<\/p>\n<\/li>\n<li class=\"afd-share__social\"><a aria-label=\"Pinterest\" class=\"afd-share__button\" data-insights-category=\"share\" data-insights-label=\"pinterest_sharing_options\" data-insights-value=\"1034060\" data-social=\"pinterest\" href=\"https:\/\/pinterest.com\/pin\/create\/button\/?url=https%3A%2F%2Fwww.archdaily.cl%2Fcl%2F1034060%2Fcasa-batten-ben-walker-architects&amp;media=https%3A%2F%2Fimages.adsttc.com%2Fmedia%2Fimages%2F68b9%2Fc71f%2F3dba%2F9b00%2F01d5%2Fc88c%2Flarge_jpg%2F37b.jpg%3F1757005790&amp;description=Casa%20Batten%20%2F%20Ben%20Walker%20Architects\" rel=\"nofollow noopener\" target=\"_blank\"><\/a>\n<p>Pinterest<\/p>\n<\/li>\n<li class=\"afd-share__social\"><a aria-label=\"Whatsapp\" class=\"afd-share__button\" data-action=\"share\/whatsapp\/share\" data-insights-category=\"share\" data-insights-label=\"whatsapp_sharing_options\" data-insights-value=\"1034060\" data-social=\"whatsapp\" href=\"whatsapp:\/\/send?text=Casa+Batten+%2F+Ben+Walker+Architects+%7C+https%3A%2F%2Fwww.archdaily.cl%2Fcl%2F1034060%2Fcasa-batten-ben-walker-architects%3Futm_source%3DWhatsapp%26utm_medium%3DIM%26utm_campaign%3Dshare-button\" rel=\"nofollow\"><\/a>\n<p>Whatsapp<\/p>\n<\/li>\n<\/ul>\n<p>O<\/p>\n<p>https:\/\/www.archdaily.cl\/cl\/1034060\/casa-batten-ben-walker-architects<\/p>\n<p>  Portapapeles<\/p>\n<p>              \u00abCOPY\u00bb<\/p>\n<p>Copiar<br \/>\n<a class=\"js-image-size__link lazy-anchor\" href=\"https:\/\/www.archdaily.cl\/cl\/1034060\/casa-batten-ben-walker-architects\/68b9c71f3dba9b0001d5c887-batten-house-ben-walker-architects-photo\" rel=\"nofollow noopener\" target=\"_blank\"><img decoding=\"async\" alt=\"Casa Batten \/ Ben Walker Architects - Fotograf\u00eda exterior, Madera, Puerta, Terraza, Concreto\" data-nr-picture-id=\"68b9c71f3dba9b0001d5c887\" height=\"427\" itemprop=\"image\" loading=\"lazy\" longdesc=\"https:\/\/www.archdaily.cl\/cl\/1034060\/casa-batten-ben-walker-architects\/68b9c71f3dba9b0001d5c887-batten-house-ben-walker-architects-photo\" src=\"https:\/\/www.europesays.com\/es\/wp-content\/uploads\/2025\/09\/26.jpg\" width=\"640\"\/>\u00a9 Ben Guthrie<\/a><\/p>\n<p>Descripci\u00f3n enviada por el equipo del proyecto. Casa Batten es una nueva vivienda familiar y estudio situada en <a href=\"https:\/\/www.archdaily.cl\/cl\/tag\/curtin\" rel=\"nofollow noopener\" target=\"_blank\">Curtin<\/a>, ACT, cerca de la red de espacios abiertos de Yarralumla Creek. El proyecto responde a su ubicaci\u00f3n de gran visibilidad, junto a una red p\u00fablica de ciclov\u00edas y a las hermosas vistas del parque al sur. La respuesta de dise\u00f1o est\u00e1 impulsada principalmente por tres objetivos clave. La primera es la necesidad de responder a la proximidad de un parque p\u00fablico y una ciclov\u00eda, la segunda es la perspectiva de un parque meridional adyacente y la tercera es la necesidad de obtener resultados de dise\u00f1o sostenibles.<\/p>\n<p><a class=\"js-image-size__link lazy-anchor\" href=\"https:\/\/www.archdaily.cl\/cl\/1034060\/casa-batten-ben-walker-architects\/68b9c71d3dba9b0001d5c879-batten-house-ben-walker-architects-photo\" rel=\"nofollow noopener\" target=\"_blank\"><img decoding=\"async\" alt=\"Casa Batten \/ Ben Walker Architects - Imagen 8 de 33\" data-nr-picture-id=\"68b9c71d3dba9b0001d5c879\" height=\"427\" itemprop=\"image\" loading=\"lazy\" longdesc=\"https:\/\/www.archdaily.cl\/cl\/1034060\/casa-batten-ben-walker-architects\/68b9c71d3dba9b0001d5c879-batten-house-ben-walker-architects-photo\" src=\"https:\/\/www.europesays.com\/es\/wp-content\/uploads\/2025\/09\/07a.jpg\" width=\"640\"\/>\u00a9 Ben Guthrie<\/a><a class=\"js-image-size__link lazy-anchor\" href=\"https:\/\/www.archdaily.cl\/cl\/1034060\/casa-batten-ben-walker-architects\/68b9c71e3dba9b0001d5c87c-batten-house-ben-walker-architects-photo\" rel=\"nofollow noopener\" target=\"_blank\"><img decoding=\"async\" alt=\"Casa Batten \/ Ben Walker Architects - Imagen 11 de 33\" data-nr-picture-id=\"68b9c71e3dba9b0001d5c87c\" height=\"427\" itemprop=\"image\" loading=\"lazy\" longdesc=\"https:\/\/www.archdaily.cl\/cl\/1034060\/casa-batten-ben-walker-architects\/68b9c71e3dba9b0001d5c87c-batten-house-ben-walker-architects-photo\" src=\"https:\/\/www.europesays.com\/es\/wp-content\/uploads\/2025\/09\/08.jpg\" width=\"640\"\/>\u00a9 Ben Guthrie<\/a><\/p>\n<p>La respuesta a la proximidad de la ciclov\u00eda y el parque se tradujo en la creaci\u00f3n de un patio centralizado, o zona de amortiguaci\u00f3n, que puede aislarse del espacio p\u00fablico mediante una serie de pantallas m\u00f3viles.\u00a0 Esto permite a los residentes seleccionar los niveles de privacidad visual deseados en diferentes momentos del d\u00eda y del a\u00f1o. La apertura de las pantallas permite contemplar el paisaje del parque maduro desde los espacios habitables interiores y exteriores, mientras que su cierre compartimenta el patio central y lo aleja de peatones y ciclistas.<\/p>\n<p><a class=\"js-image-size__link lazy-anchor\" href=\"https:\/\/www.archdaily.cl\/cl\/1034060\/casa-batten-ben-walker-architects\/68b9c71e3dba9b0001d5c87d-batten-house-ben-walker-architects-photo\" rel=\"nofollow noopener\" target=\"_blank\"><img decoding=\"async\" alt=\"Casa Batten \/ Ben Walker Architects - Fotograf\u00eda interior, Madera, Puerta, Terraza, Patio\" data-nr-picture-id=\"68b9c71e3dba9b0001d5c87d\" height=\"427\" itemprop=\"image\" loading=\"lazy\" longdesc=\"https:\/\/www.archdaily.cl\/cl\/1034060\/casa-batten-ben-walker-architects\/68b9c71e3dba9b0001d5c87d-batten-house-ben-walker-architects-photo\" src=\"https:\/\/www.europesays.com\/es\/wp-content\/uploads\/2025\/09\/1758287777_738_12.jpg\" width=\"640\"\/>\u00a9 Ben Guthrie<\/a><a class=\"js-image-size__link lazy-anchor\" href=\"https:\/\/www.archdaily.cl\/cl\/1034060\/casa-batten-ben-walker-architects\/68b9c71f3dba9b0001d5c88d-batten-house-ben-walker-architects-photo\" rel=\"nofollow noopener\" target=\"_blank\"><img decoding=\"async\" alt=\"Casa Batten \/ Ben Walker Architects - Fotograf\u00eda exterior, Madera, Terraza\" data-nr-picture-id=\"68b9c71f3dba9b0001d5c88d\" height=\"427\" itemprop=\"image\" loading=\"lazy\" longdesc=\"https:\/\/www.archdaily.cl\/cl\/1034060\/casa-batten-ben-walker-architects\/68b9c71f3dba9b0001d5c88d-batten-house-ben-walker-architects-photo\" src=\"https:\/\/www.europesays.com\/es\/wp-content\/uploads\/2025\/09\/1758287777_42_38.jpg\" width=\"640\"\/>\u00a9 Ben Guthrie<\/a><\/p>\n<p>El acceso al sol del norte compite con el deseo de disfrutar de las vistas del parque del sur, por lo que una serie de incisiones en forma de patio solar dentro de la planta permiten el acceso al sol del noreste y noroeste a habitaciones que, de otro modo, estar\u00edan restringidas a las vistas del parque del sur. Las incisiones proporcionan luz natural, ventilaci\u00f3n y tambi\u00e9n oportunidades para disfrutar de vistas al jard\u00edn en primer plano.<\/p>\n<p><a class=\"js-image-size__link lazy-anchor\" href=\"https:\/\/www.archdaily.cl\/cl\/1034060\/casa-batten-ben-walker-architects\/68b9c71f3dba9b0001d5c892-batten-house-ben-walker-architects-ground-floor-plan\" rel=\"nofollow noopener\" target=\"_blank\"><img decoding=\"async\" alt=\"Casa Batten \/ Ben Walker Architects - Imagen 30 de 33\" data-nr-picture-id=\"68b9c71f3dba9b0001d5c892\" height=\"427\" itemprop=\"image\" loading=\"lazy\" longdesc=\"https:\/\/www.archdaily.cl\/cl\/1034060\/casa-batten-ben-walker-architects\/68b9c71f3dba9b0001d5c892-batten-house-ben-walker-architects-ground-floor-plan\" src=\"https:\/\/www.europesays.com\/es\/wp-content\/uploads\/2025\/09\/GROUND_FLOOR_PLAN.jpg\" width=\"640\"\/>Plan &#8211; Terreno<\/a><a class=\"js-image-size__link lazy-anchor\" href=\"https:\/\/www.archdaily.cl\/cl\/1034060\/casa-batten-ben-walker-architects\/68b9c71f3dba9b0001d5c890-batten-house-ben-walker-architects-elevation\" rel=\"nofollow noopener\" target=\"_blank\"><img decoding=\"async\" alt=\"Casa Batten \/ Ben Walker Architects - Imagen 32 de 33\" data-nr-picture-id=\"68b9c71f3dba9b0001d5c890\" height=\"427\" itemprop=\"image\" loading=\"lazy\" longdesc=\"https:\/\/www.archdaily.cl\/cl\/1034060\/casa-batten-ben-walker-architects\/68b9c71f3dba9b0001d5c890-batten-house-ben-walker-architects-elevation\" src=\"https:\/\/www.europesays.com\/es\/wp-content\/uploads\/2025\/09\/ELEVATIONS_-_SHEET_1.jpg\" width=\"640\"\/>Elevaci\u00f3n<\/a><\/p>\n<p>La planta interior incorpora una serie de terrazas escalonadas que siguen a grandes rasgos la pendiente de la topograf\u00eda natural. El techo mantiene una l\u00ednea de referencia constante, por lo que el desnivel de los niveles escalonados aumenta la altura del techo a medida que se pasa de la entrada (2,4 metros) a las zonas de estar principales (3,0 metros y 3,3 metros). El proyecto adopta un dise\u00f1o solar pasivo y estrategias de construcci\u00f3n sostenibles, incluyendo losas de piso altamente aisladas, construcci\u00f3n de mamposter\u00eda invertida, ventanas de alto rendimiento, dispositivos de sombreado estrat\u00e9gicamente situados y el uso de materiales reciclados.<\/p>\n<p><a class=\"js-image-size__link lazy-anchor\" href=\"https:\/\/www.archdaily.cl\/cl\/1034060\/casa-batten-ben-walker-architects\/68b9c71c3dba9b0001d5c874-batten-house-ben-walker-architects-photo\" rel=\"nofollow noopener\" target=\"_blank\"><img decoding=\"async\" alt=\"Casa Batten \/ Ben Walker Architects - Fotograf\u00eda interior, Madera, Fijaci\u00f3n Vigas\" data-nr-picture-id=\"68b9c71c3dba9b0001d5c874\" height=\"427\" itemprop=\"image\" loading=\"lazy\" longdesc=\"https:\/\/www.archdaily.cl\/cl\/1034060\/casa-batten-ben-walker-architects\/68b9c71c3dba9b0001d5c874-batten-house-ben-walker-architects-photo\" src=\"https:\/\/www.europesays.com\/es\/wp-content\/uploads\/2025\/09\/1758287779_297_02.jpg\" width=\"640\"\/>\u00a9 Ben Guthrie<\/a><a class=\"js-image-size__link lazy-anchor\" href=\"https:\/\/www.archdaily.cl\/cl\/1034060\/casa-batten-ben-walker-architects\/68b9c71f3dba9b0001d5c88b-batten-house-ben-walker-architects-photo\" rel=\"nofollow noopener\" target=\"_blank\"><img decoding=\"async\" alt=\"Casa Batten \/ Ben Walker Architects - Fotograf\u00eda interior, Madera, Ladrillo\" data-nr-picture-id=\"68b9c71f3dba9b0001d5c88b\" height=\"427\" itemprop=\"image\" loading=\"lazy\" longdesc=\"https:\/\/www.archdaily.cl\/cl\/1034060\/casa-batten-ben-walker-architects\/68b9c71f3dba9b0001d5c88b-batten-house-ben-walker-architects-photo\" src=\"https:\/\/www.europesays.com\/es\/wp-content\/uploads\/2025\/09\/32.jpg\" width=\"640\"\/>\u00a9 Ben Guthrie<\/a><\/p>\n<p>La casa es relativamente modesta en planta: tiene tres dormitorios, salas de estar principales, una oficina, un dormitorio de invitados y zonas de servicio. Los vol\u00famenes internos se perciben generosos gracias a la articulaci\u00f3n de la altura de los techos y al uso de cerchas inclinadas para las prominentes ventanas orientadas al norte.\u00a0Los peque\u00f1os cortes solares aportan luz natural y vistas a los jardines en los interiores y zonas de circulaci\u00f3n, proporcionando calidades internas funcionales y est\u00e9ticamente agradables, cumpliendo el programa solicitado por los propietarios.<\/p>\n<p><a class=\"js-image-size__link lazy-anchor\" href=\"https:\/\/www.archdaily.cl\/cl\/1034060\/casa-batten-ben-walker-architects\/68b9c71e3dba9b0001d5c87f-batten-house-ben-walker-architects-photo\" rel=\"nofollow noopener\" target=\"_blank\"><img decoding=\"async\" alt=\"Casa Batten \/ Ben Walker Architects - Fotograf\u00eda interior, Madera, Ladrillo, Puerta\" data-nr-picture-id=\"68b9c71e3dba9b0001d5c87f\" height=\"427\" itemprop=\"image\" loading=\"lazy\" longdesc=\"https:\/\/www.archdaily.cl\/cl\/1034060\/casa-batten-ben-walker-architects\/68b9c71e3dba9b0001d5c87f-batten-house-ben-walker-architects-photo\" src=\"https:\/\/www.europesays.com\/es\/wp-content\/uploads\/2025\/09\/1758287780_347_15.jpg\" width=\"640\"\/>\u00a9 Ben Guthrie<\/a><a class=\"js-image-size__link lazy-anchor\" href=\"https:\/\/www.archdaily.cl\/cl\/1034060\/casa-batten-ben-walker-architects\/68b9c71e3dba9b0001d5c87e-batten-house-ben-walker-architects-photo\" rel=\"nofollow noopener\" target=\"_blank\"><img decoding=\"async\" alt=\"Casa Batten \/ Ben Walker Architects - Fotograf\u00eda interior, Madera, Puerta, Vidrio, Terraza, Fijaci\u00f3n Vigas\" data-nr-picture-id=\"68b9c71e3dba9b0001d5c87e\" height=\"427\" itemprop=\"image\" loading=\"lazy\" longdesc=\"https:\/\/www.archdaily.cl\/cl\/1034060\/casa-batten-ben-walker-architects\/68b9c71e3dba9b0001d5c87e-batten-house-ben-walker-architects-photo\" src=\"https:\/\/www.europesays.com\/es\/wp-content\/uploads\/2025\/09\/1758287780_528_13.jpg\" width=\"640\"\/>\u00a9 Ben Guthrie<\/a><\/p>\n<p>El proyecto incluye un importante sistema estructural externo de acero (para soportar los paneles operables), un sistema de muro de mamposter\u00eda invertido, una gran cantidad de madera reciclada y un sistema centralizado de ventilaci\u00f3n con recuperaci\u00f3n de calor (HRV), entre otros detalles. Estos elementos de construcci\u00f3n a medida exigieron una intensa coordinaci\u00f3n entre distintas disciplinas, en la que participaron personal de obra, ingenieros, fabricantes especializados, proveedores e instaladores. Tambi\u00e9n se consult\u00f3 a un arquitecto paisajista para garantizar que los nuevos jardines respondieran adecuadamente al contexto del parque circundante. El equipo de calificaci\u00f3n energ\u00e9tica contribuy\u00f3 significativamente con detalles sobre el dise\u00f1o pasivo, la selecci\u00f3n de materiales y el aislamiento, la capacidad del sistema fotovoltaico y el planteamiento de la envolvente de la vivienda.<\/p>\n<p><a class=\"js-image-size__link lazy-anchor\" href=\"https:\/\/www.archdaily.cl\/cl\/1034060\/casa-batten-ben-walker-architects\/68b9c71f3dba9b0001d5c886-batten-house-ben-walker-architects-photo\" rel=\"nofollow noopener\" target=\"_blank\"><img decoding=\"async\" alt=\"Casa Batten \/ Ben Walker Architects - Imagen 12 de 33\" data-nr-picture-id=\"68b9c71f3dba9b0001d5c886\" height=\"427\" itemprop=\"image\" loading=\"lazy\" longdesc=\"https:\/\/www.archdaily.cl\/cl\/1034060\/casa-batten-ben-walker-architects\/68b9c71f3dba9b0001d5c886-batten-house-ben-walker-architects-photo\" src=\"https:\/\/www.europesays.com\/es\/wp-content\/uploads\/2025\/09\/25.jpg\" width=\"640\"\/>\u00a9 Ben Guthrie<\/a><script async src=\"https:\/\/platform.twitter.com\/widgets.js\" charset=\"utf-8\"><\/script><\/p>\n","protected":false},"excerpt":{"rendered":"\u00a9 Ben Guthrie + 28 Compartir Compartir Facebook Twitter Mail Pinterest Whatsapp O https:\/\/www.archdaily.cl\/cl\/1034060\/casa-batten-ben-walker-architects Portapapeles \u00abCOPY\u00bb Copiar \u00a9&hellip;\n","protected":false},"author":2,"featured_media":125243,"comment_status":"","ping_status":"","sticky":false,"template":"","format":"standard","meta":{"footnotes":""},"categories":[173],"tags":[801,802,229,233,231,230,3738,40848,232,234,146,147,25,24,23],"class_list":{"0":"post-125242","1":"post","2":"type-post","3":"status-publish","4":"format-standard","5":"has-post-thumbnail","7":"category-arte-y-diseno","8":"tag-arquitectura","9":"tag-arquitectura-residencial","10":"tag-arte","11":"tag-arte-y-diseno","12":"tag-arts","13":"tag-arts-and-design","14":"tag-casas","15":"tag-curtin","16":"tag-design","17":"tag-diseno","18":"tag-entertainment","19":"tag-entretenimiento","20":"tag-es","21":"tag-espana","22":"tag-spain"},"share_on_mastodon":{"url":"","error":""},"_links":{"self":[{"href":"https:\/\/www.europesays.com\/es\/wp-json\/wp\/v2\/posts\/125242","targetHints":{"allow":["GET"]}}],"collection":[{"href":"https:\/\/www.europesays.com\/es\/wp-json\/wp\/v2\/posts"}],"about":[{"href":"https:\/\/www.europesays.com\/es\/wp-json\/wp\/v2\/types\/post"}],"author":[{"embeddable":true,"href":"https:\/\/www.europesays.com\/es\/wp-json\/wp\/v2\/users\/2"}],"replies":[{"embeddable":true,"href":"https:\/\/www.europesays.com\/es\/wp-json\/wp\/v2\/comments?post=125242"}],"version-history":[{"count":0,"href":"https:\/\/www.europesays.com\/es\/wp-json\/wp\/v2\/posts\/125242\/revisions"}],"wp:featuredmedia":[{"embeddable":true,"href":"https:\/\/www.europesays.com\/es\/wp-json\/wp\/v2\/media\/125243"}],"wp:attachment":[{"href":"https:\/\/www.europesays.com\/es\/wp-json\/wp\/v2\/media?parent=125242"}],"wp:term":[{"taxonomy":"category","embeddable":true,"href":"https:\/\/www.europesays.com\/es\/wp-json\/wp\/v2\/categories?post=125242"},{"taxonomy":"post_tag","embeddable":true,"href":"https:\/\/www.europesays.com\/es\/wp-json\/wp\/v2\/tags?post=125242"}],"curies":[{"name":"wp","href":"https:\/\/api.w.org\/{rel}","templated":true}]}}