{"id":125244,"date":"2025-09-19T13:17:10","date_gmt":"2025-09-19T13:17:10","guid":{"rendered":"https:\/\/www.europesays.com\/es\/125244\/"},"modified":"2025-09-19T13:17:10","modified_gmt":"2025-09-19T13:17:10","slug":"de-la-taquigrafa-de-la-transicion-a-lo-nuevo-de-la-autora-del-bestseller-come-reza-ama","status":"publish","type":"post","link":"https:\/\/www.europesays.com\/es\/125244\/","title":{"rendered":"de la taqu\u00edgrafa de la Transici\u00f3n, a lo nuevo de la autora del bestseller &#8216;Come, reza, ama&#8217;"},"content":{"rendered":"<p>Tres t\u00edtulos figuran en nuestra selecci\u00f3n de esta semana, que comienza en las Cortes y en la historia de Espa\u00f1a a lo largo de los \u00faltimos 50 a\u00f1os. All\u00ed, la taqu\u00edgrafa del Congreso Ana Rivero ha transcrito el nacimiento de la Democracia, la Transici\u00f3n y el golpe de Estado del 23-F y la investidura de siete presidentes del Gobierno.<\/p>\n<p>La taqu\u00edgrafa del Congreso, historia de Espa\u00f1a a 190 palabras por minuto<\/p>\n<p>Luz y taqu\u00edgrafa (Plaza &amp; Jan\u00e9s) nos ofrece, a trav\u00e9s del relato de la propia <b>Ana Rivero<\/b>, un testimonio de 50 a\u00f1os de la pol\u00edtica y de la historia de Espa\u00f1a. Desde el coraz\u00f3n de la C\u00e1mara Baja, a 190 palabras por minuto, la taqu\u00edgrafa ha recogido en el diario de sesiones los \u00faltimos meses de Franco, la proclamaci\u00f3n de Juan Carlos I, la redacci\u00f3n de la Constituci\u00f3n del 78, el intento de golpe de Estado del 23-F de 1981, las grandes oratorias de la Transici\u00f3n, la llegada al Trono de Felipe VI, en 2014, y la jura de la Constituci\u00f3n de Leonor, en 2023. \u00abYo soy el puente entre lo que sucede en una sesi\u00f3n parlamentaria y lo que el lector puede leer despu\u00e9s\u00bb, asegura la autora, una de las primeras mujeres en acceder al Cuerpo de Taqu\u00edgrafos de las Cortes Generales y licenciada en Derecho por la UNED. Un relato \u00edntimo, escrito junto a Ana I. Gracia, en un ejercicio de memoria personal y de reivindicaci\u00f3n feminista en una tribuna de oradores y un hemiciclo que durante d\u00e9cadas estuvo dominado por los hombres.<\/p>\n<p>                            <img decoding=\"async\" src=\"https:\/\/www.europesays.com\/es\/wp-content\/uploads\/2025\/09\/770x_taquigrafa-rivero.jpg\" loading=\"lazy\"\/><\/p>\n<p>                            <img decoding=\"async\" src=\"https:\/\/www.europesays.com\/es\/wp-content\/uploads\/2025\/09\/770x_taquigrafa.jpg\" loading=\"lazy\"\/><\/p>\n<p><b>Luz y taqu\u00edgrafa<\/b><\/p>\n<ul>&#13;<\/p>\n<li>Ana Rivero, Ana I. Gracia<\/li>\n<p>&#13;<\/p>\n<li>Plaza &amp; Jan\u00e9s<\/li>\n<p>&#13;<\/p>\n<li>312 p\u00e1ginas<\/li>\n<p>&#13;<\/p>\n<li>20,81 euros<\/li>\n<p>&#13;\n<\/ul>\n<p>La autora de &#8216;Come, reza, ama&#8217; regresa con este amor de mujeres, p\u00e9rdida y duelo<\/p>\n<p>El viaje de Elizabeth Gilbert, a trav\u00e9s de Italia, India y Bali, en Come, reza, ama, reuni\u00f3 en su adaptaci\u00f3n al cine a <b>Julia Roberts y Javier Bardem<\/b>, bajo la direcci\u00f3n de Ryan Murphy. Gilbert se enamor\u00f3 del que fue su marido (que en la pel\u00edcula encarna Bardem) y su historia de renuncia a la vida acomodada con el anhelo de explorar el mundo y conocerse a s\u00ed misma inspir\u00f3 a miles de mujeres en EE UU, entre ellas a Oprah Winfrey. El relato autobiogr\u00e1fico parte de su divorcio y de la historia de amor con su mejor amiga, Rayya Elias. En Hasta la orilla del r\u00edo (Suma), la escritora nos habla de los l\u00edmites del amor en la madurez y de las etiquetas convencionales, explora el deseo femenino y la independencia, da visibilidad al colectivo LGTBQ y comparte el proceso de duelo que vivi\u00f3 tras la muerte de c\u00e1ncer de su novia.<\/p>\n<p>                            <img decoding=\"async\" src=\"https:\/\/www.europesays.com\/es\/wp-content\/uploads\/2025\/09\/770x_orilla.jpg\" loading=\"lazy\"\/><\/p>\n<p><b>Hasta la orilla del r\u00edo<\/b><\/p>\n<ul>&#13;<\/p>\n<li>Elizabeth Gilbert<\/li>\n<p>&#13;<\/p>\n<li>Suma<\/li>\n<p>&#13;<\/p>\n<li>424 p\u00e1ginas<\/li>\n<p>&#13;<\/p>\n<li>20,81 euros<\/li>\n<p>&#13;\n<\/ul>\n<p>C\u00f3mo la memoria y los libros cambian la manera de ver el mundo<\/p>\n<p>El brit\u00e1nico Julian Barnes, autor de Elizabeth Finch y El loro de Flaubert, reflexiona en Mis cambios de opini\u00f3n (Anagrama) sobre c\u00f3mo la memoria, las palabras y los libros influyen en nuestra manera de interpretar el mundo. Parte de un anecdotario personal y a trav\u00e9s de sus experiencias, Barnes analiza en este ensayo c\u00f3mo los recuerdos y las palabras que usamos y, tambi\u00e9n, nuestras lecturas pueden influir en la maleabilidad de nuestras opiniones. Cita al dada\u00edsta franc\u00e9s Francis Picabia, que dec\u00eda que nuestra cabeza \u00abes redonda\u00bb para que \u00abnuestros pensamientos puedan cambiar de orientaci\u00f3n\u00bb. A lo largo de los a\u00f1os, estos cambios pueden afectar a simple gustos est\u00e9ticos y art\u00edsticos, como la m\u00fasica o el cine, pero tambi\u00e9n al amor y a la persona a quien amamos o al dios al que rezamos.<\/p>\n<p>                            <img decoding=\"async\" src=\"https:\/\/www.europesays.com\/es\/wp-content\/uploads\/2025\/09\/770x_barnes.jpg\" loading=\"lazy\"\/><\/p>\n<p><b>Mis cambios de opini\u00f3n<\/b><\/p>\n<ul>&#13;<\/p>\n<li>Julian Barnes<\/li>\n<p>&#13;<\/p>\n<li>Anagrama<\/li>\n<p>&#13;<\/p>\n<li>80 p\u00e1ginas<\/li>\n<p>&#13;<\/p>\n<li>10,35 euros<\/li>\n<p>&#13;\n<\/ul>\n<p>WhatsApp<a href=\"https:\/\/api.whatsapp.com\/send?text=https:\/\/www.eleconomista.es\/evasion\/noticias\/13553368\/09\/25\/tres-libros-de-la-semana-de-la-taquigrafa-de-la-transicion-a-lo-nuevo-de-la-autora-come-reza-ama.html?utm_source%3Dwhatsapp%26utm_medium%3Dshare_button&amp;id=1648118629957_whatsapp\" target=\"_blank\" data-action=\"share\/whatsapp\/share\" aria-label=\"Compartir en Whatsapp\" rel=\"nofollow noopener\"><\/a>Facebook<a id=\"fb-share\" href=\"#\" target=\"_blank\" rel=\"noopener noreferrer\" aria-label=\"Compartir en Facebook\"><\/a>Twitter<a href=\"https:\/\/twitter.com\/share?text=Tres+libros+de+la+semana%3A+de+la+taqu%C3%ADgrafa+de+la+Transici%C3%B3n%2C+a+lo+nuevo+de+la+autora+del+bestseller+%27Come%2C+reza%2C+ama%27&amp;url=https:\/\/www.eleconomista.es\/evasion\/noticias\/13553368\/09\/25\/tres-libros-de-la-semana-de-la-taquigrafa-de-la-transicion-a-lo-nuevo-de-la-autora-come-reza-ama.html&amp;via=elEconomistaes&amp;id=1648118839245_twitter\" target=\"_blank\" aria-label=\"Compartir en Twitter\" rel=\"nofollow noopener\"><\/a>Linkedin<a href=\"https:\/\/linkedin.com\/share?text=https:\/\/www.eleconomista.es\/evasion\/noticias\/13553368\/09\/25\/tres-libros-de-la-semana-de-la-taquigrafa-de-la-transicion-a-lo-nuevo-de-la-autora-come-reza-ama.html&amp;via=elEconomistaes\" target=\"_blank\" aria-label=\"Compartir en linkedin\" rel=\"nofollow noopener\"><\/a>Beloud<a href=\"https:\/\/beloud.com\/share?text=Tres+libros+de+la+semana%3A+de+la+taqu%C3%ADgrafa+de+la+Transici%C3%B3n%2C+a+lo+nuevo+de+la+autora+del+bestseller+%27Come%2C+reza%2C+ama%27&amp;url=https:\/\/www.eleconomista.es\/evasion\/noticias\/13553368\/09\/25\/tres-libros-de-la-semana-de-la-taquigrafa-de-la-transicion-a-lo-nuevo-de-la-autora-come-reza-ama.html&amp;via=elEconomistaes&amp;id=1648118839245_beloud\" target=\"_blank\" aria-label=\"Compartir en beloud\" rel=\"nofollow noopener\"><\/a>Bluesky<a href=\"https:\/\/bsky.app\/intent\/compose?text=https:\/\/bsky.app\/intent\/compose?text=https:\/\/www.eleconomista.es\/evasion\/noticias\/13553368\/09\/25\/tres-libros-de-la-semana-de-la-taquigrafa-de-la-transicion-a-lo-nuevo-de-la-autora-come-reza-ama.html&amp;url=https:\/\/www.eleconomista.es\/evasion\/noticias\/13553368\/09\/25\/tres-libros-de-la-semana-de-la-taquigrafa-de-la-transicion-a-lo-nuevo-de-la-autora-come-reza-ama.html&amp;via=elEconomistaes&amp;id=1648118839245_bluesky\" target=\"_blank\" aria-label=\"Compartir en bluesky\" rel=\"nofollow noopener\"><\/a><\/p>\n<p><script async src=\"https:\/\/platform.twitter.com\/widgets.js\" charset=\"utf-8\"><\/script><\/p>\n","protected":false},"excerpt":{"rendered":"Tres t\u00edtulos figuran en nuestra selecci\u00f3n de esta semana, que comienza en las Cortes y en la historia&hellip;\n","protected":false},"author":2,"featured_media":125245,"comment_status":"","ping_status":"","sticky":false,"template":"","format":"standard","meta":{"footnotes":""},"categories":[172],"tags":[224,146,147,25,24,21517,225,23],"class_list":{"0":"post-125244","1":"post","2":"type-post","3":"status-publish","4":"format-standard","5":"has-post-thumbnail","7":"category-libros","8":"tag-books","9":"tag-entertainment","10":"tag-entretenimiento","11":"tag-es","12":"tag-espana","13":"tag-evasian","14":"tag-libros","15":"tag-spain"},"share_on_mastodon":{"url":"","error":""},"_links":{"self":[{"href":"https:\/\/www.europesays.com\/es\/wp-json\/wp\/v2\/posts\/125244","targetHints":{"allow":["GET"]}}],"collection":[{"href":"https:\/\/www.europesays.com\/es\/wp-json\/wp\/v2\/posts"}],"about":[{"href":"https:\/\/www.europesays.com\/es\/wp-json\/wp\/v2\/types\/post"}],"author":[{"embeddable":true,"href":"https:\/\/www.europesays.com\/es\/wp-json\/wp\/v2\/users\/2"}],"replies":[{"embeddable":true,"href":"https:\/\/www.europesays.com\/es\/wp-json\/wp\/v2\/comments?post=125244"}],"version-history":[{"count":0,"href":"https:\/\/www.europesays.com\/es\/wp-json\/wp\/v2\/posts\/125244\/revisions"}],"wp:featuredmedia":[{"embeddable":true,"href":"https:\/\/www.europesays.com\/es\/wp-json\/wp\/v2\/media\/125245"}],"wp:attachment":[{"href":"https:\/\/www.europesays.com\/es\/wp-json\/wp\/v2\/media?parent=125244"}],"wp:term":[{"taxonomy":"category","embeddable":true,"href":"https:\/\/www.europesays.com\/es\/wp-json\/wp\/v2\/categories?post=125244"},{"taxonomy":"post_tag","embeddable":true,"href":"https:\/\/www.europesays.com\/es\/wp-json\/wp\/v2\/tags?post=125244"}],"curies":[{"name":"wp","href":"https:\/\/api.w.org\/{rel}","templated":true}]}}