{"id":125246,"date":"2025-09-19T13:18:09","date_gmt":"2025-09-19T13:18:09","guid":{"rendered":"https:\/\/www.europesays.com\/es\/125246\/"},"modified":"2025-09-19T13:18:09","modified_gmt":"2025-09-19T13:18:09","slug":"padre-no-hay-mas-que-uno-se-convierte-en-una-serie-de-television","status":"publish","type":"post","link":"https:\/\/www.europesays.com\/es\/125246\/","title":{"rendered":"&#8216;Padre no hay m\u00e1s que uno&#8217; se convierte en una serie de televisi\u00f3n"},"content":{"rendered":"<p class=\"paragraph\">Los directivos de Hollywood no son los \u00fanicos que, al ver que un t\u00edtulo tiene mucho \u00e9xito, encuentran la forma de exprimirlo al m\u00e1ximo y encontrar nuevas formas de sacarle rendimiento creativo y comercial. Padre no hay m\u00e1s que uno, la franquicia espa\u00f1ola de m\u00e1s \u00e9xito de los \u00faltimos a\u00f1os, se convertir\u00e1 en una serie de televisi\u00f3n que se ver\u00e1 m\u00e1s adelante en Atresmedia y <a href=\"https:\/\/redirect.prd.themonetise.es\/short\/02f08e4c017049d2913b37a57a3fd021\" target=\"_blank\" rel=\"nofollow noreferrer sponsored noopener\">Prime Video<\/a>.<\/p>\n<p class=\"paragraph\">Ya hay una primera imagen promocional. Daniel P\u00e9rez Prada y Mariam Hern\u00e1ndez con Mateo y Helena, un matrimonio que sufre cambios cuando ella recibe una oferta de trabajo imposible de rechazar. Le ofrecen entrar en la app Conchy y la pareja, con sus cinco hijos, deciden mudarse. Mateo, que abandona su empleo, cree que podr\u00e1 encargarse del trabajo. \u201cEsto no puede ser tan dif\u00edcil\u201d, piensa, pero pronto descubre que s\u00ed lo es con unos hijos que, descontentos con la situaci\u00f3n, encima le sabotean.<\/p>\n<p><img decoding=\"async\" class=\"w-full\"   alt=\"Primera imagen del nuevo reparto.\" data-full-src=\"https:\/\/www.lavanguardia.com\/uploads\/2025\/09\/19\/68cd2f4d02684.jpeg\" src=\"https:\/\/www.europesays.com\/es\/wp-content\/uploads\/2025\/09\/68cd2f4d02684.jpeg\" width=\"449\" height=\"286\" loading=\"lazy\"\/>Primera imagen del nuevo reparto.Atresmedia<\/p>\n<p class=\"paragraph\">Los hijos Vicho Vaello est\u00e1n interpretados por Claudio Gallego (Alex), Amanda C\u00e1rdenas (Teresa), Alberto Salvador (Luis), Naia de las Heras (Carola) y Olivia Guerrero (Bea). Desde la producci\u00f3n se advierte que, si bien esta familia es de nueva creaci\u00f3n aunque con un argumento similar al de las pel\u00edculas, la serie piensa recuperar a alguno de \u201clos personajes m\u00e1s queridos por el p\u00fablico\u201d de la franquicia cinematogr\u00e1fica.<\/p>\n<p class=\"paragraph\">Detr\u00e1s de las c\u00e1maras, hay un nuevo equipo creativo para sacar adelante la idea. En vez de Marta Gonz\u00e1lez de Vega y Santiago Segura, los guionistas de las cinco pel\u00edculas, estar\u00e1n Juan Manuel de Vega y Ra\u00fal Navarro, que tiene un extenso curr\u00edculum con experiencia en series y programas como El vecino, La reina del pueblo, Late Motiv o El Intermedio.<\/p>\n<p class=\"paragraph\">La franquicia, que se inici\u00f3 en 2019 con la primera entrega que recaud\u00f3 14 millones de d\u00f3lares, lleva m\u00e1s de 68 millones en taquilla con sus cinco t\u00edtulos.<\/p>\n<p><img decoding=\"async\" width=\"65\" height=\"65\" loading=\"lazy\" src=\"https:\/\/www.europesays.com\/es\/wp-content\/uploads\/2025\/09\/5f9ad97eac0c6.jpeg\" alt=\"Pere Sol\u00e0 Gimferrer\"\/><\/p>\n","protected":false},"excerpt":{"rendered":"Los directivos de Hollywood no son los \u00fanicos que, al ver que un t\u00edtulo tiene mucho \u00e9xito, encuentran&hellip;\n","protected":false},"author":2,"featured_media":125247,"comment_status":"","ping_status":"","sticky":false,"template":"","format":"standard","meta":{"footnotes":""},"categories":[171],"tags":[146,147,25,24,23,214],"class_list":{"0":"post-125246","1":"post","2":"type-post","3":"status-publish","4":"format-standard","5":"has-post-thumbnail","7":"category-tv","8":"tag-entertainment","9":"tag-entretenimiento","10":"tag-es","11":"tag-espana","12":"tag-spain","13":"tag-tv"},"share_on_mastodon":{"url":"","error":""},"_links":{"self":[{"href":"https:\/\/www.europesays.com\/es\/wp-json\/wp\/v2\/posts\/125246","targetHints":{"allow":["GET"]}}],"collection":[{"href":"https:\/\/www.europesays.com\/es\/wp-json\/wp\/v2\/posts"}],"about":[{"href":"https:\/\/www.europesays.com\/es\/wp-json\/wp\/v2\/types\/post"}],"author":[{"embeddable":true,"href":"https:\/\/www.europesays.com\/es\/wp-json\/wp\/v2\/users\/2"}],"replies":[{"embeddable":true,"href":"https:\/\/www.europesays.com\/es\/wp-json\/wp\/v2\/comments?post=125246"}],"version-history":[{"count":0,"href":"https:\/\/www.europesays.com\/es\/wp-json\/wp\/v2\/posts\/125246\/revisions"}],"wp:featuredmedia":[{"embeddable":true,"href":"https:\/\/www.europesays.com\/es\/wp-json\/wp\/v2\/media\/125247"}],"wp:attachment":[{"href":"https:\/\/www.europesays.com\/es\/wp-json\/wp\/v2\/media?parent=125246"}],"wp:term":[{"taxonomy":"category","embeddable":true,"href":"https:\/\/www.europesays.com\/es\/wp-json\/wp\/v2\/categories?post=125246"},{"taxonomy":"post_tag","embeddable":true,"href":"https:\/\/www.europesays.com\/es\/wp-json\/wp\/v2\/tags?post=125246"}],"curies":[{"name":"wp","href":"https:\/\/api.w.org\/{rel}","templated":true}]}}