{"id":125262,"date":"2025-09-19T13:26:11","date_gmt":"2025-09-19T13:26:11","guid":{"rendered":"https:\/\/www.europesays.com\/es\/125262\/"},"modified":"2025-09-19T13:26:11","modified_gmt":"2025-09-19T13:26:11","slug":"en-un-impresionante-operativo-hernan-bermudez-llego-a-mexico-y-quedo-detenido-en-una-prision-de-maxima-seguridad","status":"publish","type":"post","link":"https:\/\/www.europesays.com\/es\/125262\/","title":{"rendered":"En un impresionante operativo, Hern\u00e1n Berm\u00fadez lleg\u00f3 a M\u00e9xico y qued\u00f3 detenido en una prisi\u00f3n de m\u00e1xima seguridad"},"content":{"rendered":"<p>      EFE<br \/>\n        \u00a0\u2014\u00a0<\/p>\n<p class=\"paragraph inline-placeholder vossi-paragraph\" data-uri=\"es.cms.cnn.com\/_components\/paragraph\/instances\/cmfqr2n1m001l26no184c1ls9@published\" data-editable=\"text\" data-component-name=\"paragraph\" data-article-gutter=\"true\">\n            El exsecretario de Seguridad del estado mexicano de Tabasco <a href=\"https:\/\/cnnespanol.cnn.com\/2025\/09\/13\/mexico\/hernan-bermudez-exsecretario-seguridad-tabasco-arrestado-paraguay-orix\" rel=\"nofollow noopener\" target=\"_blank\">Hern\u00e1n Berm\u00fadez Requena,<\/a> presunto l\u00edder del grupo criminal La Barredora -vinculado al Cartel Jalisco Nueva Generaci\u00f3n (CJNG)-, fue ingresado este jueves en el penal de m\u00e1xima seguridad El Altiplano, en el Estado de M\u00e9xico, tras su expulsi\u00f3n de Paraguay el mi\u00e9rcoles.\n    <\/p>\n<p class=\"paragraph inline-placeholder vossi-paragraph\" data-uri=\"es.cms.cnn.com\/_components\/paragraph\/instances\/cmfqr3hwb0002356n42ai66is@published\" data-editable=\"text\" data-component-name=\"paragraph\" data-article-gutter=\"true\">\n            Despu\u00e9s de m\u00e1s de un d\u00eda de viaje, que incluy\u00f3 una parada de m\u00e1s de 12 horas en Bogot\u00e1, Berm\u00fadez Requena arrib\u00f3 la noche de este jueves al Aeropuerto Internacional de Toluca, capital del Estado de M\u00e9xico (centro), tras una escala en Chiapas (sur).\n    <\/p>\n<p class=\"paragraph inline-placeholder vossi-paragraph\" data-uri=\"es.cms.cnn.com\/_components\/paragraph\/instances\/cmfqr3hwc0003356nxm65y6td@published\" data-editable=\"text\" data-component-name=\"paragraph\" data-article-gutter=\"true\">\n            A su llegada a Toluca, a Hern\u00e1n \u2018N\u2019 -alias \u2018el Abuelo\u2019 o \u2018Comandante H\u2019- se le cumpliment\u00f3 una orden de aprehensi\u00f3n por su posible participaci\u00f3n en los delitos de asociaci\u00f3n delictuosa, extorsi\u00f3n y secuestro expr\u00e9s, seg\u00fan informaron fuentes de seguridad.\n    <\/p>\n<p>       <img decoding=\"async\" src=\"https:\/\/www.europesays.com\/es\/wp-content\/uploads\/2025\/09\/whatsapp-image-2025-09-19-at-08-34-57.jpeg\" alt=\"WhatsApp Image 2025-09-19 at 08.34.57.jpeg\" class=\"image__dam-img image__dam-img--loading\" onload=\"this.classList.remove('image__dam-img--loading')\" onerror=\"imageLoadError(this)\" height=\"1067\" width=\"1600\" loading=\"lazy\"\/><\/p>\n<p class=\"paragraph inline-placeholder vossi-paragraph\" data-uri=\"es.cms.cnn.com\/_components\/paragraph\/instances\/cmfqr3hwc0004356nmw4lynvo@published\" data-editable=\"text\" data-component-name=\"paragraph\" data-article-gutter=\"true\">\n            Alrededor de las 23:00 hora local (07:00 GMT del viernes), el detenido fue recluido en el Centro Federal de Reinserci\u00f3n Social No. 1, ubicado en el municipio de Almoloya de Ju\u00e1rez, Estado de M\u00e9xico.\n    <\/p>\n<p class=\"paragraph inline-placeholder vossi-paragraph\" data-uri=\"es.cms.cnn.com\/_components\/paragraph\/instances\/cmfqr3hwc0005356ns9osq60n@published\" data-editable=\"text\" data-component-name=\"paragraph\" data-article-gutter=\"true\">\n            El acusado enfrenta una segunda orden de aprensi\u00f3n por los delitos de delincuencia organizada y secuestro, reci\u00e9n emitida por un juez federal, la cual fue cumplimentada tras su ingreso al penal, seg\u00fan los primeros reportes.\n    <\/p>\n<p class=\"paragraph inline-placeholder vossi-paragraph\" data-uri=\"es.cms.cnn.com\/_components\/paragraph\/instances\/cmfqr3hwc0006356nwcu299mq@published\" data-editable=\"text\" data-component-name=\"paragraph\" data-article-gutter=\"true\">\n            El exfuncionario mexicano estuvo casi cinco d\u00edas preso en Paraguay, luego de ser arrestado el 12 de septiembre pasado en una vivienda lujosa en un barrio cerrado de la ciudad de Mariano Roque Alonso, en las afueras de Asunci\u00f3n.\n    <\/p>\n<p class=\"paragraph inline-placeholder vossi-paragraph\" data-uri=\"es.cms.cnn.com\/_components\/paragraph\/instances\/cmfqr3hwc0007356n7sady5g8@published\" data-editable=\"text\" data-component-name=\"paragraph\" data-article-gutter=\"true\">\n            El mi\u00e9rcoles, las autoridades paraguayas confirmaron la expulsi\u00f3n de Berm\u00fadez Requena, -quien buscaba evitar la extradici\u00f3n a M\u00e9xico-, luego de que se confirm\u00f3 que su ingreso y estancia en Paraguay era \u201cirregular\u201d.\n    <\/p>\n<p>       <img decoding=\"async\" src=\"https:\/\/www.europesays.com\/es\/wp-content\/uploads\/2025\/09\/whatsapp-image-2025-09-19-at-08-34-57-1.jpeg\" alt=\"WhatsApp Image 2025-09-19 at 08.34.57 (1).jpeg\" class=\"image__dam-img image__dam-img--loading\" onload=\"this.classList.remove('image__dam-img--loading')\" onerror=\"imageLoadError(this)\" height=\"1067\" width=\"1600\" loading=\"lazy\"\/><\/p>\n<p class=\"paragraph inline-placeholder vossi-paragraph\" data-uri=\"es.cms.cnn.com\/_components\/paragraph\/instances\/cmfqr3hwc0008356ntsuc2l35@published\" data-editable=\"text\" data-component-name=\"paragraph\" data-article-gutter=\"true\">\n            Berm\u00fadez Requena fue secretario de Seguridad de Tabasco (sureste mexicano), durante la gesti\u00f3n del entonces gobernador del estado Ad\u00e1n Augusto L\u00f3pez Hern\u00e1ndez (2019-2021), quien ahora es senador del oficialista Movimiento de Regeneraci\u00f3n Nacional (Morena), tras haberse desempe\u00f1ado como secretario de Gobernaci\u00f3n (Interior) con el expresidente Andr\u00e9s Manuel L\u00f3pez Obrador (2018-2024).\n    <\/p>\n<p class=\"paragraph inline-placeholder vossi-paragraph\" data-uri=\"es.cms.cnn.com\/_components\/paragraph\/instances\/cmfqr3hwc0009356nvu7ayqqf@published\" data-editable=\"text\" data-component-name=\"paragraph\" data-article-gutter=\"true\">\n            Hernan \u2018N\u2019 contaba con una orden de aprehensi\u00f3n desde febrero pasado por los delitos de asociaci\u00f3n delictuosa, extorsi\u00f3n y secuestro expr\u00e9s en Tabasco, adem\u00e1s de un ficha roja de la Interpol, confirmada en julio por las autoridades mexicanas.\n    <\/p>\n<p>       <img decoding=\"async\" src=\"https:\/\/www.europesays.com\/es\/wp-content\/uploads\/2025\/09\/whatsapp-image-2025-09-19-at-08-34-58-20250919113824289.jpeg\" alt=\"WhatsApp Image 2025-09-19 at 08.34.58.jpeg\" class=\"image__dam-img image__dam-img--loading\" onload=\"this.classList.remove('image__dam-img--loading')\" onerror=\"imageLoadError(this)\" height=\"853\" width=\"1280\" loading=\"lazy\"\/><\/p>\n<p class=\"paragraph inline-placeholder vossi-paragraph\" data-uri=\"es.cms.cnn.com\/_components\/paragraph\/instances\/cmfqr3hwc000a356niaxxdsm9@published\" data-editable=\"text\" data-component-name=\"paragraph\" data-article-gutter=\"true\">\n            \u2018El Abuelo\u2019 o \u2018Comandante H\u2019 es uno de los presuntos l\u00edderes de la \u2018La Barredora\u2019, c\u00e9lula criminal dedicada a delitos como narcomenudeo y extorsi\u00f3n, vinculada al CJNG, uno de los seis c\u00e1rteles mexicanos que Estados Unidos design\u00f3 como terroristas en febrero.\n    <\/p>\n<p class=\"paragraph inline-placeholder vossi-paragraph\" data-uri=\"es.cms.cnn.com\/_components\/paragraph\/instances\/cmfqr3hwc000b356n5h9mvb3x@published\" data-editable=\"text\" data-component-name=\"paragraph\" data-article-gutter=\"true\">\n            Seg\u00fan la informaci\u00f3n de inteligencia, el exfuncionario habr\u00eda tenido v\u00ednculos con criminales desde 1999 y un posible arresto en 2006 por la ejecuci\u00f3n de un ganadero.\n    <\/p>\n<p class=\"paragraph inline-placeholder vossi-paragraph\" data-uri=\"es.cms.cnn.com\/_components\/paragraph\/instances\/cmfqr3hwc000c356ntj9n4ed7@published\" data-editable=\"text\" data-component-name=\"paragraph\" data-article-gutter=\"true\">\n            De acuerdo con las autoridades paraguayas, Berm\u00fadez Requena pretend\u00eda instalar sus operaciones en Paraguay, a donde ingres\u00f3 ilegalmente desde Brasil en una fecha no determinada.\n    <\/p>\n","protected":false},"excerpt":{"rendered":"EFE \u00a0\u2014\u00a0 El exsecretario de Seguridad del estado mexicano de Tabasco Hern\u00e1n Berm\u00fadez Requena, presunto l\u00edder del grupo&hellip;\n","protected":false},"author":2,"featured_media":125263,"comment_status":"","ping_status":"","sticky":false,"template":"","format":"standard","meta":{"footnotes":""},"categories":[42],"tags":[17,18,13,14,11,61,62,63,64,19,20,1906,9,10,15,16,12,21,22,65,66,67],"class_list":{"0":"post-125262","1":"post","2":"type-post","3":"status-publish","4":"format-standard","5":"has-post-thumbnail","7":"category-internacional","8":"tag-breaking-news","9":"tag-breakingnews","10":"tag-featured-news","11":"tag-featurednews","12":"tag-headlines","13":"tag-internacional","14":"tag-international","15":"tag-international-news","16":"tag-internationalnews","17":"tag-latest-news","18":"tag-latestnews","19":"tag-mexico","20":"tag-news","21":"tag-noticias","22":"tag-noticias-destacadas","23":"tag-noticiasdestacadas","24":"tag-titulares","25":"tag-ultimas-noticias","26":"tag-ultimasnoticias","27":"tag-world","28":"tag-world-news","29":"tag-worldnews"},"share_on_mastodon":{"url":"","error":""},"_links":{"self":[{"href":"https:\/\/www.europesays.com\/es\/wp-json\/wp\/v2\/posts\/125262","targetHints":{"allow":["GET"]}}],"collection":[{"href":"https:\/\/www.europesays.com\/es\/wp-json\/wp\/v2\/posts"}],"about":[{"href":"https:\/\/www.europesays.com\/es\/wp-json\/wp\/v2\/types\/post"}],"author":[{"embeddable":true,"href":"https:\/\/www.europesays.com\/es\/wp-json\/wp\/v2\/users\/2"}],"replies":[{"embeddable":true,"href":"https:\/\/www.europesays.com\/es\/wp-json\/wp\/v2\/comments?post=125262"}],"version-history":[{"count":0,"href":"https:\/\/www.europesays.com\/es\/wp-json\/wp\/v2\/posts\/125262\/revisions"}],"wp:featuredmedia":[{"embeddable":true,"href":"https:\/\/www.europesays.com\/es\/wp-json\/wp\/v2\/media\/125263"}],"wp:attachment":[{"href":"https:\/\/www.europesays.com\/es\/wp-json\/wp\/v2\/media?parent=125262"}],"wp:term":[{"taxonomy":"category","embeddable":true,"href":"https:\/\/www.europesays.com\/es\/wp-json\/wp\/v2\/categories?post=125262"},{"taxonomy":"post_tag","embeddable":true,"href":"https:\/\/www.europesays.com\/es\/wp-json\/wp\/v2\/tags?post=125262"}],"curies":[{"name":"wp","href":"https:\/\/api.w.org\/{rel}","templated":true}]}}