{"id":125267,"date":"2025-09-19T13:29:13","date_gmt":"2025-09-19T13:29:13","guid":{"rendered":"https:\/\/www.europesays.com\/es\/125267\/"},"modified":"2025-09-19T13:29:13","modified_gmt":"2025-09-19T13:29:13","slug":"el-bathco-regresa-al-vicente-trueba-para-medirse-al-bm-logrono-la-rioja","status":"publish","type":"post","link":"https:\/\/www.europesays.com\/es\/125267\/","title":{"rendered":"El Bathco regresa al Vicente Trueba para medirse al BM Logro\u00f1o La Rioja"},"content":{"rendered":"<p style=\"text-align: justify;\">El <strong>Vicente Trueba<\/strong> de Torrelavega vuelve a acoger este <strong>domingo a partir de las 19:00<\/strong> un partido de la \u00e9lite del balonmano espa\u00f1ol. La segunda jornada de la Liga NEXUS ENERG\u00cdA ASOBAL citar\u00e1 al Bathco BM Torrelavega con uno de los equipos m\u00e1s poderosos de la competici\u00f3n, el <strong>BM Logro\u00f1o La Rioja<\/strong>.<\/p>\n<p style=\"text-align: justify;\">Ambos equipos <strong>llegan tras estrenarse con triunfo en su debut<\/strong>, aunque no sin dificultades. Un golazo de Nicolai Colunga sobre la bocina en Cuenca, con lesi\u00f3n incluida, vali\u00f3 los dos puntos a los naranjas. Por su parte, <strong>los franjivinos lograron una victoria m\u00e1s holgada ante Sanicentro BM Guadalajara<\/strong>, aunque enga\u00f1osa, pues el 34 \u2013 30 se labr\u00f3 en el tramo final de partido.<\/p>\n<p style=\"text-align: justify;\">El contrastado Miguel \u00c1ngel Velasco cuenta con una de las plantillas m\u00e1s renovadas de la competici\u00f3n, a la par que una de las m\u00e1s interesantes. La salida de pilares de sus \u00faltimas temporadas como El Korchi, Ur\u00edos, Rivero o T\u00faa ha conllevado la llegada de jugadores con mucha experiencia en la categor\u00eda. Los hermanos Miguel y \u00c1lvaro Mart\u00ednez, de Valladolid, Pancho Lombardi desde Guadalajara o dos grandes pivotes como Aitor Garc\u00eda o el exnaranja Ivan Popovic completan ahora una plantilla peligrosa en la que se mantienen Xoan Ledo, Andrej Pergel o \u00c1lvaro Preciado entre otros.<\/p>\n<p><a target=\"_blank\" href=\"https:\/\/eldiariocantabria.publico.es\/ads\/20241029145309165687\" rel=\"nofollow noopener\"> <img decoding=\"async\" src=\"https:\/\/www.europesays.com\/es\/wp-content\/uploads\/2025\/07\/2025030323000081200.gif\" alt=\"Publicidad 165687\" width=\"728\" height=\"90\" loading=\"lazy\"  \/> <\/a><\/p>\n<p style=\"text-align: justify;\"><strong>ANTECEDENTES<\/strong><\/p>\n<p style=\"text-align: justify;\"><strong>\u201cEs un rival directo en, esperemos, la lucha por las plazas de arriba\u201d<\/strong> subraya Jacobo Cu\u00e9tara, que define a los riojanos como \u201cun rival que <strong>ha ganado en sus 3 \u00faltimas visitas aqu\u00ed<\/strong>, tenemos ganas de quitarnos esa espina\u201d. Sobre el verano de los de Velasco, Cu\u00e9tara cree que \u201chan fichado bastante bien, jugadores que est\u00e1n creciendo en la liga y un grupo que ir\u00e1 evolucionando y pondr\u00e1 las cosas muy dif\u00edciles\u201d.<\/p>\n<p style=\"text-align: justify;\">El asturiano cierra a\u00f1adiendo<strong> \u201clas ganas que tenemos de hacer un gran partido ante nuestra afici\u00f3n\u201d<\/strong>. Un encuentro que empezar\u00e1 a las 19:00 en el Vicente Trueba y para el que se espera un gran ambiente, en lo que ser\u00e1 la puesta de largo de la competici\u00f3n dom\u00e9stica en Torrelavega. El partido estar\u00e1 dirigido por los \u00e1rbitros Jordi Aus\u00e1s y Miquel Florenza.<\/p>\n","protected":false},"excerpt":{"rendered":"El Vicente Trueba de Torrelavega vuelve a acoger este domingo a partir de las 19:00 un partido de&hellip;\n","protected":false},"author":2,"featured_media":125268,"comment_status":"","ping_status":"","sticky":false,"template":"","format":"standard","meta":{"footnotes":""},"categories":[278],"tags":[376,16981,2771,168,5746,25,24,375,23,167,10956],"class_list":{"0":"post-125267","1":"post","2":"type-post","3":"status-publish","4":"format-standard","5":"has-post-thumbnail","7":"category-balonmano","8":"tag-balonmano","9":"tag-bathco","10":"tag-cantabria","11":"tag-deportes","12":"tag-eldiariocantabria","13":"tag-es","14":"tag-espana","15":"tag-handball","16":"tag-spain","17":"tag-sports","18":"tag-torrelavega"},"share_on_mastodon":{"url":"","error":""},"_links":{"self":[{"href":"https:\/\/www.europesays.com\/es\/wp-json\/wp\/v2\/posts\/125267","targetHints":{"allow":["GET"]}}],"collection":[{"href":"https:\/\/www.europesays.com\/es\/wp-json\/wp\/v2\/posts"}],"about":[{"href":"https:\/\/www.europesays.com\/es\/wp-json\/wp\/v2\/types\/post"}],"author":[{"embeddable":true,"href":"https:\/\/www.europesays.com\/es\/wp-json\/wp\/v2\/users\/2"}],"replies":[{"embeddable":true,"href":"https:\/\/www.europesays.com\/es\/wp-json\/wp\/v2\/comments?post=125267"}],"version-history":[{"count":0,"href":"https:\/\/www.europesays.com\/es\/wp-json\/wp\/v2\/posts\/125267\/revisions"}],"wp:featuredmedia":[{"embeddable":true,"href":"https:\/\/www.europesays.com\/es\/wp-json\/wp\/v2\/media\/125268"}],"wp:attachment":[{"href":"https:\/\/www.europesays.com\/es\/wp-json\/wp\/v2\/media?parent=125267"}],"wp:term":[{"taxonomy":"category","embeddable":true,"href":"https:\/\/www.europesays.com\/es\/wp-json\/wp\/v2\/categories?post=125267"},{"taxonomy":"post_tag","embeddable":true,"href":"https:\/\/www.europesays.com\/es\/wp-json\/wp\/v2\/tags?post=125267"}],"curies":[{"name":"wp","href":"https:\/\/api.w.org\/{rel}","templated":true}]}}