{"id":125269,"date":"2025-09-19T13:30:20","date_gmt":"2025-09-19T13:30:20","guid":{"rendered":"https:\/\/www.europesays.com\/es\/125269\/"},"modified":"2025-09-19T13:30:20","modified_gmt":"2025-09-19T13:30:20","slug":"el-encierro-noticias-la-tribuna-de-talavera","status":"publish","type":"post","link":"https:\/\/www.europesays.com\/es\/125269\/","title":{"rendered":"El encierro | Noticias La Tribuna de Talavera"},"content":{"rendered":"<p>El periodista Chapu Apaolaza cuenta que correr el encierro es un ejercicio de amor a la vida. Esta reflexi\u00f3n supone una paradoja que s\u00f3lo entienden los que se ponen cada ma\u00f1ana delante de los toros en los sanfermines, en San Sebasti\u00e1n de los Reyes o en Guadalajara, la \u00fanica capital de provincia junto a Pamplona donde se corren por las calles las reses que se van a lidiar por la tarde. \u00bfPor qu\u00e9 es un acto de adoraci\u00f3n de la propia vida si realmente la est\u00e1s poniendo en juego? Esa es la gran contradicci\u00f3n, imposible de explicar desde un prisma ajeno a este espect\u00e1culo. Para valorar la vida hay que respetar la muerte, y una y otra siempre han estado unidas en el universo taurino, dentro de la plaza y en cualquier festejo que tenga al toro como protagonista.<br \/>Desconozco si hay un manual o un tutorial en YouTube para instruir a alguien que quiera correr el encierro por primera vez. Tampoco servir\u00eda de nada. Aunque hay unas pautas y unos criterios b\u00e1sicos, para realizar una buena carrera hay que reunir un serial de cualidades y no todas se pueden aprender ni entrenar. Convivir de forma tan cercana con la muerte en un sprint de apenas unos segundos, adem\u00e1s de las evidentes condiciones f\u00edsicas y del conocimiento del animal al que vas a intentar templar con la carrera, exige una fortaleza mental capaz de sobreponerse al miedo y al entorno. Y una cosa es ver los toros pasar -lo que hacemos una gran mayor\u00eda- y otra muy diferente correr en la cara de los animales, un espacio reservado para un grupo de elegidos.\u00a0<br \/>C\u00e9sar Garc\u00eda Navarro lleva jugando en la champions de los encierros casi 30 a\u00f1os y domina la escena como nadie, en el fondo y en la forma, siempre exquisita y elegante. Acumula cientos de festejos, con un coqueteo permanente con el riesgo, que es lo que le llena. Me llama al poco de finalizar el primer encierro de Guadalajara y quedamos. Le veo desbordante, por su carrera -dominadora, como casi siempre- y por el momento hist\u00f3rico que ha vivido la ciudad, con un cambio de recorrido que abr\u00eda muchas dudas y muchos interrogantes. El resultado, al menos en el primer d\u00eda, ha sido de un \u00e9xito rotundo, sin ambages. La imagen de la manada, dispersa, con huecos suficientes para la carrera, subiendo por la calle mayor es espectacular, luciendo mucho m\u00e1s que en primer tramo del anterior recorrido. Lo afirmo sin rubor, despu\u00e9s de mantener abiertas dudas sobre la idoneidad de esta modificaci\u00f3n, no tanto por el entorno o por la oportunidad, sino por una cuesti\u00f3n de viabilidad. Me consta que t\u00e9cnicamente ha habido muchos inconvenientes, pr\u00e1cticamente hasta el \u00faltimo minuto. Tambi\u00e9n s\u00e9 que hay aspectos que se pueden mejorar, como la salida de los toros de los corrales, para que todos los animales salgan en tiempo y forma. Pero el primer examen se ha pasado con nota y eso ha servido para tapar la boca a los esc\u00e9pticos que s\u00f3lo hemos cre\u00eddo cuando hemos visto, como santo Tom\u00e1s.\u00a0<br \/>Una vez que tenemos la evidencia tangible de que era posible y lo han conseguido, toca felicitar a los que lo han sacado adelante, desde el Ayuntamiento de Guadalajara -equipo de Gobierno, t\u00e9cnicos y funcionarios a la cabeza- y desde la Federaci\u00f3n Taurina de Guadalajara, actores indispensables de este \u00e9xito. Es un paso clave para el reconocimiento de los encierros como Fiesta de Inter\u00e9s Nacional y es la prueba tambi\u00e9n de que vencer el inmovilismo permite abrirse al crecimiento. El siguiente paso puede ser retrasar el horario de comienzo del encierro, de las 8 a las 11 de la ma\u00f1ana, como otro avance para seguir dinamizando la ciudad.\u00a0<\/p>\n","protected":false},"excerpt":{"rendered":"El periodista Chapu Apaolaza cuenta que correr el encierro es un ejercicio de amor a la vida. Esta&hellip;\n","protected":false},"author":2,"featured_media":125270,"comment_status":"","ping_status":"","sticky":false,"template":"","format":"standard","meta":{"footnotes":""},"categories":[277],"tags":[2166,373,1241,168,1309,25,24,439,1358,6086,40852,23,167,625,374,444,5006],"class_list":{"0":"post-125269","1":"post","2":"type-post","3":"status-publish","4":"format-standard","5":"has-post-thumbnail","7":"category-toreo","8":"tag-ayuntamiento-de-guadalajara","9":"tag-bullfighting","10":"tag-champions-league","11":"tag-deportes","12":"tag-encierro","13":"tag-es","14":"tag-espana","15":"tag-guadalajara","16":"tag-pamplona","17":"tag-san-sebastian","18":"tag-sanfermines","19":"tag-spain","20":"tag-sports","21":"tag-tauromaquia","22":"tag-toreo","23":"tag-toros","24":"tag-youtube"},"share_on_mastodon":{"url":"","error":""},"_links":{"self":[{"href":"https:\/\/www.europesays.com\/es\/wp-json\/wp\/v2\/posts\/125269","targetHints":{"allow":["GET"]}}],"collection":[{"href":"https:\/\/www.europesays.com\/es\/wp-json\/wp\/v2\/posts"}],"about":[{"href":"https:\/\/www.europesays.com\/es\/wp-json\/wp\/v2\/types\/post"}],"author":[{"embeddable":true,"href":"https:\/\/www.europesays.com\/es\/wp-json\/wp\/v2\/users\/2"}],"replies":[{"embeddable":true,"href":"https:\/\/www.europesays.com\/es\/wp-json\/wp\/v2\/comments?post=125269"}],"version-history":[{"count":0,"href":"https:\/\/www.europesays.com\/es\/wp-json\/wp\/v2\/posts\/125269\/revisions"}],"wp:featuredmedia":[{"embeddable":true,"href":"https:\/\/www.europesays.com\/es\/wp-json\/wp\/v2\/media\/125270"}],"wp:attachment":[{"href":"https:\/\/www.europesays.com\/es\/wp-json\/wp\/v2\/media?parent=125269"}],"wp:term":[{"taxonomy":"category","embeddable":true,"href":"https:\/\/www.europesays.com\/es\/wp-json\/wp\/v2\/categories?post=125269"},{"taxonomy":"post_tag","embeddable":true,"href":"https:\/\/www.europesays.com\/es\/wp-json\/wp\/v2\/tags?post=125269"}],"curies":[{"name":"wp","href":"https:\/\/api.w.org\/{rel}","templated":true}]}}