{"id":125273,"date":"2025-09-19T13:34:07","date_gmt":"2025-09-19T13:34:07","guid":{"rendered":"https:\/\/www.europesays.com\/es\/125273\/"},"modified":"2025-09-19T13:34:07","modified_gmt":"2025-09-19T13:34:07","slug":"mundial-de-ciclismo-en-ruta-2025-en-kigali-horarios-favoritos-y-donde-ver-todomountainbike","status":"publish","type":"post","link":"https:\/\/www.europesays.com\/es\/125273\/","title":{"rendered":"Mundial de Ciclismo en Ruta 2025 en Kigali: horarios, favoritos y d\u00f3nde ver &#8211; TodoMountainBike"},"content":{"rendered":"<ol>\n<li><a href=\"https:\/\/news.google.com\/rss\/articles\/CBMiqwFBVV95cUxPQTBWN0pVT0lYand1V2ZhWi1kUGdTNmJuY3NpdnEzT3BDdjM0MmJYT2h6WVhGR1A0YVVieUc0NFpCTlhmS1ExUW9fTDVhOVpreHlQY2VEeWFnelRiM1dFT25tLTM1NjhKWUdQaXhUVk13UlMwREdkazhXaGtaY2Zhdk4xbGFNMWx0azRHZFBFcjRvNC1hc2hfWXkxWi1tN2Z2cHVlNWM0OUUyNVk?oc=5\" target=\"_blank\" rel=\"nofollow noopener\">Mundial de Ciclismo en Ruta 2025 en Kigali: horarios, favoritos y d\u00f3nde ver<\/a>&nbsp;&nbsp;TodoMountainBike<\/li>\n<li><a href=\"https:\/\/news.google.com\/rss\/articles\/CBMioAFBVV95cUxNMWJyMzBBQ0p6YjFWWXlHRzd5RFBJNjMwTFdjcUVrMV93NUYwS29NRWRSbjd5YW9HTDI0OFFuUy1CNTRPX1NiQjJiOEJnUV8tT1NxQmxDekZZWXdLeXpTX3lXQXR3SnhDQ01qTS1QQ3I3enVyZkowOHRBYlRyZGxnNFlUR1FVU2RwdjY1V2pXX0pMelpuOTJ6OFdOZUoxOGVx0gGgAUFVX3lxTE5Ja2tGaXBncHRiWVdVTlVxSkd2NHBXbkF3MVNuYmcwcnlmNFVQaFR0NGxWV2kxYVZiNVc4SkhxeDdsRS1OVUxIVF9OZnhqa1YzV3doQy1DeWhvZWFHRGdKc3FzdXpQXzVuZ01fOE9UUGJpX2JhS2RtRnlkTU9XREY5dnA3SUhjTlA2MlpzeXhKX1gxS25HclFGZFZ5QTBNODU?oc=5\" target=\"_blank\" rel=\"nofollow noopener\">Hora y donde ver en TV el Mundial de Ciclismo en ruta 2025<\/a>&nbsp;&nbsp;RTVE.es<\/li>\n<li><a href=\"https:\/\/news.google.com\/rss\/articles\/CBMiygFBVV95cUxNQkxBLTRNQ2VLWUs4d0ZtUUw3WXdMUkVwNlNWMXk3QnhERzR4TmNBUlZsMWpzVV9kVEp1SG1fRFhQNDdqa1FMNGVwME1hWndGcUR2TGxmejBMeF9DZmRyMHdyMWc3M2FnRUUwZE9MM3o5cUZUdHhRYXBPV0I2TVZ5QWJxZDBXa1lOWVZQYmFzWHlzSThieFZaN1UwNUVnN3ZnVEVVN0M4bEFWT29jMHdiOHBaRHFzRzVCOHFRakcteGtwa0xYNjJDSDdB0gHKAUFVX3lxTFBEZnRLZ2JnYThtR1czdTdIUDBkZVhIbVJxa1BuaUw4dlBjV0dlYmNQWEtjSHJsMS00UUNFUW5WT0xxa0c0TlBjaU15cWFkemdrdlV2NURJa18tbzlJa3NxZ21lXzdYNHhvdjJ2UnpGWHNpRVN1THFYTEtRWl9CSkNuVHR4Ml9UeVp1LUJuSV9aWXhvWnZJMXZYWWgxY2tMS0JXNXVpZ2c2RWdkQXQ5eUdpSDRIWmFFS2JHb21JZFctaW1CTmNsN0JkUFE?oc=5\" target=\"_blank\" rel=\"nofollow noopener\">Palmar\u00e9s del Mundial de Ciclismo: m\u00e1ximos ganadores y cu\u00e1ntos t\u00edtulos necesita Pogacar para ser el n\u00famero uno<\/a>&nbsp;&nbsp;Marca<\/li>\n<li><a href=\"https:\/\/news.google.com\/rss\/articles\/CBMi7AFBVV95cUxOZ3pQQXBadUxxcmRGc18yNVRDS25XXzIyNWU5aHA3ZnRoam5CbTdMcXVXVWU3dHZTaEp3MVVzMmNxbkVCTFpnZVJNdEFzTlktcF9KOUQ3TFNvVzBlVVZkOW05dXpELU85dzh2YzVfMHJkUng5blBfejFUOEdKMWxNdlBrM2V5eFBZTC1TdkJYS2M1RkZTdWJUMHZRSFlxZV9SSlJzR0llejFQYktfVVMtcU0yOXRwajUzajIzMGI5LXVLM0Yzb1ZtbnNVR3dCejRPdFB4ZnRjRWNXckRuVjZ0VkNkeV91ZEx5Y0lnMNIB8gFBVV95cUxPN0FiLXJoMlU0X2U0eXQ4Y29tYlFHWkFRQk1qRmlCdUVpbXBOR0hzS3ZKUzk2VkxkSVhLSC1pNWNjSVgxWURXMmFzV2tzWnNadXRMbERMUy1sX3JzVUhpZEVtSk56N0ZBdHlQU0hxVTBrNzVtV09yUVJNZTBTbEFaREdfODhsbm5HZTVwYTNiR3RVNENyU3h0VllEcjU3b2lrUWpPQXk2ekprRXoxY05paVcyOWV2TGRabFBINndSenJ5aklfNkFqbzZlRjRjcjFpbTQzTmRsenFyZGV1UW9Gdmx6U1NPTllYeUZlQVZyckdtdw?oc=5\" target=\"_blank\" rel=\"nofollow noopener\">Tres ciclistas del Burgos BH, en el Mundial de Ciclismo de Ruanda con selecciones de tres continentes distintos<\/a>&nbsp;&nbsp;El Correo de Burgos<\/li>\n<li><a href=\"https:\/\/news.google.com\/rss\/articles\/CBMijwFBVV95cUxNOHRvcUZyUFZoWko4UHB6eE5fZDYyUG50RjgxamVIZWNXZUdmTGtVS2hZMTRPWm8tS1psZExoZmx5bFk2SkxpNmhuNHNpcHBsZ2JBdG9RUE9SWHU5cHZxS3h3Nl9YelV1VGNKbFVXZTdRUXQyTUFHREViNlpEVzlGSVNKbGtZeUhKYlFSYzdlQdIBlAFBVV95cUxONVNBLVpReHV5U3JjYnZONkszamY1RnZaZ1RGY1lnYXA0ejlTMGtpeVlZUmdJUVBVZ2tVeHhsN2xyRWpaTzhwc0tnNDhZaktBOU9YZDlfSndrdDJlODdpMFQ2RzVDMGJQR3RxT2hVeG1VZUk4bjMtbEs3SzJvaDBnLTZCeGZLaGlLZklKZ2lOZXVZQWE0?oc=5\" target=\"_blank\" rel=\"nofollow noopener\">Mundial de Ciclismo 2025: lista de pa\u00edses participantes, cu\u00e1ndo comienza y fechas clave<\/a>&nbsp;&nbsp;El Confidencial<\/li>\n<\/ol>\n","protected":false},"excerpt":{"rendered":"Mundial de Ciclismo en Ruta 2025 en Kigali: horarios, favoritos y d\u00f3nde ver&nbsp;&nbsp;TodoMountainBike Hora y donde ver en&hellip;\n","protected":false},"author":2,"featured_media":125274,"comment_status":"","ping_status":"","sticky":false,"template":"","format":"standard","meta":{"footnotes":""},"categories":[273],"tags":[313,312,168,25,24,23,167],"class_list":{"0":"post-125273","1":"post","2":"type-post","3":"status-publish","4":"format-standard","5":"has-post-thumbnail","7":"category-ciclismo","8":"tag-ciclismo","9":"tag-cycling","10":"tag-deportes","11":"tag-es","12":"tag-espana","13":"tag-spain","14":"tag-sports"},"share_on_mastodon":{"url":"","error":""},"_links":{"self":[{"href":"https:\/\/www.europesays.com\/es\/wp-json\/wp\/v2\/posts\/125273","targetHints":{"allow":["GET"]}}],"collection":[{"href":"https:\/\/www.europesays.com\/es\/wp-json\/wp\/v2\/posts"}],"about":[{"href":"https:\/\/www.europesays.com\/es\/wp-json\/wp\/v2\/types\/post"}],"author":[{"embeddable":true,"href":"https:\/\/www.europesays.com\/es\/wp-json\/wp\/v2\/users\/2"}],"replies":[{"embeddable":true,"href":"https:\/\/www.europesays.com\/es\/wp-json\/wp\/v2\/comments?post=125273"}],"version-history":[{"count":0,"href":"https:\/\/www.europesays.com\/es\/wp-json\/wp\/v2\/posts\/125273\/revisions"}],"wp:featuredmedia":[{"embeddable":true,"href":"https:\/\/www.europesays.com\/es\/wp-json\/wp\/v2\/media\/125274"}],"wp:attachment":[{"href":"https:\/\/www.europesays.com\/es\/wp-json\/wp\/v2\/media?parent=125273"}],"wp:term":[{"taxonomy":"category","embeddable":true,"href":"https:\/\/www.europesays.com\/es\/wp-json\/wp\/v2\/categories?post=125273"},{"taxonomy":"post_tag","embeddable":true,"href":"https:\/\/www.europesays.com\/es\/wp-json\/wp\/v2\/tags?post=125273"}],"curies":[{"name":"wp","href":"https:\/\/api.w.org\/{rel}","templated":true}]}}