{"id":125275,"date":"2025-09-19T13:35:10","date_gmt":"2025-09-19T13:35:10","guid":{"rendered":"https:\/\/www.europesays.com\/es\/125275\/"},"modified":"2025-09-19T13:35:10","modified_gmt":"2025-09-19T13:35:10","slug":"a-pelear-un-buen-presente-y-un-2026","status":"publish","type":"post","link":"https:\/\/www.europesays.com\/es\/125275\/","title":{"rendered":"a pelear un buen presente y un 2026"},"content":{"rendered":"<p><img fetchpriority=\"high\" decoding=\"async\" width=\"1200\" height=\"675\" src=\"data:image\/svg+xml,%3Csvg%20xmlns=\" http:=\"\" alt=\"Colapinto&#10;\" class=\"wp-image-234904\" title=\"Franco Colapinto y el futuro: perspectivas de asiento 2026 y an\u00e1lisis de desarrollo de carrera 1\" data-lazy- data-lazy- data-lazy-src=\"https:\/\/www.europesays.com\/es\/wp-content\/uploads\/2025\/09\/colapinto-2026.webp.webp\"\/>Colapinto est\u00e1 destinado en los pr\u00f3ximos a\u00f1os a consolidarse como la bandera latinoamericana en el automovilismo, ante la salida de Sergio \u201cCheco\u201d P\u00e9rez. <\/p>\n<p>El deporte en general siempre presenta revancha para quienes buscan la perseverancia y triunfar. Por ello, Franco Colapinto tendr\u00e1 revancha en donde ya sabe ser feliz, en el Gran Premio de Azerbaiy\u00e1n en este 2025.<\/p>\n<p>As\u00ed como los usuarios de <a href=\"https:\/\/ballonix-juego.com\/\" target=\"_blank\" rel=\"noopener nofollow\">https:\/\/ballonix-juego.com<\/a> tienen la oportunidad de divertirse, obtener pasi\u00f3n y por qu\u00e9 no ganar, el piloto de Alpine (Colapinto F1) vuelve a competir en el deporte motor m\u00e1s importante de mundo.<\/p>\n<p><strong>Franco Colapinto, el chico que vuelve a la F\u00f3rmula 1<\/strong><\/p>\n<p>Toda Latinoam\u00e9rica se ilusion\u00f3 en el a\u00f1o 2024, con la llegada de Franco Colapinto a la F1 en vivo. El chico, en ese momento de 21 a\u00f1os, pintaba para ser uno de los pilotos que dar\u00e1 mucho de qu\u00e9 hablar en los pr\u00f3ximos a\u00f1os.<\/p>\n<p>Debido al cambio de pilotos al inicio de a\u00f1o, la carrera F1 de Colapinto se vio pausada. Sin embargo, a partir del Gran Premio de Italia, ocupa nuevamente un puesto en la escuder\u00eda Alpine -la cual va en la \u00faltima posici\u00f3n del campeonato de constructores-, y tiene como objetivo mejorar la F1 Clasificaci\u00f3n en todo momento.<\/p>\n<p>No ser\u00e1 algo f\u00e1cil para Franco Colapinto, el chico de 22 a\u00f1os viene de una posici\u00f3n 17, pero probablemente, el objetivo de la escuder\u00eda a final de a\u00f1o, es pulirlo para lograr grandes resultados con \u00e9l, de cara a la temporada 2026.<\/p>\n<p><strong>Azerbaiy\u00e1n, el sitio donde mejor le fue a Colapinto en F1<\/strong><\/p>\n<p>Como todos los circuitos en esta competencia, el calendario F1 2025 marca una pr\u00e1ctica libre el viernes, un sistema de entrenamiento para luego ir a la Clasificaci\u00f3n y, el d\u00eda domingo, ser\u00e1 la gran y esperada carrera.<\/p>\n<p>Durante este 2025, ser\u00e1 apenas la 8va ocasi\u00f3n en la que el Gran Premio de Azerbaiy\u00e1n (clasificaci\u00f3n F1) ver\u00e1 acci\u00f3n. La pista tiene un trazado de 6 kil\u00f3metros de longitud, dos zonas de DRS y 20 curvas. Aunque si bien, al ser un circuito callejero se vuelve peligroso, tambi\u00e9n es donde <a href=\"https:\/\/www.formula1.com\/en\/drivers\/franco-colapinto\" target=\"_blank\" rel=\"noopener nofollow\">Colapinto<\/a> cosech\u00f3 sus primeros puntos en la contienda. Horario F1 de esta carrera 8:00AM (21 de septiembre).<\/p>\n<p>Los dos hombres a vencer en esta oportunidad, ser\u00e1n Charles Leclerc, quien est\u00e1 con Ferrari, y tambi\u00e9n el equipo de McLaren, quien con Oscar Piastri y Landon Norris, van a la cabeza de la competencia. B\u00e1sicamente, F1 Colapinto no deber\u00e1 ver las posiciones, sino enfocarse en la pr\u00f3xima carrera, e ir paso a paso, para tratar de obtener su clasificaci\u00f3n.<\/p>\n<p>En total, la competencia mantendr\u00e1 la emoci\u00f3n con una carrera de 51 vueltas en total. Sin duda alguna, ser\u00e1 de alguna forma, la gran prueba de fuego que tendr\u00e1 el piloto de cara al futuro.<\/p>\n<p><strong>La perspectiva de asiento 2026 para Franco Colapinto<\/strong><\/p>\n<p>Con al menos 7 pistas por delante para competir en los pr\u00f3ximos meses, el objetivo de Franco Colapinto a la hora de competir en F1 Las Vegas, o en cualquier otro tipo de plataforma o competencia pendiente, es poder ascender posiciones F1. De esa manera, podr\u00eda consolidarse como uno de los pilotos titulares de cara a la pr\u00f3xima temporada.<\/p>\n<p>El equipo de Alpine no ha tenido una buena temporada. Esto abre la ventana constantemente a la pr\u00f3xima carrera F1 que tenga el piloto en particular. <\/p>\n<p>Si bien hay una generaci\u00f3n de pilotos, como el caso de Verstappen, que apenas tiene 27 a\u00f1os de edad, Franco Colapinto es un piloto que tiene todas las herramientas para destacar en el futuro sin mayores problemas.<\/p>\n<p><strong>Franco Colapinto F1: una carrera que busca consolidaci\u00f3n<\/strong><\/p>\n<p>Con la escuder\u00eda Williams fue que Franco Colapinto mostr\u00f3 de alguna manera, los dotes que tiene para competir en el circuito m\u00e1s elitista y complicado de la F1. Sin embargo, ahora que ha podido cambiar a una escuder\u00eda menor como Alpine, deber\u00e1 mostrar sus mejores dotes para conseguir lo m\u00e1s complicado: mantenerse en carrera F1.<\/p>\n<p>En caso de tener un buen presente, y lograr asentarse como uno de los pilotos titulares de cara a 2026, es probable que incluso pueda coquetear con escuder\u00edas de mayor renombre a nivel internacional.<\/p>\n<p><img loading=\"lazy\" decoding=\"async\" width=\"1200\" height=\"675\" src=\"data:image\/svg+xml,%3Csvg%20xmlns=\" http:=\"\" alt=\"colapinto alpine\" class=\"wp-image-234905\" title=\"Franco Colapinto y el futuro: perspectivas de asiento 2026 y an\u00e1lisis de desarrollo de carrera 2\" data-lazy- data-lazy- data-lazy-src=\"https:\/\/www.europesays.com\/es\/wp-content\/uploads\/2025\/09\/colapinto-alpine.webp.webp\"\/><\/p>\n<p><strong>Colapinto es noticia en Argentina en todo momento<\/strong><\/p>\n<p>La expectativa que se genera en torno a Franco Colapinto, tiene que ver con los 23 a\u00f1os de espera que tuvieron los espectadores argentinos para disfrutar de un piloto en la \u00e9lite del deporte en general. El \u00faltimo hab\u00eda sido Gast\u00f3n Mazzacane en 2001.<\/p>\n<p>Ahora, es por ello que tantas expectativas giran en torno a Franco Colapinto Novia, F1 Calendario, y todo tipo de informaci\u00f3n de estas caracter\u00edsticas.<\/p>\n<p><strong>\u00bfD\u00f3nde ver la F1 y a Franco Colapinto?<\/strong><\/p>\n<p>En caso de que alguien quiera ver la F1 en vivo y gratis \u2014incluida la clasificaci\u00f3n (qualy)\u2014, solo debe estar atento a los canales que transmiten estos eventos. En Argentina, a trav\u00e9s de la plataforma Disney Plus, los usuarios pueden acceder a la transmisi\u00f3n de la carrera de hoy, consultar los horarios de la F1 en Argentina e incluso toda la informaci\u00f3n relacionada con el calendario de la temporada.<\/p>\n<p>Sin duda alguna, Colapinto est\u00e1 destinado en los pr\u00f3ximos a\u00f1os, a consolidarse como la bandera latinoamericana en el automovilismo, ante la salida de Sergio \u201cCheco\u201d P\u00e9rez. Franco Colapinto a futuro puede marcar una \u00e9poca.<\/p>\n<p>\n\t\t  \t\t\t\t\t\t\t  <strong>\u00a1Aviso de Facebook para la UE!<\/strong><br \/>\n\t\t  \t\t\t\t\t\t\t  \u00a1Necesitas iniciar sesi\u00f3n para ver y publicar comentarios de FB!\n\t\t\t\t\t\t\t\t\t  <\/p>\n","protected":false},"excerpt":{"rendered":"Colapinto est\u00e1 destinado en los pr\u00f3ximos a\u00f1os a consolidarse como la bandera latinoamericana en el automovilismo, ante la&hellip;\n","protected":false},"author":2,"featured_media":125276,"comment_status":"","ping_status":"","sticky":false,"template":"","format":"standard","meta":{"footnotes":""},"categories":[270],"tags":[168,25,24,306,271,272,23,167],"class_list":{"0":"post-125275","1":"post","2":"type-post","3":"status-publish","4":"format-standard","5":"has-post-thumbnail","7":"category-formula-1","8":"tag-deportes","9":"tag-es","10":"tag-espana","11":"tag-f1","12":"tag-formula-1","13":"tag-formula1","14":"tag-spain","15":"tag-sports"},"share_on_mastodon":{"url":"","error":""},"_links":{"self":[{"href":"https:\/\/www.europesays.com\/es\/wp-json\/wp\/v2\/posts\/125275","targetHints":{"allow":["GET"]}}],"collection":[{"href":"https:\/\/www.europesays.com\/es\/wp-json\/wp\/v2\/posts"}],"about":[{"href":"https:\/\/www.europesays.com\/es\/wp-json\/wp\/v2\/types\/post"}],"author":[{"embeddable":true,"href":"https:\/\/www.europesays.com\/es\/wp-json\/wp\/v2\/users\/2"}],"replies":[{"embeddable":true,"href":"https:\/\/www.europesays.com\/es\/wp-json\/wp\/v2\/comments?post=125275"}],"version-history":[{"count":0,"href":"https:\/\/www.europesays.com\/es\/wp-json\/wp\/v2\/posts\/125275\/revisions"}],"wp:featuredmedia":[{"embeddable":true,"href":"https:\/\/www.europesays.com\/es\/wp-json\/wp\/v2\/media\/125276"}],"wp:attachment":[{"href":"https:\/\/www.europesays.com\/es\/wp-json\/wp\/v2\/media?parent=125275"}],"wp:term":[{"taxonomy":"category","embeddable":true,"href":"https:\/\/www.europesays.com\/es\/wp-json\/wp\/v2\/categories?post=125275"},{"taxonomy":"post_tag","embeddable":true,"href":"https:\/\/www.europesays.com\/es\/wp-json\/wp\/v2\/tags?post=125275"}],"curies":[{"name":"wp","href":"https:\/\/api.w.org\/{rel}","templated":true}]}}