{"id":125277,"date":"2025-09-19T13:36:08","date_gmt":"2025-09-19T13:36:08","guid":{"rendered":"https:\/\/www.europesays.com\/es\/125277\/"},"modified":"2025-09-19T13:36:08","modified_gmt":"2025-09-19T13:36:08","slug":"a-por-la-cuarta-victoria-de-la-pretemporada-en-directo-por-realmadrid-tv","status":"publish","type":"post","link":"https:\/\/www.europesays.com\/es\/125277\/","title":{"rendered":"a por la cuarta victoria de la pretemporada, en directo por Realmadrid TV"},"content":{"rendered":"<p>El\u00a0<b>Real Madrid<\/b>\u00a0se enfrenta esta noche al R\u00edo Breog\u00e1n en las semifinales del Torneo EncestaR\u00edas (21:15 h; Realmadrid TV), que se disputa hoy y ma\u00f1ana en Pontevedra. Nuestro equipo ha ganado los tres encuentros que ha jugado en esta pretemporada y afronta el pen\u00faltimo test antes de la Supercopa Endesa del pr\u00f3ximo fin de semana.<\/p>\n<p>Los de\u00a0<b>Scariolo<\/b>, que ante el Casademont Zaragoza\u00a0<a href=\"https:\/\/www.realmadrid.com\/es-ES\/noticias\/baloncesto\/primer-equipo\/ruedas-de-prensa\/scariolo-13-09-2025\" rel=\"nofollow noopener\" target=\"_blank\"><b>dirigi\u00f3 su primer encuentro<\/b><\/a>, llegan invictos a este partido tras las victorias frente Alba Berl\u00edn (<a href=\"https:\/\/www.realmadrid.com\/es-ES\/noticias\/baloncesto\/primer-equipo\/cronicas\/cronica-alba-berlin-rm-amistoso-06-09-2025\" rel=\"nofollow noopener\" target=\"_blank\"><b>90-65<\/b><\/a>), Unicaja (<a href=\"https:\/\/www.realmadrid.com\/es-ES\/noticias\/baloncesto\/primer-equipo\/cronicas\/cronica-basket-07-09-2025\" rel=\"nofollow noopener\" target=\"_blank\"><b>92-89<\/b><\/a>) y el conjunto ma\u00f1o (<a href=\"https:\/\/www.realmadrid.com\/es-ES\/noticias\/baloncesto\/primer-equipo\/cronicas\/cronica-13-09-2025\" rel=\"nofollow noopener\" target=\"_blank\"><b>94-64<\/b><\/a>). El objetivo sigue siendo ganar ritmo de competici\u00f3n y asimilar los conceptos de juego. En Segovia se estrenaron\u00a0<b><a href=\"https:\/\/www.realmadrid.com\/es-ES\/noticias\/baloncesto\/primer-equipo\/actualidad\/maledon-entrevista-07-07-2025\" rel=\"nofollow noopener\" target=\"_blank\">Maledon<\/a><\/b>\u00a0y\u00a0<b><a href=\"https:\/\/www.realmadrid.com\/es-ES\/noticias\/baloncesto\/primer-equipo\/actualidad\/xxx-11-07-2025\" rel=\"nofollow noopener\" target=\"_blank\">Kr\u00e4mer<\/a><\/b>;\u00a0<b><a href=\"https:\/\/www.realmadrid.com\/es-ES\/noticias\/baloncesto\/primer-equipo\/actualidad\/okeke-30-07-2025\" rel=\"nofollow noopener\" target=\"_blank\">Okeke<\/a><\/b>\u00a0y\u00a0<b><a href=\"https:\/\/www.realmadrid.com\/es-ES\/noticias\/baloncesto\/primer-equipo\/actualidad\/almansa-es-el-mejor-club-del-mundo-y-estoy-muy-contento-de-estar-aqui-de-vuelta-27-08-2025\" rel=\"nofollow noopener\" target=\"_blank\">Almansa<\/a><\/b>\u00a0lo hicieron antes. Y en este torneo podr\u00edan seguirles\u00a0<b><a href=\"https:\/\/www.realmadrid.com\/es-ES\/noticias\/baloncesto\/primer-equipo\/actualidad\/procida-es-un-honor-jugar-en-el-mejor-equipo-de-europa-25-07-2025\" rel=\"nofollow noopener\" target=\"_blank\">Procida<\/a><\/b>\u00a0y\u00a0<a href=\"https:\/\/www.realmadrid.com\/es-ES\/noticias\/baloncesto\/primer-equipo\/actualidad\/entrevista-lyles-realmadrid-tv-10-09-2025\" rel=\"nofollow noopener\" target=\"_blank\"><b>Lyles<\/b><\/a>.<\/p>\n<p>La otra semifinal la disputar\u00e1n Baskonia y Valencia Basket. En caso de acceder a la final, el partido se disputar\u00e1 ma\u00f1ana, a las 20:30 h.<\/p>\n<p><b>El rival<\/b><br \/>El\u00a0R\u00edo Breog\u00e1n ser\u00e1 un rival complicado. El anfitri\u00f3n ha ganado cuatro de sus cinco partidos de preparaci\u00f3n. La temporada pasada termin\u00f3 en mitad de tabla y en esta intentar\u00e1 mejorarlo para pensar en el playoff. Al mando de Luis Casimiro, su plantilla se ha renovado con jugadores como Francis Alonso, Russell y Brankovic.<\/p>\n","protected":false},"excerpt":{"rendered":"El\u00a0Real Madrid\u00a0se enfrenta esta noche al R\u00edo Breog\u00e1n en las semifinales del Torneo EncestaR\u00edas (21:15 h; Realmadrid TV),&hellip;\n","protected":false},"author":2,"featured_media":107148,"comment_status":"","ping_status":"","sticky":false,"template":"","format":"standard","meta":{"footnotes":""},"categories":[269],"tags":[299,298,168,25,24,23,167],"class_list":{"0":"post-125277","1":"post","2":"type-post","3":"status-publish","4":"format-standard","5":"has-post-thumbnail","7":"category-baloncesto","8":"tag-baloncesto","9":"tag-basketball","10":"tag-deportes","11":"tag-es","12":"tag-espana","13":"tag-spain","14":"tag-sports"},"share_on_mastodon":{"url":"","error":""},"_links":{"self":[{"href":"https:\/\/www.europesays.com\/es\/wp-json\/wp\/v2\/posts\/125277","targetHints":{"allow":["GET"]}}],"collection":[{"href":"https:\/\/www.europesays.com\/es\/wp-json\/wp\/v2\/posts"}],"about":[{"href":"https:\/\/www.europesays.com\/es\/wp-json\/wp\/v2\/types\/post"}],"author":[{"embeddable":true,"href":"https:\/\/www.europesays.com\/es\/wp-json\/wp\/v2\/users\/2"}],"replies":[{"embeddable":true,"href":"https:\/\/www.europesays.com\/es\/wp-json\/wp\/v2\/comments?post=125277"}],"version-history":[{"count":0,"href":"https:\/\/www.europesays.com\/es\/wp-json\/wp\/v2\/posts\/125277\/revisions"}],"wp:featuredmedia":[{"embeddable":true,"href":"https:\/\/www.europesays.com\/es\/wp-json\/wp\/v2\/media\/107148"}],"wp:attachment":[{"href":"https:\/\/www.europesays.com\/es\/wp-json\/wp\/v2\/media?parent=125277"}],"wp:term":[{"taxonomy":"category","embeddable":true,"href":"https:\/\/www.europesays.com\/es\/wp-json\/wp\/v2\/categories?post=125277"},{"taxonomy":"post_tag","embeddable":true,"href":"https:\/\/www.europesays.com\/es\/wp-json\/wp\/v2\/tags?post=125277"}],"curies":[{"name":"wp","href":"https:\/\/api.w.org\/{rel}","templated":true}]}}