{"id":125282,"date":"2025-09-19T13:39:10","date_gmt":"2025-09-19T13:39:10","guid":{"rendered":"https:\/\/www.europesays.com\/es\/125282\/"},"modified":"2025-09-19T13:39:10","modified_gmt":"2025-09-19T13:39:10","slug":"hogar-para-la-coleccion-de-arte-contemporaneo-de-juan-entrecanales","status":"publish","type":"post","link":"https:\/\/www.europesays.com\/es\/125282\/","title":{"rendered":"\u00bfHogar para la colecci\u00f3n de arte contempor\u00e1neo de Juan Entrecanales?"},"content":{"rendered":"<p class=\"voc-p\" style=\"\">La salida de la Colecci\u00f3n Roberto Polo de Castilla-La Mancha deja un vac\u00edo cultural, al menos en Toledo, no as\u00ed en Cuenca dada su relaci\u00f3n y apuesta hist\u00f3rica por el arte contempor\u00e1neo, que sin embargo podr\u00eda convertirse en una oportunidad. El espacio del antiguo Convento de Santa Fe, que hasta ahora albergaba parte de la colecci\u00f3n Polo, se perfila como el escenario id\u00f3neo para dar cabida a <strong>otra de las grandes colecciones privadas de arte contempor\u00e1ne<\/strong>o: la de Juan Entrecanales de Azc\u00e1rate, conocida como la colecci\u00f3n HEF.<\/p>\n<p class=\"voc-p\" style=\"\">Empresario vinculado hist\u00f3ricamente al sector de la construcci\u00f3n y figura clave en los or\u00edgenes de Acciona -compa\u00f1\u00eda hoy presidida por su sobrino Jos\u00e9 Manuel Entrecanales Domecq-, <a href=\"https:\/\/www.abc.es\/espana\/castilla-la-mancha\/toledo\/coleccion-hef-elige-toledo-mostrar-primera-vez-20250205201713-nt.html\" target=\"_self\" data-voc-vtm-id=\"in-text-traffic\" title=\"Juan Entrecanales de Azc\u00e1rate ha reunido a lo largo de d\u00e9cadas un acervo art\u00edstico de gran valor\" data-mrf-link=\"www.abc.es\" rel=\"nofollow noopener\">Juan Entrecanales de Azc\u00e1rate ha reunido a lo largo de d\u00e9cadas un acervo art\u00edstico de gran valor<\/a>. En \u00e9l figuran piezas -pintura y escultura- de artistas espa\u00f1oles e internacionales que han marcado el rumbo del arte de vanguardia de finales del siglo XIX y contempor\u00e1neo durante el siglo XX, adem\u00e1s de contar con artistas actuales, y que sit\u00faan a esta colecci\u00f3n en <strong>una posici\u00f3n relevante dentro del panorama art\u00edstico europeo<\/strong>.<\/p>\n<p class=\"voc-p\" style=\"\">Diferentes expertos consultados por ABC y vinculados al \u00e1mbito cultural y muse\u00edstico de la regi\u00f3n, apuntan en esta l\u00ednea, fraguada meses atr\u00e1s cuando el presidente de Castilla-La Mancha, <strong>Emiliano Garc\u00eda-Page, tuvo la oportunidad de conocer en el Centro Cultural San Marcos de Toledo parte de la colecci\u00f3n<\/strong> con el t\u00edtulo &#8216;Miradas fragmentadas. Artistas espa\u00f1oles del siglo XXI&#8217; por la que pasaron en cuatro meses m\u00e1s de 7.500 visitantes. La muestra cont\u00f3 entonces con Diana Jusdado, arquitecta y muse\u00f3grafa, responsable de dise\u00f1o en Acciona Living &amp; Culture, como responsable del discurso que persegu\u00eda un objetivo: \u00abGenerar conexiones entre generaciones de artistas, explorando influencias, t\u00e9cnicas y visiones que enriquecen el panorama art\u00edstico actual\u00bb.<\/p>\n<p><img decoding=\"async\" loading=\"lazy\" src=\"https:\/\/www.europesays.com\/es\/wp-content\/uploads\/2025\/09\/54490173087_381dc63dde_o-U41703186783EEE-760x427@diario_abc.jpg\" class=\"voc-img\" width=\"760\" height=\"427\" alt=\"Page y Entrecanales recorren la exposici\u00f3n 'Miradas fragmentadas. Artistas espa\u00f1oles del siglo XXI'\" data-voc-vtm-id=\"in-text-traffic\"\/><\/p>\n<p>Page y Entrecanales recorren la exposici\u00f3n &#8216;Miradas fragmentadas. Artistas espa\u00f1oles del siglo XXI&#8217;<\/p>\n<p>ABC<\/p>\n<p class=\"voc-p\" style=\"\">En la visita del presidente auton\u00f3mico del pasado 2 de mayo, adem\u00e1s del coleccionista, tambi\u00e9n particip\u00f3 la viceconsejera de Educaci\u00f3n, Cultura y Deportes, Carmen Teresa Olmedo, y la portavoz del Gobierno regional, Esther Padilla, as\u00ed como <strong>el empresario y exalcalde, Juan Ignacio de Mesa<\/strong>.<\/p>\n<p class=\"voc-p\" style=\"\">Puede que Page ya conociera parte de la Colecci\u00f3n HEF dada su proximidad a la capital regional, ya que <strong>se conserva y expone en instalaciones privadas a apenas unos kil\u00f3metros del que puede ser su espacio definitivo<\/strong>, el antiguo convento de Santa Fe. Esta cercan\u00eda, adem\u00e1s, facilitar\u00eda la log\u00edstica y har\u00eda posible que Toledo pudiera disponer de un fondo expositivo de proyecci\u00f3n internacional <strong>sin depender de acuerdos lejanos ni costosas operaciones de traslado<\/strong>, como la que tiene que sufragar la Junta para el traslado de las obras de Roberto Polo a la ciudad o ciudades que el coleccionista decida.<\/p>\n<p>\nLa obra de Alberto S\u00e1nchez\n<\/p>\n<p class=\"voc-p\" style=\"\">La opci\u00f3n de acoger la colecci\u00f3n de Juan Entrecanales de Azc\u00e1rate <strong>suena con fuerza en c\u00edrculos culturales<\/strong> como la soluci\u00f3n perfecta para dar continuidad a la apuesta de la Junta de Comunidades por el arte contempor\u00e1neo en Toledo. Adem\u00e1s, estas piezas pueden convivir con la exposici\u00f3n permanente de Alberto S\u00e1nchez (Toledo, 1895 &#8211; Mosc\u00fa, 1962) que se inauguraba en Santa Fe en febrero de 2023 con obras procedentes de los fondos del <strong>extinto Museo de Arte Contempor\u00e1neo<\/strong> de la Casa de las Cadenas de la capital regional, un espacio que permaneci\u00f3 abierto de 1975 a 2001.<\/p>\n<p class=\"voc-p\" style=\"\">Aunque por el momento no existe confirmaci\u00f3n oficial, tan solo conversaciones y negociaciones entre el Gobierno auton\u00f3mico a trav\u00e9s de la Consejer\u00eda de Educaci\u00f3n, Cultura y Deportes que dirige Amador Pastor, todo apunta a que <strong>ser\u00e1 Page el que anuncie esta decisi\u00f3n en los pr\u00f3ximos d\u00edas<\/strong> en el contexto de un desayuno informativo.<\/p>\n<p class=\"voc-p\" style=\"\">Otra l\u00ednea para dotar de contenido a Santa Fe, una vez descartada por el Ejecutivo auton\u00f3mico la ampliaci\u00f3n del Museo de Santa Cruz para exponer fondos tan importantes como los arqueol\u00f3gicos, apunta a Rafael Canogar (Toledo, 1935), una idea que se desvanece al contar ya en <a href=\"https:\/\/www.abc.es\/espana\/castilla-la-mancha\/toledo\/toledo-salda-deuda-rafael-canogar-espacio-artista-20240223142220-nt.html\" target=\"_self\" data-voc-vtm-id=\"in-text-traffic\" title=\"la Real Fundaci\u00f3n y Museo Victorio Macho\" data-mrf-link=\"www.abc.es\" rel=\"nofollow noopener\">la Real Fundaci\u00f3n y Museo Victorio Macho<\/a> con un espacio espec\u00edfico para su obra.<\/p>\n<p>Reportar un error<\/p>\n","protected":false},"excerpt":{"rendered":"La salida de la Colecci\u00f3n Roberto Polo de Castilla-La Mancha deja un vac\u00edo cultural, al menos en Toledo,&hellip;\n","protected":false},"author":2,"featured_media":125283,"comment_status":"","ping_status":"","sticky":false,"template":"","format":"standard","meta":{"footnotes":""},"categories":[173],"tags":[10605,229,233,231,230,232,234,146,147,25,24,23],"class_list":{"0":"post-125282","1":"post","2":"type-post","3":"status-publish","4":"format-standard","5":"has-post-thumbnail","7":"category-arte-y-diseno","8":"tag-a","9":"tag-arte","10":"tag-arte-y-diseno","11":"tag-arts","12":"tag-arts-and-design","13":"tag-design","14":"tag-diseno","15":"tag-entertainment","16":"tag-entretenimiento","17":"tag-es","18":"tag-espana","19":"tag-spain"},"share_on_mastodon":{"url":"","error":""},"_links":{"self":[{"href":"https:\/\/www.europesays.com\/es\/wp-json\/wp\/v2\/posts\/125282","targetHints":{"allow":["GET"]}}],"collection":[{"href":"https:\/\/www.europesays.com\/es\/wp-json\/wp\/v2\/posts"}],"about":[{"href":"https:\/\/www.europesays.com\/es\/wp-json\/wp\/v2\/types\/post"}],"author":[{"embeddable":true,"href":"https:\/\/www.europesays.com\/es\/wp-json\/wp\/v2\/users\/2"}],"replies":[{"embeddable":true,"href":"https:\/\/www.europesays.com\/es\/wp-json\/wp\/v2\/comments?post=125282"}],"version-history":[{"count":0,"href":"https:\/\/www.europesays.com\/es\/wp-json\/wp\/v2\/posts\/125282\/revisions"}],"wp:featuredmedia":[{"embeddable":true,"href":"https:\/\/www.europesays.com\/es\/wp-json\/wp\/v2\/media\/125283"}],"wp:attachment":[{"href":"https:\/\/www.europesays.com\/es\/wp-json\/wp\/v2\/media?parent=125282"}],"wp:term":[{"taxonomy":"category","embeddable":true,"href":"https:\/\/www.europesays.com\/es\/wp-json\/wp\/v2\/categories?post=125282"},{"taxonomy":"post_tag","embeddable":true,"href":"https:\/\/www.europesays.com\/es\/wp-json\/wp\/v2\/tags?post=125282"}],"curies":[{"name":"wp","href":"https:\/\/api.w.org\/{rel}","templated":true}]}}