{"id":125284,"date":"2025-09-19T13:40:06","date_gmt":"2025-09-19T13:40:06","guid":{"rendered":"https:\/\/www.europesays.com\/es\/125284\/"},"modified":"2025-09-19T13:40:06","modified_gmt":"2025-09-19T13:40:06","slug":"los-talibanes-prohiben-los-libros-escritos-por-mujeres-en-las-universidades-en-afganistan-internacional","status":"publish","type":"post","link":"https:\/\/www.europesays.com\/es\/125284\/","title":{"rendered":"Los talibanes proh\u00edben los libros escritos por mujeres en las universidades en Afganist\u00e1n | Internacional"},"content":{"rendered":"<p class=\"\">Libros escritos por mujeres, clases sobre derechos humanos, y ense\u00f1anza sobre el acoso sexual. Estos son los tres elementos del sistema educativo afgano que, a partir de este mi\u00e9rcoles, han quedado prohibidos por el r\u00e9gimen talib\u00e1n, <a href=\"https:\/\/www.bbc.com\/news\/articles\/c0kn7yyzrjgo\" target=\"_self\" rel=\"nofollow noopener\" title=\"https:\/\/www.bbc.com\/news\/articles\/c0kn7yyzrjgo\">seg\u00fan ha adelantado la BBC<\/a>. Las universidades tambi\u00e9n han recibido una orden para acabar con la ense\u00f1anza de otras 18 asignaturas, de las cuales seis tratan especialmente de mujeres, por considerarlas \u201cen conflicto con los principios de la shar\u00eda y la <a href=\"https:\/\/elpais.com\/noticias\/guerrilla-taliban\/\" target=\"_self\" rel=\"nofollow noopener\" title=\"https:\/\/elpais.com\/noticias\/guerrilla-taliban\/\">pol\u00edtica del sistema<\/a>\u201c, seg\u00fan ha se\u00f1alado un funcionario talib\u00e1n. <\/p>\n<p class=\"\">Unos 680 libros han sido designados como \u201cpreocupantes\u201d por este mismo motivo, de los cuales 140 est\u00e1n escritos por mujeres, incluidos t\u00edtulos como Safety in the Chemical Laboratory (Seguridad en el Laboratorio Qu\u00edmico). La medida llega en una semana ya marcada por las \u00f3rdenes de Haibatul\u00e1 Ajundzad\u00e1, <a href=\"https:\/\/elpais.com\/internacional\/2025-07-08\/el-tribunal-penal-internacional-dicta-ordenes-de-detencion-contra-el-lider-de-los-talibanes-y-el-presidente-del-supremo-de-afganistan.html\" target=\"_self\" rel=\"nofollow noopener\" title=\"https:\/\/elpais.com\/internacional\/2025-07-08\/el-tribunal-penal-internacional-dicta-ordenes-de-detencion-contra-el-lider-de-los-talibanes-y-el-presidente-del-supremo-de-afganistan.html\">l\u00edder de los talibanes<\/a> para prohibir la fibra \u00f3ptica e internet en al menos 10 provincias, en lo que califica como un intento para prevenir la inmoralidad.<\/p>\n<p class=\"\">Si bien las restricciones afectan a la casi totalidad de la poblaci\u00f3n, las <a href=\"https:\/\/elpais.com\/planeta-futuro\/2024-12-25\/las-normas-de-los-talibanes-minan-la-salud-mental-de-las-afganas-por-la-noche-me-derrumbo-en-mi-alfombra-de-oracion-todos-los-dias-la-policia-de-la-moral-me-insulta.html\" target=\"_self\" rel=\"nofollow noopener\" title=\"https:\/\/elpais.com\/planeta-futuro\/2024-12-25\/las-normas-de-los-talibanes-minan-la-salud-mental-de-las-afganas-por-la-noche-me-derrumbo-en-mi-alfombra-de-oracion-todos-los-dias-la-policia-de-la-moral-me-insulta.html\">mujeres y ni\u00f1as<\/a> ha sido las m\u00e1s afectadas. El acceso a la educaci\u00f3n m\u00e1s all\u00e1 del sexto a\u00f1o de primaria les est\u00e1 prohibido, e incluso perdieron la posibilidad de formarse como matronas, en 2024.<\/p>\n<p class=\"\">El Gobierno talib\u00e1n ha defendido la medida, y afirm\u00f3 a la cadena brit\u00e1nica que respeta los <a href=\"https:\/\/elpais.com\/eps\/2025-01-12\/afganistan-el-infierno-de-las-mujeres.html\" target=\"_self\" rel=\"nofollow noopener\" title=\"https:\/\/elpais.com\/eps\/2025-01-12\/afganistan-el-infierno-de-las-mujeres.html\">derechos de la mujer<\/a>, siempre y cuando encajen con su interpretaci\u00f3n de la cultura afgana y la ley isl\u00e1mica.<\/p>\n<p class=\"\">Para la exviceministra de Justicia Zakia Adeli, autora de algunos de los libros afectados, \u201cteniendo en cuenta la mentalidad y pol\u00edticas mis\u00f3ginas de los talibanes, era de esperar que cuando a las mujeres no les est\u00e1 permitido estudiar, sus visiones, ideas y escritos est\u00e9n igualmente suprimidos\u201d.<\/p>\n<p class=\"\">La BBC revela que estas nuevas prohibiciones se aprobaron a <a href=\"https:\/\/elpais.com\/planeta-futuro\/2025-08-15\/las-mujeres-en-afganistan-desafian-a-los-talibanes-con-clubes-de-lectura-secretos-en-whatsapp-y-telegram.html\" target=\"_self\" rel=\"nofollow noopener\" title=\"https:\/\/elpais.com\/planeta-futuro\/2025-08-15\/las-mujeres-en-afganistan-desafian-a-los-talibanes-con-clubes-de-lectura-secretos-en-whatsapp-y-telegram.html\">finales de agosto<\/a>. Este mismo medio se\u00f1ala que, en una carta a las universidades, el vicedirector acad\u00e9mico del Ministerio de Educaci\u00f3n Superior del Gobierno talib\u00e1n, Ziaur Rahman Aryubi, asegur\u00f3 que la decisi\u00f3n la tom\u00f3 un panel de \u201cacad\u00e9micos y expertos religiosos\u201d. <\/p>\n","protected":false},"excerpt":{"rendered":"Libros escritos por mujeres, clases sobre derechos humanos, y ense\u00f1anza sobre el acoso sexual. Estos son los tres&hellip;\n","protected":false},"author":2,"featured_media":125285,"comment_status":"","ping_status":"","sticky":false,"template":"","format":"standard","meta":{"footnotes":""},"categories":[172],"tags":[10051,27973,224,5282,2026,146,147,25,24,34625,3137,225,4044,492,23,2845],"class_list":{"0":"post-125284","1":"post","2":"type-post","3":"status-publish","4":"format-standard","5":"has-post-thumbnail","7":"category-libros","8":"tag-afganistan","9":"tag-bbc","10":"tag-books","11":"tag-derechos-humanos","12":"tag-educacion","13":"tag-entertainment","14":"tag-entretenimiento","15":"tag-es","16":"tag-espana","17":"tag-guerrilla-taliban","18":"tag-iran","19":"tag-libros","20":"tag-mujeres","21":"tag-sociedad","22":"tag-spain","23":"tag-universidad"},"share_on_mastodon":{"url":"","error":""},"_links":{"self":[{"href":"https:\/\/www.europesays.com\/es\/wp-json\/wp\/v2\/posts\/125284","targetHints":{"allow":["GET"]}}],"collection":[{"href":"https:\/\/www.europesays.com\/es\/wp-json\/wp\/v2\/posts"}],"about":[{"href":"https:\/\/www.europesays.com\/es\/wp-json\/wp\/v2\/types\/post"}],"author":[{"embeddable":true,"href":"https:\/\/www.europesays.com\/es\/wp-json\/wp\/v2\/users\/2"}],"replies":[{"embeddable":true,"href":"https:\/\/www.europesays.com\/es\/wp-json\/wp\/v2\/comments?post=125284"}],"version-history":[{"count":0,"href":"https:\/\/www.europesays.com\/es\/wp-json\/wp\/v2\/posts\/125284\/revisions"}],"wp:featuredmedia":[{"embeddable":true,"href":"https:\/\/www.europesays.com\/es\/wp-json\/wp\/v2\/media\/125285"}],"wp:attachment":[{"href":"https:\/\/www.europesays.com\/es\/wp-json\/wp\/v2\/media?parent=125284"}],"wp:term":[{"taxonomy":"category","embeddable":true,"href":"https:\/\/www.europesays.com\/es\/wp-json\/wp\/v2\/categories?post=125284"},{"taxonomy":"post_tag","embeddable":true,"href":"https:\/\/www.europesays.com\/es\/wp-json\/wp\/v2\/tags?post=125284"}],"curies":[{"name":"wp","href":"https:\/\/api.w.org\/{rel}","templated":true}]}}